{"id":1040,"date":"2018-06-12T08:29:37","date_gmt":"2018-06-12T06:29:37","guid":{"rendered":"https:\/\/av.arbeaumont.eu\/?p=1040"},"modified":"2018-06-12T08:29:37","modified_gmt":"2018-06-12T06:29:37","slug":"jerome-tassier-la-notion-dhumanitude-ma-marque","status":"publish","type":"post","link":"https:\/\/av.arbeaumont.eu\/index.php\/2018\/06\/12\/jerome-tassier-la-notion-dhumanitude-ma-marque\/","title":{"rendered":"J\u00e9r\u00f4me Tassier : la notion \u00ab\u00a0d&rsquo;humanitude\u00a0\u00bb m&rsquo;a marqu\u00e9"},"content":{"rendered":"<p><span class=\"embed-youtube\" style=\"text-align:center; display: block;\"><iframe loading=\"lazy\" class=\"youtube-player\" width=\"696\" height=\"392\" src=\"https:\/\/www.youtube.com\/embed\/V8KDZIGYEho?version=3&#038;rel=1&#038;showsearch=0&#038;showinfo=1&#038;iv_load_policy=1&#038;fs=1&#038;hl=fr-FR&#038;autohide=2&#038;wmode=transparent\" allowfullscreen=\"true\" style=\"border:0;\" sandbox=\"allow-scripts allow-same-origin allow-popups allow-presentation\"><\/iframe><\/span><\/p>\n","protected":false},"excerpt":{"rendered":"","protected":false},"author":1,"featured_media":1041,"comment_status":"open","ping_status":"closed","sticky":false,"template":"","format":"standard","meta":{"jetpack_post_was_ever_published":false,"footnotes":""},"categories":[21],"tags":[],"class_list":{"0":"post-1040","1":"post","2":"type-post","3":"status-publish","4":"format-standard","5":"has-post-thumbnail","7":"category-temoignages-des-anciens"},"jetpack_featured_media_url":"https:\/\/av.arbeaumont.eu\/wp-content\/uploads\/2018\/06\/Capture-d\u2019\u00e9cran-2018-06-12-\u00e0-08.28.18.png","jetpack_sharing_enabled":true,"jetpack_shortlink":"https:\/\/wp.me\/p8Dhaa-gM","jetpack_likes_enabled":true,"jetpack-related-posts":[{"id":3029,"url":"https:\/\/av.arbeaumont.eu\/index.php\/2024\/03\/24\/temoignages-videos-des-anciens\/","url_meta":{"origin":1040,"position":0},"title":"T\u00e9moignages vid\u00e9os des anciens","date":"24 mars 2024","format":"video","excerpt":"Nos anciens \u00e9l\u00e8ves sont encore pour la plupart aux \u00e9tudes ou entament actuellement leur vie professionnelle. Envie de savoir ce qu'ils deviennent. Voici quelques-uns de leurs t\u00e9moignages. Adrien, sorti en 2021 https:\/\/youtu.be\/_8PagVRpxbY B\u00e9ryl, sortie en 2019 https:\/\/youtu.be\/sa0PKPnXPNo Nathan Tassin, sorti en 2021 https:\/\/youtu.be\/fWhNtVR4pFA Guillaume Richard, sorti en 2021 https:\/\/youtu.be\/E4z4Ty1qxbM Eva\u2026","rel":"","context":"Dans &quot;T\u00e9moignages des anciens&quot;","img":{"alt_text":"","src":"https:\/\/i0.wp.com\/av.arbeaumont.eu\/wp-content\/uploads\/2017\/12\/Jogging-2017-14.jpg?resize=350%2C200&ssl=1","width":350,"height":200},"classes":[]},{"id":1170,"url":"https:\/\/av.arbeaumont.eu\/index.php\/2019\/04\/08\/temoignage-des-anciens\/","url_meta":{"origin":1040,"position":1},"title":"Pascal Villi\u00e8re, t\u00e9moignage des anciens","date":"8 avril 2019","format":false,"excerpt":"Pascal Villi\u00e8re https:\/\/youtu.be\/jAxxg2WCFTQ \u00a0","rel":"","context":"Dans &quot;T\u00e9moignages des anciens&quot;","img":{"alt_text":"","src":"https:\/\/i0.wp.com\/av.arbeaumont.eu\/wp-content\/uploads\/2019\/04\/Capture-d\u2019\u00e9cran-2019-04-08-\u00e0-21.55.11.png?resize=350%2C200&ssl=1","width":350,"height":200},"classes":[]},{"id":824,"url":"https:\/\/av.arbeaumont.eu\/index.php\/2018\/06\/11\/anne-vinet-infirmiere\/","url_meta":{"origin":1040,"position":2},"title":"T\u00e9moignage des anciens","date":"11 juin 2018","format":"video","excerpt":"Anne Vinet, infirmi\u00e8re https:\/\/youtu.be\/fWCRjr5FoJw","rel":"","context":"Dans &quot;T\u00e9moignages des anciens&quot;","img":{"alt_text":"","src":"https:\/\/i0.wp.com\/av.arbeaumont.eu\/wp-content\/uploads\/2018\/06\/Capture-d\u2019\u00e9cran-2018-06-11-\u00e0-19.32.11.png?resize=350%2C200&ssl=1","width":350,"height":200},"classes":[]},{"id":2384,"url":"https:\/\/av.arbeaumont.eu\/index.php\/2021\/04\/05\/temoignages-danciens-eleves-daudiovisuel\/","url_meta":{"origin":1040,"position":3},"title":"T\u00e9moignages d&rsquo;anciens \u00e9l\u00e8ves d&rsquo;audiovisuel","date":"5 avril 2021","format":false,"excerpt":"Eva G\u00e9rard Bac 2 Infirmi\u00e8re Haute \u00e9cole Galil\u00e9e \u00e0 Bruxelles Je suis arriv\u00e9e dans l\u2019option d\u00e8s ma troisi\u00e8me, je suis un peu la mamy de la bande. J\u2019ai choisi cette option car rien ne m\u2019inspirait et aujourd'hui, je suis persuad\u00e9e que cette d\u00e9cision \u00e9tait la meilleure que je pouvais prendre.\u2026","rel":"","context":"Dans &quot;Pr\u00e9sentation de l'option&quot;","img":{"alt_text":"","src":"https:\/\/i0.wp.com\/av.arbeaumont.eu\/wp-content\/uploads\/2021\/04\/Photo-6TTR.jpg?resize=350%2C200&ssl=1","width":350,"height":200},"classes":[]},{"id":2626,"url":"https:\/\/av.arbeaumont.eu\/index.php\/2022\/01\/08\/bibliotheques-humaines-3\/","url_meta":{"origin":1040,"position":4},"title":"Dominique, passeuse de m\u00e9moire","date":"8 janvier 2022","format":false,"excerpt":"Cinq ann\u00e9es ont \u00e9t\u00e9 n\u00e9cessaires \u00e0 Dominique pour RETROUVER les traces qui lui ont permis d'\u00e9crire \"Ma grand-m\u00e8re, cette jeune polonaise morte \u00e0 Auschwitz\" (2016). La maman de Dominique a \u00e9t\u00e9 recueillie par un couple qui la prot\u00e9gera des nazis. A l\u2019adolescence on lui dit : \u00ab ta m\u00e8re ne\u2026","rel":"","context":"Dans &quot;Biblioth\u00e8ques humaines&quot;","img":{"alt_text":"","src":"https:\/\/i0.wp.com\/av.arbeaumont.eu\/wp-content\/uploads\/2022\/01\/Dominique-2.jpg?resize=350%2C200&ssl=1","width":350,"height":200},"classes":[]},{"id":3097,"url":"https:\/\/av.arbeaumont.eu\/index.php\/2024\/03\/24\/commemorations-des-2-guerres-a-boussu\/","url_meta":{"origin":1040,"position":5},"title":"Comm\u00e9morations des 2 guerres \u00e0 Boussu","date":"24 mars 2024","format":false,"excerpt":"Durant 3 jours en septembre 2023, les \u00e9l\u00e8ves de rh\u00e9tos ont photographi\u00e9 et film\u00e9 les comm\u00e9morations des 2 guerres mondiales organis\u00e9es par le comit\u00e9 de m\u00e9moire de Froidchapelle. Sous un soleil de plomb, ils ont d\u00e9couvert la vie durant la guerre, les \u00e9quipements, les armes, les r\u00e9seaux de r\u00e9sistance et\u2026","rel":"","context":"Dans &quot;Photos&quot;","img":{"alt_text":"","src":"https:\/\/i0.wp.com\/av.arbeaumont.eu\/wp-content\/uploads\/2024\/03\/sans-titre-0210.jpg?resize=350%2C200&ssl=1","width":350,"height":200},"classes":[]}],"amp_enabled":true,"_links":{"self":[{"href":"https:\/\/av.arbeaumont.eu\/index.php\/wp-json\/wp\/v2\/posts\/1040","targetHints":{"allow":["GET"]}}],"collection":[{"href":"https:\/\/av.arbeaumont.eu\/index.php\/wp-json\/wp\/v2\/posts"}],"about":[{"href":"https:\/\/av.arbeaumont.eu\/index.php\/wp-json\/wp\/v2\/types\/post"}],"author":[{"embeddable":true,"href":"https:\/\/av.arbeaumont.eu\/index.php\/wp-json\/wp\/v2\/users\/1"}],"replies":[{"embeddable":true,"href":"https:\/\/av.arbeaumont.eu\/index.php\/wp-json\/wp\/v2\/comments?post=1040"}],"version-history":[{"count":1,"href":"https:\/\/av.arbeaumont.eu\/index.php\/wp-json\/wp\/v2\/posts\/1040\/revisions"}],"predecessor-version":[{"id":1042,"href":"https:\/\/av.arbeaumont.eu\/index.php\/wp-json\/wp\/v2\/posts\/1040\/revisions\/1042"}],"wp:featuredmedia":[{"embeddable":true,"href":"https:\/\/av.arbeaumont.eu\/index.php\/wp-json\/wp\/v2\/media\/1041"}],"wp:attachment":[{"href":"https:\/\/av.arbeaumont.eu\/index.php\/wp-json\/wp\/v2\/media?parent=1040"}],"wp:term":[{"taxonomy":"category","embeddable":true,"href":"https:\/\/av.arbeaumont.eu\/index.php\/wp-json\/wp\/v2\/categories?post=1040"},{"taxonomy":"post_tag","embeddable":true,"href":"https:\/\/av.arbeaumont.eu\/index.php\/wp-json\/wp\/v2\/tags?post=1040"}],"curies":[{"name":"wp","href":"https:\/\/api.w.org\/{rel}","templated":true}]}}