{"id":1066,"date":"2018-11-29T23:30:47","date_gmt":"2018-11-29T22:30:47","guid":{"rendered":"https:\/\/av.arbeaumont.eu\/?p=1066"},"modified":"2019-10-30T14:48:05","modified_gmt":"2019-10-30T13:48:05","slug":"lathenee-seveille-du-mois-doctobre","status":"publish","type":"post","link":"https:\/\/av.arbeaumont.eu\/index.php\/2018\/11\/29\/lathenee-seveille-du-mois-doctobre\/","title":{"rendered":"L&rsquo;ath\u00e9n\u00e9e s&rsquo;\u00e9veille du mois d&rsquo;octobre 2018"},"content":{"rendered":"<p>L&rsquo;ath\u00e9n\u00e9e change de nom et devient l&rsquo;ath\u00e9n\u00e9e royal Simone Veil. \u00a0Regardez le magazine pour revivre cette journ\u00e9e de f\u00eate en pr\u00e9sence de la ministre de l&rsquo;enseignement Marie-Martine Schyns. \u00a0D&rsquo;autres infos \u00e9galement avec le Raid Dingue, des ateliers sur les valeurs d\u00e9fendues sur Simone Veil, Tana\u00e9 et le rappeur Badi&#8230;<\/p>\n<p><span class=\"embed-youtube\" style=\"text-align:center; display: block;\"><iframe loading=\"lazy\" class=\"youtube-player\" width=\"696\" height=\"392\" src=\"https:\/\/www.youtube.com\/embed\/so5Iq4A10Cs?version=3&#038;rel=1&#038;showsearch=0&#038;showinfo=1&#038;iv_load_policy=1&#038;fs=1&#038;hl=fr-FR&#038;autohide=2&#038;start=6&#038;wmode=transparent\" allowfullscreen=\"true\" style=\"border:0;\" sandbox=\"allow-scripts allow-same-origin allow-popups allow-presentation\"><\/iframe><\/span><\/p>\n","protected":false},"excerpt":{"rendered":"<p>L&rsquo;ath\u00e9n\u00e9e change de nom et devient l&rsquo;ath\u00e9n\u00e9e royal Simone Veil. \u00a0Regardez le magazine pour revivre cette journ\u00e9e de f\u00eate en pr\u00e9sence de la ministre de l&rsquo;enseignement Marie-Martine Schyns. \u00a0D&rsquo;autres infos \u00e9galement avec le Raid Dingue, des ateliers sur les valeurs d\u00e9fendues sur Simone Veil, Tana\u00e9 et le rappeur Badi&#8230;<\/p>\n","protected":false},"author":1,"featured_media":1067,"comment_status":"open","ping_status":"closed","sticky":false,"template":"","format":"video","meta":{"jetpack_post_was_ever_published":false,"footnotes":""},"categories":[22],"tags":[],"class_list":{"0":"post-1066","1":"post","2":"type-post","3":"status-publish","4":"format-video","5":"has-post-thumbnail","7":"category-les-magazines","8":"post_format-post-format-video"},"jetpack_featured_media_url":"https:\/\/av.arbeaumont.eu\/wp-content\/uploads\/2018\/11\/Capture-d\u2019\u00e9cran-2018-11-29-\u00e0-22.45.53.png","jetpack_sharing_enabled":true,"jetpack_shortlink":"https:\/\/wp.me\/p8Dhaa-hc","jetpack_likes_enabled":true,"jetpack-related-posts":[{"id":2129,"url":"https:\/\/av.arbeaumont.eu\/index.php\/2021\/04\/01\/good-news-fake-news\/","url_meta":{"origin":1066,"position":0},"title":"Good news\/fake news","date":"1 avril 2021","format":false,"excerpt":"En octobre 2020, la situation sanitaire \u00e0 l'ath\u00e9n\u00e9e royal Simone Veil de Beaumont est devenue catastrophique. En cause, un rel\u00e2chement des mesures sanitaires chez les professeurs et les \u00e9l\u00e8ves. Fake news ou good news? Un peu d'analyse critique et vous d\u00e9couvrirez rapidement la v\u00e9rit\u00e9. https:\/\/www.youtube.com\/watch?v=KvNPFSgGqHk","rel":"","context":"Dans &quot;Reportages&quot;","img":{"alt_text":"","src":"https:\/\/i0.wp.com\/av.arbeaumont.eu\/wp-content\/uploads\/2021\/04\/Capture-decran-2021-04-01-a-14.16.05.png?resize=350%2C200&ssl=1","width":350,"height":200},"classes":[]},{"id":705,"url":"https:\/\/av.arbeaumont.eu\/index.php\/2018\/05\/24\/destination-pitchipoi\/","url_meta":{"origin":1066,"position":1},"title":"Destination Pitchipo\u00ef","date":"24 mai 2018","format":false,"excerpt":"Un documentaire poignant sur la d\u00e9portation de Simone Weil \u00e0 Auschwitz Au coeur de la deuxi\u00e8me guerre mondiale, peu de gens savent exactement ce qui se passe \u00e0 Auschwitz.\u00a0Lorsque notre h\u00e9ro\u00efne est arr\u00eat\u00e9e \u00e0 Nice en 44, elle ignore tout du sort et de la destination qui l\u2019attendent. Les Juifs\u2026","rel":"","context":"Dans &quot;Reportages&quot;","img":{"alt_text":"","src":"https:\/\/i0.wp.com\/av.arbeaumont.eu\/wp-content\/uploads\/2018\/05\/Auschwitz-2-4.jpg?resize=350%2C200&ssl=1","width":350,"height":200},"classes":[]},{"id":2996,"url":"https:\/\/av.arbeaumont.eu\/index.php\/2023\/03\/12\/le-jogging-de-lathenee-2022\/","url_meta":{"origin":1066,"position":2},"title":"Le jogging de l&rsquo;ath\u00e9n\u00e9e &#8211; 2022","date":"12 mars 2023","format":false,"excerpt":"Les \u00e9l\u00e8ves de 4TTR ont pass\u00e9 la journ\u00e9e au jogging pour vous faire partager toute l'ambiance de l'\u00e9v\u00e9nement. https:\/\/www.mixcloud.com\/RadioSalamandre\/radio-simone-reporters-du-jogging-de-lath\u00e9n\u00e9e-s-veil\/","rel":"","context":"Dans &quot;En radio&quot;","img":{"alt_text":"","src":"https:\/\/i0.wp.com\/av.arbeaumont.eu\/wp-content\/uploads\/2023\/03\/326301335_915226906326495_8510851342569772730_n.jpg?resize=350%2C200&ssl=1","width":350,"height":200},"classes":[]},{"id":753,"url":"https:\/\/av.arbeaumont.eu\/index.php\/2018\/05\/31\/destination-pitchipoi-2\/","url_meta":{"origin":1066,"position":3},"title":"Auschwitz, destination \u00ab\u00a0Pitchipo\u00ef\u00a0\u00bb","date":"31 mai 2018","format":false,"excerpt":"Au coeur de la deuxi\u00e8me guerre mondiale, peu de gens savent exactement ce qui se passe \u00e0 Auschwitz.\u00a0 Lorsque notre h\u00e9ro\u00efne est arr\u00eat\u00e9e \u00e0 Nice en 1944, elle ignore tout du sort et de la destination qui l\u2019attendent. Les Juifs avaient baptis\u00e9 cet endroit inconnu \u00ab\u00a0Pitchipo\u00ef\u00a0\u00bb.\u00a0 C\u2019est l\u00e0, qu\u2019une dizaine\u2026","rel":"","context":"Dans &quot;Documentaires&quot;","img":{"alt_text":"","src":"https:\/\/i0.wp.com\/av.arbeaumont.eu\/wp-content\/uploads\/2018\/05\/Auschwitz-2-4-1.jpg?resize=350%2C200&ssl=1","width":350,"height":200},"classes":[]},{"id":2175,"url":"https:\/\/av.arbeaumont.eu\/index.php\/2021\/04\/06\/et-si-tu-nous-rejoignais-en-audiovisuel-lan-prochain\/","url_meta":{"origin":1066,"position":4},"title":"Et si tu nous rejoignais en audiovisuel l&rsquo;an prochain?","date":"6 avril 2021","format":false,"excerpt":"La section audiovisuelle de l'ath\u00e9n\u00e9e Simone Veil de Beaumont est unique en son genre, il n'y a que tr\u00e8s peu d'\u00e9coles de la FWB qui proposent l'option. Mais que fait-on en audiovisuel? Est-ce un choix d'avenir? Pour tout savoir, regardez la vid\u00e9o. Et n'h\u00e9sitez pas \u00e0 nous adresser vos questions.\u2026","rel":"","context":"Dans &quot;Pr\u00e9sentation de l'option&quot;","img":{"alt_text":"","src":"https:\/\/i0.wp.com\/av.arbeaumont.eu\/wp-content\/uploads\/2021\/04\/121784974_2002702943194616_3675349363827673019_n.jpg?resize=350%2C200&ssl=1","width":350,"height":200},"classes":[]},{"id":1061,"url":"https:\/\/av.arbeaumont.eu\/index.php\/2018\/10\/21\/le-mag-de-septembre\/","url_meta":{"origin":1066,"position":5},"title":"Le mag de septembre 2018","date":"21 octobre 2018","format":"video","excerpt":"Beaumont, l'ath\u00e9n\u00e9e s'\u00e9VEILle ! D\u00e9couvrez vite notre nouveau magazine d'info. \u00a0Vous saurez tout sur les activit\u00e9s de l'ath\u00e9n\u00e9e durant ce mois de septembre. \u00a0Un magazine r\u00e9alis\u00e9 par les \u00e9l\u00e8ves de 5e et 6e audiovisuel. https:\/\/www.youtube.com\/watch?v=lDyuQIC9OqI \u00a0","rel":"","context":"Dans &quot;Les magazines&quot;","img":{"alt_text":"","src":"https:\/\/i0.wp.com\/av.arbeaumont.eu\/wp-content\/uploads\/2018\/10\/Capture-d\u2019\u00e9cran-2018-10-21-\u00e0-19.51.18.png?resize=350%2C200&ssl=1","width":350,"height":200},"classes":[]}],"amp_enabled":true,"_links":{"self":[{"href":"https:\/\/av.arbeaumont.eu\/index.php\/wp-json\/wp\/v2\/posts\/1066","targetHints":{"allow":["GET"]}}],"collection":[{"href":"https:\/\/av.arbeaumont.eu\/index.php\/wp-json\/wp\/v2\/posts"}],"about":[{"href":"https:\/\/av.arbeaumont.eu\/index.php\/wp-json\/wp\/v2\/types\/post"}],"author":[{"embeddable":true,"href":"https:\/\/av.arbeaumont.eu\/index.php\/wp-json\/wp\/v2\/users\/1"}],"replies":[{"embeddable":true,"href":"https:\/\/av.arbeaumont.eu\/index.php\/wp-json\/wp\/v2\/comments?post=1066"}],"version-history":[{"count":5,"href":"https:\/\/av.arbeaumont.eu\/index.php\/wp-json\/wp\/v2\/posts\/1066\/revisions"}],"predecessor-version":[{"id":1659,"href":"https:\/\/av.arbeaumont.eu\/index.php\/wp-json\/wp\/v2\/posts\/1066\/revisions\/1659"}],"wp:featuredmedia":[{"embeddable":true,"href":"https:\/\/av.arbeaumont.eu\/index.php\/wp-json\/wp\/v2\/media\/1067"}],"wp:attachment":[{"href":"https:\/\/av.arbeaumont.eu\/index.php\/wp-json\/wp\/v2\/media?parent=1066"}],"wp:term":[{"taxonomy":"category","embeddable":true,"href":"https:\/\/av.arbeaumont.eu\/index.php\/wp-json\/wp\/v2\/categories?post=1066"},{"taxonomy":"post_tag","embeddable":true,"href":"https:\/\/av.arbeaumont.eu\/index.php\/wp-json\/wp\/v2\/tags?post=1066"}],"curies":[{"name":"wp","href":"https:\/\/api.w.org\/{rel}","templated":true}]}}