{"id":1087,"date":"2019-02-13T11:04:12","date_gmt":"2019-02-13T10:04:12","guid":{"rendered":"https:\/\/av.arbeaumont.eu\/?p=1087"},"modified":"2021-04-01T15:33:06","modified_gmt":"2021-04-01T13:33:06","slug":"chimay-manifestation-pour-le-climat","status":"publish","type":"post","link":"https:\/\/av.arbeaumont.eu\/index.php\/2019\/02\/13\/chimay-manifestation-pour-le-climat\/","title":{"rendered":"Chimay &#8211; Manifestation de nos TQ pour le climat"},"content":{"rendered":"<p><span class=\"embed-youtube\" style=\"text-align:center; display: block;\"><iframe loading=\"lazy\" class=\"youtube-player\" width=\"696\" height=\"392\" src=\"https:\/\/www.youtube.com\/embed\/9pxJL_QV8rc?version=3&#038;rel=1&#038;showsearch=0&#038;showinfo=1&#038;iv_load_policy=1&#038;fs=1&#038;hl=fr-FR&#038;autohide=2&#038;wmode=transparent\" allowfullscreen=\"true\" style=\"border:0;\" sandbox=\"allow-scripts allow-same-origin allow-popups allow-presentation\"><\/iframe><\/span><\/p>\n","protected":false},"excerpt":{"rendered":"","protected":false},"author":1,"featured_media":1089,"comment_status":"open","ping_status":"closed","sticky":false,"template":"","format":"video","meta":{"jetpack_post_was_ever_published":false,"footnotes":""},"categories":[16],"tags":[],"class_list":{"0":"post-1087","1":"post","2":"type-post","3":"status-publish","4":"format-video","5":"has-post-thumbnail","7":"category-reportages-videos","8":"post_format-post-format-video"},"jetpack_featured_media_url":"https:\/\/av.arbeaumont.eu\/wp-content\/uploads\/2019\/02\/DSC01321.jpg","jetpack_sharing_enabled":true,"jetpack_shortlink":"https:\/\/wp.me\/p8Dhaa-hx","jetpack_likes_enabled":true,"jetpack-related-posts":[{"id":2599,"url":"https:\/\/av.arbeaumont.eu\/index.php\/2022\/01\/08\/action-100-000-entrepreneurs-avec-les-tq-gestion\/","url_meta":{"origin":1087,"position":0},"title":"Action 100.000 entrepreneurs avec les TQ gestion","date":"8 janvier 2022","format":false,"excerpt":"Chaque ann\u00e9e, la Sowalfin donne l'occasion aux \u00e9coles d'inviter des entrepreneurs en classe pour stimuler l'esprit d'entreprendre et donner l'envie de cr\u00e9er, de lancer sa propre soci\u00e9t\u00e9. Les TQ gestion ont d\u00e9couvert une entreprise de cosm\u00e9tique de la r\u00e9gion. Reportage Noah Hautier et Ars\u00e9nia Piot. https:\/\/youtu.be\/bHIqJJkR4jU","rel":"","context":"Dans &quot;Reportages&quot;","img":{"alt_text":"","src":"https:\/\/i0.wp.com\/av.arbeaumont.eu\/wp-content\/uploads\/2022\/01\/Capture-decran-2022-01-08-a-14.32.52.png?resize=350%2C200&ssl=1","width":350,"height":200},"classes":[]},{"id":1116,"url":"https:\/\/av.arbeaumont.eu\/index.php\/2019\/04\/08\/stage-en-gestion-au-garage-preat-motor\/","url_meta":{"origin":1087,"position":1},"title":"Pr\u00e9at Motor accueille nos stagiaires de TQ","date":"8 avril 2019","format":"video","excerpt":"https:\/\/youtu.be\/NPip55eZmQo","rel":"","context":"Dans &quot;Reportages&quot;","img":{"alt_text":"","src":"https:\/\/i0.wp.com\/av.arbeaumont.eu\/wp-content\/uploads\/2019\/04\/Capture-d\u2019\u00e9cran-2019-04-08-\u00e0-18.09.52.png?resize=350%2C200&ssl=1","width":350,"height":200},"classes":[]},{"id":2212,"url":"https:\/\/av.arbeaumont.eu\/index.php\/2021\/04\/02\/un-clip-musical-pour-le-concours-de-la-chanson-en-collaboration-avec-linstitut-sainte-chretienne-de-chimay\/","url_meta":{"origin":1087,"position":2},"title":"Un clip musical pour le concours de la chanson en collaboration avec l&rsquo;Institut Sainte-Chr\u00e9tienne de Chimay","date":"2 avril 2021","format":false,"excerpt":"https:\/\/youtu.be\/6INMushICck","rel":"","context":"Dans &quot;Clips&quot;","img":{"alt_text":"","src":"https:\/\/i0.wp.com\/av.arbeaumont.eu\/wp-content\/uploads\/2021\/04\/Capture-decran-2021-04-02-a-12.34.35.png?resize=350%2C200&ssl=1","width":350,"height":200},"classes":[]},{"id":2191,"url":"https:\/\/av.arbeaumont.eu\/index.php\/2019\/01\/01\/les-tq-participent-a-la-journee-des-entrepreneurs\/","url_meta":{"origin":1087,"position":3},"title":"Les TQ participent \u00e0 la journ\u00e9e des entrepreneurs","date":"1 janvier 2019","format":false,"excerpt":"Th\u00e9o Lorette et Meysson Thibaux https:\/\/youtu.be\/Gn_r947-5uo","rel":"","context":"Dans &quot;Reportages&quot;","img":{"alt_text":"","src":"https:\/\/i0.wp.com\/av.arbeaumont.eu\/wp-content\/uploads\/2021\/04\/Capture-decran-2021-04-01-a-21.19.47.png?resize=350%2C200&ssl=1","width":350,"height":200},"classes":[]},{"id":1110,"url":"https:\/\/av.arbeaumont.eu\/index.php\/2019\/04\/08\/stage-en-gestion-au-centre-arthur-regniers\/","url_meta":{"origin":1087,"position":4},"title":"Stage des TQ en gestion au centre Arthur Regniers","date":"8 avril 2019","format":"video","excerpt":"https:\/\/youtu.be\/wcrU1JdAr54","rel":"","context":"Dans &quot;Reportages&quot;","img":{"alt_text":"","src":"https:\/\/i0.wp.com\/av.arbeaumont.eu\/wp-content\/uploads\/2019\/04\/Capture-d\u2019\u00e9cran-2019-04-08-\u00e0-18.00.14.png?resize=350%2C200&ssl=1","width":350,"height":200},"classes":[]},{"id":2184,"url":"https:\/\/av.arbeaumont.eu\/index.php\/2018\/12\/01\/nos-reportages-du-jogging-edition-2018\/","url_meta":{"origin":1087,"position":5},"title":"Nos reportages du jogging, \u00e9dition 2018","date":"1 d\u00e9cembre 2018","format":false,"excerpt":"https:\/\/youtu.be\/_UYyvJ7UYsU https:\/\/youtu.be\/jFqyLVJarAM","rel":"","context":"Dans &quot;Reportages&quot;","img":{"alt_text":"","src":"https:\/\/i0.wp.com\/av.arbeaumont.eu\/wp-content\/uploads\/2021\/04\/Capture-decran-2021-04-01-a-20.49.21.png?resize=350%2C200&ssl=1","width":350,"height":200},"classes":[]}],"amp_enabled":true,"_links":{"self":[{"href":"https:\/\/av.arbeaumont.eu\/index.php\/wp-json\/wp\/v2\/posts\/1087","targetHints":{"allow":["GET"]}}],"collection":[{"href":"https:\/\/av.arbeaumont.eu\/index.php\/wp-json\/wp\/v2\/posts"}],"about":[{"href":"https:\/\/av.arbeaumont.eu\/index.php\/wp-json\/wp\/v2\/types\/post"}],"author":[{"embeddable":true,"href":"https:\/\/av.arbeaumont.eu\/index.php\/wp-json\/wp\/v2\/users\/1"}],"replies":[{"embeddable":true,"href":"https:\/\/av.arbeaumont.eu\/index.php\/wp-json\/wp\/v2\/comments?post=1087"}],"version-history":[{"count":6,"href":"https:\/\/av.arbeaumont.eu\/index.php\/wp-json\/wp\/v2\/posts\/1087\/revisions"}],"predecessor-version":[{"id":2139,"href":"https:\/\/av.arbeaumont.eu\/index.php\/wp-json\/wp\/v2\/posts\/1087\/revisions\/2139"}],"wp:featuredmedia":[{"embeddable":true,"href":"https:\/\/av.arbeaumont.eu\/index.php\/wp-json\/wp\/v2\/media\/1089"}],"wp:attachment":[{"href":"https:\/\/av.arbeaumont.eu\/index.php\/wp-json\/wp\/v2\/media?parent=1087"}],"wp:term":[{"taxonomy":"category","embeddable":true,"href":"https:\/\/av.arbeaumont.eu\/index.php\/wp-json\/wp\/v2\/categories?post=1087"},{"taxonomy":"post_tag","embeddable":true,"href":"https:\/\/av.arbeaumont.eu\/index.php\/wp-json\/wp\/v2\/tags?post=1087"}],"curies":[{"name":"wp","href":"https:\/\/api.w.org\/{rel}","templated":true}]}}