{"id":1096,"date":"2019-04-08T17:36:58","date_gmt":"2019-04-08T15:36:58","guid":{"rendered":"https:\/\/av.arbeaumont.eu\/?p=1096"},"modified":"2019-04-08T17:40:07","modified_gmt":"2019-04-08T15:40:07","slug":"loption-histoire-au-musee-de-la-photo","status":"publish","type":"post","link":"https:\/\/av.arbeaumont.eu\/index.php\/2019\/04\/08\/loption-histoire-au-musee-de-la-photo\/","title":{"rendered":"L&rsquo;option histoire au mus\u00e9e de la photo"},"content":{"rendered":"<p><span class=\"embed-youtube\" style=\"text-align:center; display: block;\"><iframe loading=\"lazy\" class=\"youtube-player\" width=\"696\" height=\"392\" src=\"https:\/\/www.youtube.com\/embed\/jUxKQOKzlbw?version=3&#038;rel=1&#038;showsearch=0&#038;showinfo=1&#038;iv_load_policy=1&#038;fs=1&#038;hl=fr-FR&#038;autohide=2&#038;wmode=transparent\" allowfullscreen=\"true\" style=\"border:0;\" sandbox=\"allow-scripts allow-same-origin allow-popups allow-presentation\"><\/iframe><\/span><\/p>\n","protected":false},"excerpt":{"rendered":"","protected":false},"author":1,"featured_media":1098,"comment_status":"open","ping_status":"closed","sticky":false,"template":"","format":"video","meta":{"jetpack_post_was_ever_published":false,"footnotes":""},"categories":[16],"tags":[],"class_list":{"0":"post-1096","1":"post","2":"type-post","3":"status-publish","4":"format-video","5":"has-post-thumbnail","7":"category-reportages-videos","8":"post_format-post-format-video"},"jetpack_featured_media_url":"https:\/\/av.arbeaumont.eu\/wp-content\/uploads\/2019\/04\/Capture-d\u2019\u00e9cran-2019-04-08-\u00e0-17.39.06.png","jetpack_sharing_enabled":true,"jetpack_shortlink":"https:\/\/wp.me\/p8Dhaa-hG","jetpack_likes_enabled":true,"jetpack-related-posts":[{"id":2142,"url":"https:\/\/av.arbeaumont.eu\/index.php\/2019\/03\/01\/loption-histoire-visite-le-musee-des-instruments-de-musique-de-bruxelles\/","url_meta":{"origin":1096,"position":0},"title":"L&rsquo;option histoire visite le mus\u00e9e des instruments de musique de Bruxelles","date":"1 mars 2019","format":false,"excerpt":"https:\/\/youtu.be\/DmezIA4SJso","rel":"","context":"Dans &quot;Reportages&quot;","img":{"alt_text":"","src":"https:\/\/i0.wp.com\/av.arbeaumont.eu\/wp-content\/uploads\/2021\/04\/Capture-decran-2021-04-01-a-15.52.11.png?resize=350%2C200&ssl=1","width":350,"height":200},"classes":[]},{"id":453,"url":"https:\/\/av.arbeaumont.eu\/index.php\/2017\/04\/10\/journee-au-musee-de-la-photo\/","url_meta":{"origin":1096,"position":1},"title":"Journ\u00e9e au mus\u00e9e de la photo","date":"10 avril 2017","format":"video","excerpt":"Chambres noires et techniques argentiques au coeur de la visite Fin mars 2017, la section \"audiovisuel\" de l'ath\u00e9n\u00e9e a profit\u00e9 des installations du mus\u00e9e de la photo de Mont-sur-Marchienne pour s'int\u00e9resser aux proc\u00e9d\u00e9s argentiques. \u00a0Durant toute une journ\u00e9e, les \u00e9l\u00e8ves ont exp\u00e9riment\u00e9 la chambre noire. \u00a0Ils ont d\u00e9velopp\u00e9 des photogrammes\u2026","rel":"","context":"Dans &quot;Reportages&quot;","img":{"alt_text":"","src":"https:\/\/i0.wp.com\/av.arbeaumont.eu\/wp-content\/uploads\/2017\/04\/DSC08116.jpg?resize=350%2C200&ssl=1","width":350,"height":200},"classes":[]},{"id":689,"url":"https:\/\/av.arbeaumont.eu\/index.php\/2017\/11\/01\/visite-au-musee-de-la-photo\/","url_meta":{"origin":1096,"position":2},"title":"Visite au mus\u00e9e de la photo","date":"1 novembre 2017","format":false,"excerpt":"Chaque ann\u00e9e, les \u00e9l\u00e8ves de la section audiovisuelle d\u00e9couvrent le mus\u00e9e de la photo. \u00a0Atelier st\u00e9nop\u00e9, histoire de la photo, visite des labos et des expos permanentes. Excursion avec les 3e TTR. \u00a0","rel":"","context":"Dans &quot;Photos&quot;","img":{"alt_text":"","src":"https:\/\/i0.wp.com\/av.arbeaumont.eu\/wp-content\/uploads\/2018\/04\/IMG_20171117_105453.jpg?resize=350%2C200&ssl=1","width":350,"height":200},"classes":[]},{"id":462,"url":"https:\/\/av.arbeaumont.eu\/index.php\/2017\/04\/17\/nouveau-ouverture-de-loption-audiovisuel-en-5e-annee-secondaire\/","url_meta":{"origin":1096,"position":3},"title":"Nouveau! Ouverture de l&rsquo;option audiovisuel en 5e ann\u00e9e secondaire","date":"17 avril 2017","format":"video","excerpt":"Vu l'engouement provoqu\u00e9 par l'ouverture de l'option audiovisuel en 3e ann\u00e9e secondaire, l'ath\u00e9n\u00e9e royal de Beaumont a d\u00e9cid\u00e9 d'ouvrir, d\u00e8s le mois de septembre 2017, l'option audiovisuel en 5e ann\u00e9e secondaire. \u00a0Au programme, sept heures de cours r\u00e9parties entre l'\u00e9ducation aux m\u00e9dias, la technologie, la psychop\u00e9dagogie de l'audiovisuel, l'image fixe\u2026","rel":"","context":"Dans &quot;5e ann\u00e9e&quot;","img":{"alt_text":"","src":"https:\/\/i0.wp.com\/av.arbeaumont.eu\/wp-content\/uploads\/2017\/04\/maxresdefault-1.jpg?resize=350%2C200&ssl=1","width":350,"height":200},"classes":[]},{"id":679,"url":"https:\/\/av.arbeaumont.eu\/index.php\/2018\/04\/15\/sur-les-traces-de-simone-veil-a-paris\/","url_meta":{"origin":1096,"position":4},"title":"Sur les traces de Simone Veil \u00e0 Paris","date":"15 avril 2018","format":false,"excerpt":"En collaboration avec les \u00e9l\u00e8ves de l'option histoire, les \u00e9l\u00e8ves d'audiovisuel vous proposent \u00a0de d\u00e9couvrir les \u00e9tapes importantes de la vie de Simone Veil \u00e0 Paris. \u00a0Le parcours \u00e9tonnant d'une femme exceptionnelle qui entrera en juillet 2018 au Panth\u00e9on. https:\/\/youtu.be\/BM1XYV3pe9g","rel":"","context":"Dans &quot;Bande annonce&quot;","img":{"alt_text":"","src":"https:\/\/i0.wp.com\/av.arbeaumont.eu\/wp-content\/uploads\/2018\/04\/DSC_0017.jpg?resize=350%2C200&ssl=1","width":350,"height":200},"classes":[]},{"id":3337,"url":"https:\/\/av.arbeaumont.eu\/index.php\/2026\/03\/14\/experience-en-chimie-pour-halloween\/","url_meta":{"origin":1096,"position":5},"title":"Exp\u00e9rience en chimie pour Halloween","date":"14 mars 2026","format":false,"excerpt":"L'option audiovisuel collabore r\u00e9guli\u00e8rement avec des professeurs de l'\u00e9cole pour mettre en valeur les projets r\u00e9alis\u00e9s dans les autres cours. Mme Gabriels, professeur de chimie a d\u00e9cid\u00e9 de mener une exp\u00e9rience amusante avec ses \u00e9l\u00e8ves. Regardez. Reportage de L\u00e9o Mabille https:\/\/youtu.be\/zms_rtFyHLM","rel":"","context":"Dans &quot;Reportages&quot;","img":{"alt_text":"","src":"https:\/\/i0.wp.com\/av.arbeaumont.eu\/wp-content\/uploads\/2026\/03\/Capture-decran-2026-03-14-a-16.14.36.jpg?resize=350%2C200&ssl=1","width":350,"height":200},"classes":[]}],"amp_enabled":true,"_links":{"self":[{"href":"https:\/\/av.arbeaumont.eu\/index.php\/wp-json\/wp\/v2\/posts\/1096","targetHints":{"allow":["GET"]}}],"collection":[{"href":"https:\/\/av.arbeaumont.eu\/index.php\/wp-json\/wp\/v2\/posts"}],"about":[{"href":"https:\/\/av.arbeaumont.eu\/index.php\/wp-json\/wp\/v2\/types\/post"}],"author":[{"embeddable":true,"href":"https:\/\/av.arbeaumont.eu\/index.php\/wp-json\/wp\/v2\/users\/1"}],"replies":[{"embeddable":true,"href":"https:\/\/av.arbeaumont.eu\/index.php\/wp-json\/wp\/v2\/comments?post=1096"}],"version-history":[{"count":1,"href":"https:\/\/av.arbeaumont.eu\/index.php\/wp-json\/wp\/v2\/posts\/1096\/revisions"}],"predecessor-version":[{"id":1097,"href":"https:\/\/av.arbeaumont.eu\/index.php\/wp-json\/wp\/v2\/posts\/1096\/revisions\/1097"}],"wp:featuredmedia":[{"embeddable":true,"href":"https:\/\/av.arbeaumont.eu\/index.php\/wp-json\/wp\/v2\/media\/1098"}],"wp:attachment":[{"href":"https:\/\/av.arbeaumont.eu\/index.php\/wp-json\/wp\/v2\/media?parent=1096"}],"wp:term":[{"taxonomy":"category","embeddable":true,"href":"https:\/\/av.arbeaumont.eu\/index.php\/wp-json\/wp\/v2\/categories?post=1096"},{"taxonomy":"post_tag","embeddable":true,"href":"https:\/\/av.arbeaumont.eu\/index.php\/wp-json\/wp\/v2\/tags?post=1096"}],"curies":[{"name":"wp","href":"https:\/\/api.w.org\/{rel}","templated":true}]}}