{"id":1353,"date":"2019-04-09T13:08:29","date_gmt":"2019-04-09T11:08:29","guid":{"rendered":"https:\/\/av.arbeaumont.eu\/?p=1353"},"modified":"2019-04-09T13:08:29","modified_gmt":"2019-04-09T11:08:29","slug":"journee-portes-ouvertes-a-lathenee-le-27-avril-2019","status":"publish","type":"post","link":"https:\/\/av.arbeaumont.eu\/index.php\/2019\/04\/09\/journee-portes-ouvertes-a-lathenee-le-27-avril-2019\/","title":{"rendered":"Journ\u00e9e portes ouvertes \u00e0 l&rsquo;ath\u00e9n\u00e9e le 27 avril 2019"},"content":{"rendered":"<p><span class=\"embed-youtube\" style=\"text-align:center; display: block;\"><iframe loading=\"lazy\" class=\"youtube-player\" width=\"696\" height=\"392\" src=\"https:\/\/www.youtube.com\/embed\/-5r1UibBqYg?version=3&#038;rel=1&#038;showsearch=0&#038;showinfo=1&#038;iv_load_policy=1&#038;fs=1&#038;hl=fr-FR&#038;autohide=2&#038;wmode=transparent\" allowfullscreen=\"true\" style=\"border:0;\" sandbox=\"allow-scripts allow-same-origin allow-popups allow-presentation\"><\/iframe><\/span><\/p>\n<p>&nbsp;<\/p>\n","protected":false},"excerpt":{"rendered":"<p>&nbsp;<\/p>\n","protected":false},"author":1,"featured_media":0,"comment_status":"open","ping_status":"closed","sticky":false,"template":"","format":"video","meta":{"jetpack_post_was_ever_published":false,"footnotes":""},"categories":[6],"tags":[],"class_list":{"0":"post-1353","1":"post","2":"type-post","3":"status-publish","4":"format-video","6":"category-les-evenements","7":"post_format-post-format-video"},"jetpack_featured_media_url":"","jetpack_sharing_enabled":true,"jetpack_shortlink":"https:\/\/wp.me\/p8Dhaa-lP","jetpack_likes_enabled":true,"jetpack-related-posts":[{"id":1335,"url":"https:\/\/av.arbeaumont.eu\/index.php\/2019\/04\/09\/le-rechauffement-climatique-ca-vous-interpelle\/","url_meta":{"origin":1353,"position":0},"title":"Le r\u00e9chauffement climatique, \u00e7a vous interpelle?","date":"9 avril 2019","format":false,"excerpt":"Dans le cadre du cours de pr\u00e9sentation assist\u00e9e par ordinateur, les \u00e9l\u00e8ves de 4e audiovisuel se sont pench\u00e9s sur la probl\u00e9matique du r\u00e9chauffement climatique. \u00a0Ils ont tous r\u00e9alis\u00e9 une affiche \u00e0 l'aide du logiciel Photoshop pour exprimer leurs craintes face aux changements subis par notre plan\u00e8te. \u00a0 Toutes ces affiches\u2026","rel":"","context":"Dans &quot;Affiches&quot;","img":{"alt_text":"","src":"https:\/\/i0.wp.com\/av.arbeaumont.eu\/wp-content\/uploads\/2019\/04\/affiche-rechaufement-climatique-jpgresize.jpg?resize=350%2C200&ssl=1","width":350,"height":200},"classes":[]},{"id":1573,"url":"https:\/\/av.arbeaumont.eu\/index.php\/2019\/04\/10\/bande-annonce-de-la-jpo-2019\/","url_meta":{"origin":1353,"position":1},"title":"Bande annonce de la JPO 2019","date":"10 avril 2019","format":"video","excerpt":"Venez nombreux le 27 avril 2019! \u00a0 https:\/\/youtu.be\/-5r1UibBqYg \u00a0","rel":"","context":"Dans &quot;Bande annonce&quot;","img":{"alt_text":"","src":"https:\/\/i0.wp.com\/av.arbeaumont.eu\/wp-content\/uploads\/2017\/01\/Grande-profndeur-de-champ.jpg?resize=350%2C200&ssl=1","width":350,"height":200},"classes":[]},{"id":675,"url":"https:\/\/av.arbeaumont.eu\/index.php\/2018\/04\/15\/bande-annonce-du-documentaire-sur-auschwitz\/","url_meta":{"origin":1353,"position":2},"title":"Bande annonce du documentaire sur Auschwitz","date":"15 avril 2018","format":false,"excerpt":"Lors de la journ\u00e9e portes ouvertes du 5 mai 2018, vous d\u00e9couvrirez le documentaire r\u00e9alis\u00e9 par les 5e audiovisuel \u00e0 Auschwitz. \u00a0Il raconte l'\u00e9pisode dramatique de la d\u00e9portation de Simone Veil dans ce camp allemand durant la deuxi\u00e8me guerre mondiale. \u00a0Un documentaire poignant et saisissant \u00e0 d\u00e9couvrir absolument. \u00a0Projections en\u2026","rel":"","context":"Dans &quot;Bande annonce&quot;","img":{"alt_text":"","src":"https:\/\/i0.wp.com\/av.arbeaumont.eu\/wp-content\/uploads\/2018\/04\/Papleux-reportage-Auschwitz-2-2.jpg?resize=350%2C200&ssl=1","width":350,"height":200},"classes":[]},{"id":3304,"url":"https:\/\/av.arbeaumont.eu\/index.php\/2026\/03\/14\/les-voeux-de-wallonie-bruxelles-enseignement-2024\/","url_meta":{"origin":1353,"position":3},"title":"Les voeux de Wallonie Bruxelles Enseignement 2025","date":"14 mars 2026","format":false,"excerpt":"Film\u00e9s par la section audiovisuelle de l'ath\u00e9n\u00e9e de Beaumont Dans le cadre de sa mini entreprise, les \u00e9l\u00e8ves de l'option audiovisuelle ont re\u00e7u une demande hors du commun. WBE leur a demand\u00e9 de filmer sa c\u00e9r\u00e9monie de voeux 2025 qui s'est tenue \u00e0 la Sucrerie \u00e0 Wavre. Ministres, directeurs, administrateurs,\u2026","rel":"","context":"Dans &quot;Vid\u00e9os&quot;","img":{"alt_text":"","src":"https:\/\/i0.wp.com\/av.arbeaumont.eu\/wp-content\/uploads\/2026\/03\/Capture-decran-2026-03-14-a-14.28.10.jpg?resize=350%2C200&ssl=1","width":350,"height":200},"classes":[]},{"id":1071,"url":"https:\/\/av.arbeaumont.eu\/index.php\/2019\/01\/31\/le-magazine-de-lathenee-edition-de-novembre-decembre\/","url_meta":{"origin":1353,"position":4},"title":"Le magazine de l&rsquo;ath\u00e9n\u00e9e &#8211; \u00e9dition de novembre-d\u00e9cembre 2018","date":"31 janvier 2019","format":"video","excerpt":"Au programme de ce nouveau magazine : Jogging de l'ath\u00e9n\u00e9e, course des jeunes foul\u00e9es, journ\u00e9e MST, ateliers origami, d\u00e9couverte d'une biblioth\u00e8que, activit\u00e9s en espagnol. \u00a0 https:\/\/www.youtube.com\/watch?v=ixrGvnEfadk \u00a0 \u00a0","rel":"","context":"Dans &quot;Les magazines&quot;","img":{"alt_text":"","src":"https:\/\/i0.wp.com\/av.arbeaumont.eu\/wp-content\/uploads\/2019\/01\/G\u00e9n\u00e9rique-Magazine.00_07_03_12.Image-fixe010.jpg?resize=350%2C200&ssl=1","width":350,"height":200},"classes":[]},{"id":1066,"url":"https:\/\/av.arbeaumont.eu\/index.php\/2018\/11\/29\/lathenee-seveille-du-mois-doctobre\/","url_meta":{"origin":1353,"position":5},"title":"L&rsquo;ath\u00e9n\u00e9e s&rsquo;\u00e9veille du mois d&rsquo;octobre 2018","date":"29 novembre 2018","format":"video","excerpt":"L'ath\u00e9n\u00e9e change de nom et devient l'ath\u00e9n\u00e9e royal Simone Veil. \u00a0Regardez le magazine pour revivre cette journ\u00e9e de f\u00eate en pr\u00e9sence de la ministre de l'enseignement Marie-Martine Schyns. \u00a0D'autres infos \u00e9galement avec le Raid Dingue, des ateliers sur les valeurs d\u00e9fendues sur Simone Veil, Tana\u00e9 et le rappeur Badi... https:\/\/www.youtube.com\/watch?v=so5Iq4A10Cs&t=6s","rel":"","context":"Dans &quot;Les magazines&quot;","img":{"alt_text":"","src":"https:\/\/i0.wp.com\/av.arbeaumont.eu\/wp-content\/uploads\/2018\/11\/Capture-d\u2019\u00e9cran-2018-11-29-\u00e0-22.45.53.png?resize=350%2C200&ssl=1","width":350,"height":200},"classes":[]}],"amp_enabled":true,"_links":{"self":[{"href":"https:\/\/av.arbeaumont.eu\/index.php\/wp-json\/wp\/v2\/posts\/1353","targetHints":{"allow":["GET"]}}],"collection":[{"href":"https:\/\/av.arbeaumont.eu\/index.php\/wp-json\/wp\/v2\/posts"}],"about":[{"href":"https:\/\/av.arbeaumont.eu\/index.php\/wp-json\/wp\/v2\/types\/post"}],"author":[{"embeddable":true,"href":"https:\/\/av.arbeaumont.eu\/index.php\/wp-json\/wp\/v2\/users\/1"}],"replies":[{"embeddable":true,"href":"https:\/\/av.arbeaumont.eu\/index.php\/wp-json\/wp\/v2\/comments?post=1353"}],"version-history":[{"count":1,"href":"https:\/\/av.arbeaumont.eu\/index.php\/wp-json\/wp\/v2\/posts\/1353\/revisions"}],"predecessor-version":[{"id":1356,"href":"https:\/\/av.arbeaumont.eu\/index.php\/wp-json\/wp\/v2\/posts\/1353\/revisions\/1356"}],"wp:attachment":[{"href":"https:\/\/av.arbeaumont.eu\/index.php\/wp-json\/wp\/v2\/media?parent=1353"}],"wp:term":[{"taxonomy":"category","embeddable":true,"href":"https:\/\/av.arbeaumont.eu\/index.php\/wp-json\/wp\/v2\/categories?post=1353"},{"taxonomy":"post_tag","embeddable":true,"href":"https:\/\/av.arbeaumont.eu\/index.php\/wp-json\/wp\/v2\/tags?post=1353"}],"curies":[{"name":"wp","href":"https:\/\/api.w.org\/{rel}","templated":true}]}}