{"id":1433,"date":"2019-04-09T16:17:48","date_gmt":"2019-04-09T14:17:48","guid":{"rendered":"https:\/\/av.arbeaumont.eu\/?p=1433"},"modified":"2019-04-09T16:21:31","modified_gmt":"2019-04-09T14:21:31","slug":"reportages-sur-le-terrain","status":"publish","type":"post","link":"https:\/\/av.arbeaumont.eu\/index.php\/2019\/04\/09\/reportages-sur-le-terrain\/","title":{"rendered":"Reportages sur le terrain"},"content":{"rendered":"<p><img loading=\"lazy\" decoding=\"async\" data-attachment-id=\"1423\" data-permalink=\"https:\/\/av.arbeaumont.eu\/?attachment_id=1423\" data-orig-file=\"https:\/\/av.arbeaumont.eu\/wp-content\/uploads\/2019\/04\/DSC01312resize.jpg\" data-orig-size=\"1837,1034\" data-comments-opened=\"1\" data-image-meta=\"{&quot;aperture&quot;:&quot;0&quot;,&quot;credit&quot;:&quot;&quot;,&quot;camera&quot;:&quot;&quot;,&quot;caption&quot;:&quot;&quot;,&quot;created_timestamp&quot;:&quot;0&quot;,&quot;copyright&quot;:&quot;&quot;,&quot;focal_length&quot;:&quot;0&quot;,&quot;iso&quot;:&quot;0&quot;,&quot;shutter_speed&quot;:&quot;0&quot;,&quot;title&quot;:&quot;&quot;,&quot;orientation&quot;:&quot;0&quot;}\" data-image-title=\"DSC01312resize\" data-image-description=\"\" data-image-caption=\"\" data-medium-file=\"https:\/\/av.arbeaumont.eu\/wp-content\/uploads\/2019\/04\/DSC01312resize-300x169.jpg\" data-large-file=\"https:\/\/av.arbeaumont.eu\/wp-content\/uploads\/2019\/04\/DSC01312resize-1024x576.jpg\" class=\"alignnone size-medium wp-image-1423\" src=\"https:\/\/av.arbeaumont.eu\/wp-content\/uploads\/2019\/04\/DSC01312resize-300x169.jpg\" alt=\"\" width=\"300\" height=\"169\" srcset=\"https:\/\/av.arbeaumont.eu\/wp-content\/uploads\/2019\/04\/DSC01312resize-300x169.jpg 300w, https:\/\/av.arbeaumont.eu\/wp-content\/uploads\/2019\/04\/DSC01312resize-768x432.jpg 768w, https:\/\/av.arbeaumont.eu\/wp-content\/uploads\/2019\/04\/DSC01312resize-1024x576.jpg 1024w, https:\/\/av.arbeaumont.eu\/wp-content\/uploads\/2019\/04\/DSC01312resize-696x392.jpg 696w, https:\/\/av.arbeaumont.eu\/wp-content\/uploads\/2019\/04\/DSC01312resize-1068x601.jpg 1068w, https:\/\/av.arbeaumont.eu\/wp-content\/uploads\/2019\/04\/DSC01312resize-746x420.jpg 746w, https:\/\/av.arbeaumont.eu\/wp-content\/uploads\/2019\/04\/DSC01312resize.jpg 1837w\" sizes=\"auto, (max-width: 300px) 100vw, 300px\" \/><\/p>\n","protected":false},"excerpt":{"rendered":"","protected":false},"author":1,"featured_media":1423,"comment_status":"open","ping_status":"closed","sticky":false,"template":"","format":"standard","meta":{"jetpack_post_was_ever_published":false,"footnotes":""},"categories":[26],"tags":[],"class_list":{"0":"post-1433","1":"post","2":"type-post","3":"status-publish","4":"format-standard","5":"has-post-thumbnail","7":"category-images-seules"},"jetpack_featured_media_url":"https:\/\/av.arbeaumont.eu\/wp-content\/uploads\/2019\/04\/DSC01312resize.jpg","jetpack_sharing_enabled":true,"jetpack_shortlink":"https:\/\/wp.me\/p8Dhaa-n7","jetpack_likes_enabled":true,"jetpack-related-posts":[{"id":3342,"url":"https:\/\/av.arbeaumont.eu\/index.php\/2026\/03\/14\/deux-de-nos-eleves-relevent-un-defi-lance-par-telesambre\/","url_meta":{"origin":1433,"position":0},"title":"Deux de nos \u00e9l\u00e8ves rel\u00e8vent un d\u00e9fi lanc\u00e9 par T\u00e9l\u00e9sambre","date":"14 mars 2026","format":false,"excerpt":"R\u00e9aliser un reportage professionnel pour l'\u00e9mission des Correspondants locaux. Le d\u00e9fi n'est pas simple mais d'embl\u00e9e, deux \u00e9l\u00e8ves acceptent de se lancer dans l'exp\u00e9rience. Ils doivent trouver un reportage d'actualit\u00e9, prendre les contacts, aller sur le terrain, tourner eux-m\u00eames les images, monter la vid\u00e9o, \u00e9crire un commentaire, le lire et\u2026","rel":"","context":"Dans &quot;La section audiovisuelle dans les m\u00e9dias&quot;","img":{"alt_text":"","src":"https:\/\/i0.wp.com\/av.arbeaumont.eu\/wp-content\/uploads\/2026\/03\/Capture-decran-2026-03-14-a-17.00.32.jpg?resize=350%2C200&ssl=1","width":350,"height":200},"classes":[]},{"id":462,"url":"https:\/\/av.arbeaumont.eu\/index.php\/2017\/04\/17\/nouveau-ouverture-de-loption-audiovisuel-en-5e-annee-secondaire\/","url_meta":{"origin":1433,"position":1},"title":"Nouveau! Ouverture de l&rsquo;option audiovisuel en 5e ann\u00e9e secondaire","date":"17 avril 2017","format":"video","excerpt":"Vu l'engouement provoqu\u00e9 par l'ouverture de l'option audiovisuel en 3e ann\u00e9e secondaire, l'ath\u00e9n\u00e9e royal de Beaumont a d\u00e9cid\u00e9 d'ouvrir, d\u00e8s le mois de septembre 2017, l'option audiovisuel en 5e ann\u00e9e secondaire. \u00a0Au programme, sept heures de cours r\u00e9parties entre l'\u00e9ducation aux m\u00e9dias, la technologie, la psychop\u00e9dagogie de l'audiovisuel, l'image fixe\u2026","rel":"","context":"Dans &quot;5e ann\u00e9e&quot;","img":{"alt_text":"","src":"https:\/\/i0.wp.com\/av.arbeaumont.eu\/wp-content\/uploads\/2017\/04\/maxresdefault-1.jpg?resize=350%2C200&ssl=1","width":350,"height":200},"classes":[]},{"id":2596,"url":"https:\/\/av.arbeaumont.eu\/index.php\/2022\/01\/08\/le-suedage-ou-comment-faire-un-film-en-2-minutes\/","url_meta":{"origin":1433,"position":2},"title":"Le su\u00e9dage ou comment faire un film en 2 minutes","date":"8 janvier 2022","format":false,"excerpt":"En octobre 2021, nous avons eu l'occasion de nous rendre au FIFF Namur. Apr\u00e8s une belle matin\u00e9e de courts-m\u00e9trages sur les migrations, nous avons test\u00e9 un nouvel atelier : le su\u00e9dage. En quoi \u00e7a consiste? L\u00e9a Laurent et Alexis Bosi vous expliquent. https:\/\/youtu.be\/W5HqztRAf5o","rel":"","context":"Dans &quot;Reportages&quot;","img":{"alt_text":"","src":"https:\/\/i0.wp.com\/av.arbeaumont.eu\/wp-content\/uploads\/2022\/01\/Capture-decran-2022-01-08-a-14.25.41.png?resize=350%2C200&ssl=1","width":350,"height":200},"classes":[]},{"id":503,"url":"https:\/\/av.arbeaumont.eu\/index.php\/2017\/12\/17\/jogging-de-lathenee\/","url_meta":{"origin":1433,"position":3},"title":"Jogging de l&rsquo;ath\u00e9n\u00e9e","date":"17 d\u00e9cembre 2017","format":false,"excerpt":"Toute la section audiovisuelle sur le pont! Vous n'avez pas pu les rater, les \u00e9l\u00e8ves de la section audiovisuelle \u00e9taient partout lors du jogging de l'ath\u00e9n\u00e9e. \u00a0A l'affut pour prendre des photos, saisir les plus belles \u00e9motions, enregistrer vos r\u00e9actions ou encore r\u00e9aliser des reportages. \u00a0L'approche des examens ne leur\u2026","rel":"","context":"Dans &quot;Photos&quot;","img":{"alt_text":"","src":"https:\/\/i0.wp.com\/av.arbeaumont.eu\/wp-content\/uploads\/2017\/12\/Equipe-2-18.jpg?resize=350%2C200&ssl=1","width":350,"height":200},"classes":[]},{"id":2140,"url":"https:\/\/av.arbeaumont.eu\/index.php\/2019\/04\/02\/tout-comprendre-sur-limmunite-collective\/","url_meta":{"origin":1433,"position":4},"title":"Tout comprendre sur l&rsquo;immunit\u00e9 collective","date":"2 avril 2019","format":false,"excerpt":"https:\/\/youtu.be\/0aE8avZ-6EY","rel":"","context":"Dans &quot;Reportages&quot;","img":{"alt_text":"","src":"https:\/\/i0.wp.com\/av.arbeaumont.eu\/wp-content\/uploads\/2019\/04\/Capture-decran-2021-04-01-a-15.54.54.png?resize=350%2C200&ssl=1","width":350,"height":200},"classes":[]},{"id":1101,"url":"https:\/\/av.arbeaumont.eu\/index.php\/2019\/04\/08\/hockey-sur-roller-au-hall-omnisports\/","url_meta":{"origin":1433,"position":5},"title":"Hockey sur roller au hall omnisports","date":"8 avril 2019","format":"video","excerpt":"https:\/\/youtu.be\/jLdvhbVQ1LQ","rel":"","context":"Dans &quot;Reportages&quot;","img":{"alt_text":"","src":"https:\/\/i0.wp.com\/av.arbeaumont.eu\/wp-content\/uploads\/2019\/04\/Capture-d\u2019\u00e9cran-2019-04-08-\u00e0-17.48.24.png?resize=350%2C200&ssl=1","width":350,"height":200},"classes":[]}],"amp_enabled":true,"_links":{"self":[{"href":"https:\/\/av.arbeaumont.eu\/index.php\/wp-json\/wp\/v2\/posts\/1433","targetHints":{"allow":["GET"]}}],"collection":[{"href":"https:\/\/av.arbeaumont.eu\/index.php\/wp-json\/wp\/v2\/posts"}],"about":[{"href":"https:\/\/av.arbeaumont.eu\/index.php\/wp-json\/wp\/v2\/types\/post"}],"author":[{"embeddable":true,"href":"https:\/\/av.arbeaumont.eu\/index.php\/wp-json\/wp\/v2\/users\/1"}],"replies":[{"embeddable":true,"href":"https:\/\/av.arbeaumont.eu\/index.php\/wp-json\/wp\/v2\/comments?post=1433"}],"version-history":[{"count":1,"href":"https:\/\/av.arbeaumont.eu\/index.php\/wp-json\/wp\/v2\/posts\/1433\/revisions"}],"predecessor-version":[{"id":1434,"href":"https:\/\/av.arbeaumont.eu\/index.php\/wp-json\/wp\/v2\/posts\/1433\/revisions\/1434"}],"wp:featuredmedia":[{"embeddable":true,"href":"https:\/\/av.arbeaumont.eu\/index.php\/wp-json\/wp\/v2\/media\/1423"}],"wp:attachment":[{"href":"https:\/\/av.arbeaumont.eu\/index.php\/wp-json\/wp\/v2\/media?parent=1433"}],"wp:term":[{"taxonomy":"category","embeddable":true,"href":"https:\/\/av.arbeaumont.eu\/index.php\/wp-json\/wp\/v2\/categories?post=1433"},{"taxonomy":"post_tag","embeddable":true,"href":"https:\/\/av.arbeaumont.eu\/index.php\/wp-json\/wp\/v2\/tags?post=1433"}],"curies":[{"name":"wp","href":"https:\/\/api.w.org\/{rel}","templated":true}]}}