{"id":1440,"date":"2019-04-09T16:27:47","date_gmt":"2019-04-09T14:27:47","guid":{"rendered":"https:\/\/av.arbeaumont.eu\/?p=1440"},"modified":"2019-04-09T16:27:47","modified_gmt":"2019-04-09T14:27:47","slug":"tournage-de-courts-metrages-de-fiction","status":"publish","type":"post","link":"https:\/\/av.arbeaumont.eu\/index.php\/2019\/04\/09\/tournage-de-courts-metrages-de-fiction\/","title":{"rendered":"Tournage de courts-m\u00e9trages de fiction"},"content":{"rendered":"<p><img loading=\"lazy\" decoding=\"async\" data-attachment-id=\"1420\" data-permalink=\"https:\/\/av.arbeaumont.eu\/?attachment_id=1420\" data-orig-file=\"https:\/\/av.arbeaumont.eu\/wp-content\/uploads\/2019\/04\/DSC_0074resize.jpg\" data-orig-size=\"1551,1034\" data-comments-opened=\"1\" data-image-meta=\"{&quot;aperture&quot;:&quot;0&quot;,&quot;credit&quot;:&quot;&quot;,&quot;camera&quot;:&quot;&quot;,&quot;caption&quot;:&quot;&quot;,&quot;created_timestamp&quot;:&quot;0&quot;,&quot;copyright&quot;:&quot;&quot;,&quot;focal_length&quot;:&quot;0&quot;,&quot;iso&quot;:&quot;0&quot;,&quot;shutter_speed&quot;:&quot;0&quot;,&quot;title&quot;:&quot;&quot;,&quot;orientation&quot;:&quot;0&quot;}\" data-image-title=\"DSC_0074resize\" data-image-description=\"\" data-image-caption=\"\" data-medium-file=\"https:\/\/av.arbeaumont.eu\/wp-content\/uploads\/2019\/04\/DSC_0074resize-300x200.jpg\" data-large-file=\"https:\/\/av.arbeaumont.eu\/wp-content\/uploads\/2019\/04\/DSC_0074resize-1024x683.jpg\" class=\"alignnone size-medium wp-image-1420\" src=\"https:\/\/av.arbeaumont.eu\/wp-content\/uploads\/2019\/04\/DSC_0074resize-300x200.jpg\" alt=\"\" width=\"300\" height=\"200\" srcset=\"https:\/\/av.arbeaumont.eu\/wp-content\/uploads\/2019\/04\/DSC_0074resize-300x200.jpg 300w, https:\/\/av.arbeaumont.eu\/wp-content\/uploads\/2019\/04\/DSC_0074resize-768x512.jpg 768w, https:\/\/av.arbeaumont.eu\/wp-content\/uploads\/2019\/04\/DSC_0074resize-1024x683.jpg 1024w, https:\/\/av.arbeaumont.eu\/wp-content\/uploads\/2019\/04\/DSC_0074resize-696x464.jpg 696w, https:\/\/av.arbeaumont.eu\/wp-content\/uploads\/2019\/04\/DSC_0074resize-1068x712.jpg 1068w, https:\/\/av.arbeaumont.eu\/wp-content\/uploads\/2019\/04\/DSC_0074resize-630x420.jpg 630w, https:\/\/av.arbeaumont.eu\/wp-content\/uploads\/2019\/04\/DSC_0074resize.jpg 1551w\" sizes=\"auto, (max-width: 300px) 100vw, 300px\" \/><\/p>\n","protected":false},"excerpt":{"rendered":"","protected":false},"author":1,"featured_media":1420,"comment_status":"open","ping_status":"closed","sticky":false,"template":"","format":"standard","meta":{"jetpack_post_was_ever_published":false,"footnotes":""},"categories":[26],"tags":[],"class_list":{"0":"post-1440","1":"post","2":"type-post","3":"status-publish","4":"format-standard","5":"has-post-thumbnail","7":"category-images-seules"},"jetpack_featured_media_url":"https:\/\/av.arbeaumont.eu\/wp-content\/uploads\/2019\/04\/DSC_0074resize.jpg","jetpack_sharing_enabled":true,"jetpack_shortlink":"https:\/\/wp.me\/p8Dhaa-ne","jetpack_likes_enabled":true,"jetpack-related-posts":[{"id":539,"url":"https:\/\/av.arbeaumont.eu\/index.php\/2017\/12\/17\/securite-routiere\/","url_meta":{"origin":1440,"position":0},"title":"S\u00e9curit\u00e9 routi\u00e8re","date":"17 d\u00e9cembre 2017","format":false,"excerpt":"Tournage d'un clip de pr\u00e9vention Dans le cadre d'une collaboration men\u00e9e avec la maison des jeunes de Beaumont, les \u00e9l\u00e8ves de 5e audiovisuel ont r\u00e9alis\u00e9 le tournage d'un clip de pr\u00e9vention relatif \u00e0 la s\u00e9curit\u00e9 routi\u00e8re. \u00a0Durant toute une journ\u00e9e, ils se sont mis dans la peau de cameraman, preneur\u2026","rel":"","context":"Dans &quot;Les courts-m\u00e9trages&quot;","img":{"alt_text":"","src":"https:\/\/i0.wp.com\/av.arbeaumont.eu\/wp-content\/uploads\/2017\/12\/PUB-5TTR-17.jpg?resize=350%2C200&ssl=1","width":350,"height":200},"classes":[]},{"id":1827,"url":"https:\/\/av.arbeaumont.eu\/index.php\/2020\/03\/08\/vivre-sans-stereotypes\/","url_meta":{"origin":1440,"position":1},"title":"Vivre sans st\u00e9r\u00e9otypes","date":"8 mars 2020","format":false,"excerpt":"A force de voir des films ou d\u2019\u00e9couter les m\u00e9dias, notre vision du monde se r\u00e9duit progressivement \u00e0 des st\u00e9r\u00e9otypes.\u00a0 Fiction ou r\u00e9alit\u00e9, \u00e0 vous de voir si c\u2019est la vie dont vous r\u00eavez\u2026 Nicolas Colson Ce court-m\u00e9trage a re\u00e7u le 2er prix du jury au concours vid\u00e9o de la\u2026","rel":"","context":"Dans &quot;Les courts-m\u00e9trages&quot;","img":{"alt_text":"","src":"https:\/\/i0.wp.com\/av.arbeaumont.eu\/wp-content\/uploads\/2020\/03\/Capture-d\u2019\u00e9cran-2020-03-08-\u00e0-18.07.03.png?resize=350%2C200&ssl=1","width":350,"height":200},"classes":[]},{"id":1795,"url":"https:\/\/av.arbeaumont.eu\/index.php\/2020\/03\/08\/une-fiction-pour-lavenir\/","url_meta":{"origin":1440,"position":2},"title":"Une fiction pour l&rsquo;avenir","date":"8 mars 2020","format":false,"excerpt":"Et si le cin\u00e9ma, coupl\u00e9 \u00e0 la danse, pouvaient changer le monde, l\u2019avenir ne serait-il pas plus serein\u00a0? Oph\u00e9lia Ottelet https:\/\/youtu.be\/DgznD55pRb8","rel":"","context":"Dans &quot;Les courts-m\u00e9trages&quot;","img":{"alt_text":"","src":"https:\/\/i0.wp.com\/av.arbeaumont.eu\/wp-content\/uploads\/2020\/03\/Capture-d\u2019\u00e9cran-2020-03-08-\u00e0-17.35.38.png?resize=350%2C200&ssl=1","width":350,"height":200},"classes":[]},{"id":3196,"url":"https:\/\/av.arbeaumont.eu\/index.php\/2026\/03\/13\/cours-a-rebours\/","url_meta":{"origin":1440,"position":3},"title":"\u00ab\u00a0Cours \u00e0 rebours\u00a0\u00bb","date":"13 mars 2026","format":false,"excerpt":"Notre premier film au cin\u00e9ma ! En 2025, nous avons r\u00e9alis\u00e9 un court-m\u00e9trage de fiction en collaboration avec l'ITCF Erquelinnes. Les \u00e9l\u00e8ves de l'ITCF ont \u00e9crit le sc\u00e9nario avec l'aide de l'association Ithac et nous avons tourn\u00e9, mont\u00e9 et mix\u00e9 le court-m\u00e9trage. Un d\u00e9fi hors norme qui a n\u00e9cessit\u00e9 de\u2026","rel":"","context":"Dans &quot;Les courts-m\u00e9trages&quot;","img":{"alt_text":"","src":"https:\/\/i0.wp.com\/av.arbeaumont.eu\/wp-content\/uploads\/2026\/03\/Court-metrage-Erquelinnes.jpg?resize=350%2C200&ssl=1","width":350,"height":200},"classes":[]},{"id":1810,"url":"https:\/\/av.arbeaumont.eu\/index.php\/2020\/03\/08\/souhaits-de-2050\/","url_meta":{"origin":1440,"position":4},"title":"Souhaits de 2050","date":"8 mars 2020","format":false,"excerpt":"Nous sommes en 2020 mais quels seraient vos souhaits pour 2050\u00a0? B\u00e9r\u00e9nice Lambou https:\/\/youtu.be\/7aNIovrvx_A","rel":"","context":"Dans &quot;Les courts-m\u00e9trages&quot;","img":{"alt_text":"","src":"https:\/\/i0.wp.com\/av.arbeaumont.eu\/wp-content\/uploads\/2020\/03\/Capture-d\u2019\u00e9cran-2020-03-08-\u00e0-17.50.44.png?resize=350%2C200&ssl=1","width":350,"height":200},"classes":[]},{"id":2819,"url":"https:\/\/av.arbeaumont.eu\/index.php\/2023\/02\/22\/un-moment-de-paix\/","url_meta":{"origin":1440,"position":5},"title":"Un moment de paix","date":"22 f\u00e9vrier 2023","format":false,"excerpt":"Un court-m\u00e9trage r\u00e9alis\u00e9 par Alexis Bosi 6TTR (2022) https:\/\/www.youtube.com\/watch?v=2aag2Jm8Gto","rel":"","context":"Dans &quot;Les courts-m\u00e9trages&quot;","img":{"alt_text":"","src":"https:\/\/i0.wp.com\/av.arbeaumont.eu\/wp-content\/uploads\/2023\/02\/Capture-decran-2023-02-22-a-18.06.45.jpg?resize=350%2C200&ssl=1","width":350,"height":200},"classes":[]}],"amp_enabled":true,"_links":{"self":[{"href":"https:\/\/av.arbeaumont.eu\/index.php\/wp-json\/wp\/v2\/posts\/1440","targetHints":{"allow":["GET"]}}],"collection":[{"href":"https:\/\/av.arbeaumont.eu\/index.php\/wp-json\/wp\/v2\/posts"}],"about":[{"href":"https:\/\/av.arbeaumont.eu\/index.php\/wp-json\/wp\/v2\/types\/post"}],"author":[{"embeddable":true,"href":"https:\/\/av.arbeaumont.eu\/index.php\/wp-json\/wp\/v2\/users\/1"}],"replies":[{"embeddable":true,"href":"https:\/\/av.arbeaumont.eu\/index.php\/wp-json\/wp\/v2\/comments?post=1440"}],"version-history":[{"count":1,"href":"https:\/\/av.arbeaumont.eu\/index.php\/wp-json\/wp\/v2\/posts\/1440\/revisions"}],"predecessor-version":[{"id":1441,"href":"https:\/\/av.arbeaumont.eu\/index.php\/wp-json\/wp\/v2\/posts\/1440\/revisions\/1441"}],"wp:featuredmedia":[{"embeddable":true,"href":"https:\/\/av.arbeaumont.eu\/index.php\/wp-json\/wp\/v2\/media\/1420"}],"wp:attachment":[{"href":"https:\/\/av.arbeaumont.eu\/index.php\/wp-json\/wp\/v2\/media?parent=1440"}],"wp:term":[{"taxonomy":"category","embeddable":true,"href":"https:\/\/av.arbeaumont.eu\/index.php\/wp-json\/wp\/v2\/categories?post=1440"},{"taxonomy":"post_tag","embeddable":true,"href":"https:\/\/av.arbeaumont.eu\/index.php\/wp-json\/wp\/v2\/tags?post=1440"}],"curies":[{"name":"wp","href":"https:\/\/api.w.org\/{rel}","templated":true}]}}