{"id":1451,"date":"2019-04-09T16:34:17","date_gmt":"2019-04-09T14:34:17","guid":{"rendered":"https:\/\/av.arbeaumont.eu\/?p=1451"},"modified":"2019-04-09T16:34:17","modified_gmt":"2019-04-09T14:34:17","slug":"initiation-a-la-lumiere-et-aux-eclairages","status":"publish","type":"post","link":"https:\/\/av.arbeaumont.eu\/index.php\/2019\/04\/09\/initiation-a-la-lumiere-et-aux-eclairages\/","title":{"rendered":"Initiation \u00e0 la lumi\u00e8re et aux \u00e9clairages"},"content":{"rendered":"<p><img loading=\"lazy\" decoding=\"async\" data-attachment-id=\"1428\" data-permalink=\"https:\/\/av.arbeaumont.eu\/?attachment_id=1428\" data-orig-file=\"https:\/\/av.arbeaumont.eu\/wp-content\/uploads\/2019\/04\/studio-2resize.jpg\" data-orig-size=\"1551,1034\" data-comments-opened=\"1\" data-image-meta=\"{&quot;aperture&quot;:&quot;0&quot;,&quot;credit&quot;:&quot;&quot;,&quot;camera&quot;:&quot;&quot;,&quot;caption&quot;:&quot;&quot;,&quot;created_timestamp&quot;:&quot;0&quot;,&quot;copyright&quot;:&quot;&quot;,&quot;focal_length&quot;:&quot;0&quot;,&quot;iso&quot;:&quot;0&quot;,&quot;shutter_speed&quot;:&quot;0&quot;,&quot;title&quot;:&quot;&quot;,&quot;orientation&quot;:&quot;0&quot;}\" data-image-title=\"studio-2resize\" data-image-description=\"\" data-image-caption=\"\" data-medium-file=\"https:\/\/av.arbeaumont.eu\/wp-content\/uploads\/2019\/04\/studio-2resize-300x200.jpg\" data-large-file=\"https:\/\/av.arbeaumont.eu\/wp-content\/uploads\/2019\/04\/studio-2resize-1024x683.jpg\" class=\"alignnone size-medium wp-image-1428\" src=\"https:\/\/av.arbeaumont.eu\/wp-content\/uploads\/2019\/04\/studio-2resize-300x200.jpg\" alt=\"\" width=\"300\" height=\"200\" srcset=\"https:\/\/av.arbeaumont.eu\/wp-content\/uploads\/2019\/04\/studio-2resize-300x200.jpg 300w, https:\/\/av.arbeaumont.eu\/wp-content\/uploads\/2019\/04\/studio-2resize-768x512.jpg 768w, https:\/\/av.arbeaumont.eu\/wp-content\/uploads\/2019\/04\/studio-2resize-1024x683.jpg 1024w, https:\/\/av.arbeaumont.eu\/wp-content\/uploads\/2019\/04\/studio-2resize-696x464.jpg 696w, https:\/\/av.arbeaumont.eu\/wp-content\/uploads\/2019\/04\/studio-2resize-1068x712.jpg 1068w, https:\/\/av.arbeaumont.eu\/wp-content\/uploads\/2019\/04\/studio-2resize-630x420.jpg 630w, https:\/\/av.arbeaumont.eu\/wp-content\/uploads\/2019\/04\/studio-2resize.jpg 1551w\" sizes=\"auto, (max-width: 300px) 100vw, 300px\" \/><\/p>\n","protected":false},"excerpt":{"rendered":"","protected":false},"author":1,"featured_media":1428,"comment_status":"open","ping_status":"closed","sticky":false,"template":"","format":"standard","meta":{"jetpack_post_was_ever_published":false,"footnotes":""},"categories":[26],"tags":[],"class_list":{"0":"post-1451","1":"post","2":"type-post","3":"status-publish","4":"format-standard","5":"has-post-thumbnail","7":"category-images-seules"},"jetpack_featured_media_url":"https:\/\/av.arbeaumont.eu\/wp-content\/uploads\/2019\/04\/studio-2resize.jpg","jetpack_sharing_enabled":true,"jetpack_shortlink":"https:\/\/wp.me\/p8Dhaa-np","jetpack_likes_enabled":true,"jetpack-related-posts":[{"id":1453,"url":"https:\/\/av.arbeaumont.eu\/index.php\/2019\/04\/09\/initiation-a-la-prise-de-sons\/","url_meta":{"origin":1451,"position":0},"title":"Prise de sons et enregistrements","date":"9 avril 2019","format":false,"excerpt":"","rel":"","context":"Dans &quot;Images seules&quot;","img":{"alt_text":"","src":"https:\/\/i0.wp.com\/av.arbeaumont.eu\/wp-content\/uploads\/2019\/04\/DSC_0033resize.jpg?resize=350%2C200&ssl=1","width":350,"height":200},"classes":[]},{"id":1446,"url":"https:\/\/av.arbeaumont.eu\/index.php\/2019\/04\/09\/initiation-a-la-prise-de-vues\/","url_meta":{"origin":1451,"position":1},"title":"Initiation \u00e0 la prise de vues vid\u00e9o","date":"9 avril 2019","format":false,"excerpt":"","rel":"","context":"Dans &quot;Images seules&quot;","img":{"alt_text":"","src":"https:\/\/i0.wp.com\/av.arbeaumont.eu\/wp-content\/uploads\/2018\/06\/Auschwitz-2-11.jpg?resize=350%2C200&ssl=1","width":350,"height":200},"classes":[]},{"id":1499,"url":"https:\/\/av.arbeaumont.eu\/index.php\/2026\/02\/10\/nathalie-papleux\/","url_meta":{"origin":1451,"position":2},"title":"Nathalie Papleux","date":"10 f\u00e9vrier 2026","format":false,"excerpt":"Licenci\u00e9e en journalisme et communication de l'ULB et d\u00e9tentrice d'un master en Education aux m\u00e9dias de l'IHECS, elle a \u00e9t\u00e9 journaliste professionnelle \u00e0 la RTBF pendant plus de 20 ans. \u00a0Elle a travaill\u00e9 en t\u00e9l\u00e9 pour le JT, Au nom de la loi, Devoir d'enqu\u00eate et en radio pour les\u2026","rel":"","context":"Dans &quot;Les cours&quot;","img":{"alt_text":"","src":"https:\/\/i0.wp.com\/av.arbeaumont.eu\/wp-content\/uploads\/2026\/03\/235207102_2259287310869510_8797960619023868480_n-2.jpg?resize=350%2C200&ssl=1","width":350,"height":200},"classes":[]},{"id":1564,"url":"https:\/\/av.arbeaumont.eu\/index.php\/2019\/04\/10\/images-animees-techniques-annexes\/","url_meta":{"origin":1451,"position":3},"title":"Images anim\u00e9es &#8211; techniques annexes (1 heure)","date":"10 avril 2019","format":false,"excerpt":"Objectifs g\u00e9n\u00e9raux D\u00e9velopper certaines notions et applications abord\u00e9es en cinqui\u00e8me aux cours d\u2019Image fixe, d\u2019Image anim\u00e9e et de Technologie des appareils audiovisuels. D\u00e9couvrir et\/ou approfondir les techniques de son, de montage et d\u2019animation, analogiques et num\u00e9riques (au d\u00e9part de photos analogiques ou num\u00e9riques, de\u00a0dessins, de s\u00e9quences vid\u00e9o, de sons divers...)\u2026","rel":"","context":"Dans &quot;6e ann\u00e9e&quot;","img":{"alt_text":"","src":"https:\/\/i0.wp.com\/av.arbeaumont.eu\/wp-content\/uploads\/2017\/12\/PUB-5TTR-32.jpg?resize=350%2C200&ssl=1","width":350,"height":200},"classes":[]},{"id":1533,"url":"https:\/\/av.arbeaumont.eu\/index.php\/2019\/04\/10\/laboratoire-et-technologie-2\/","url_meta":{"origin":1451,"position":4},"title":"Laboratoire et technologie (3 heures)","date":"10 avril 2019","format":false,"excerpt":"Objectifs g\u00e9n\u00e9raux Approfondissement des pratiques d\u00e9j\u00e0 initi\u00e9es en 3e dans les diff\u00e9rents domaines, comme : Enregistrement sonore d\u2019un texte personnel ; Prises de vues et initiation \u00e0 la photo num\u00e9rique ; Exp\u00e9rimentation des possibilit\u00e9s de cadrage, d\u2019angles et de plans ; Prises de vues en lumi\u00e8re artificielle (flash, spots,...) ;\u2026","rel":"","context":"Dans &quot;4e ann\u00e9e&quot;","img":{"alt_text":"","src":"https:\/\/i0.wp.com\/av.arbeaumont.eu\/wp-content\/uploads\/2019\/04\/ombres-et-mumi\u00e8re-7resize.jpg?resize=350%2C200&ssl=1","width":350,"height":200},"classes":[]},{"id":1316,"url":"https:\/\/av.arbeaumont.eu\/index.php\/2019\/04\/09\/dans-lombre-et-la-lumiere-de-nos-objectifs\/","url_meta":{"origin":1451,"position":5},"title":"Dans l&rsquo;ombre et la lumi\u00e8re de nos objectifs","date":"9 avril 2019","format":false,"excerpt":"","rel":"","context":"Dans &quot;Photos&quot;","img":{"alt_text":"","src":"https:\/\/i0.wp.com\/av.arbeaumont.eu\/wp-content\/uploads\/2019\/04\/ombres-et-mumi\u00e8re-11resize.jpg?resize=350%2C200&ssl=1","width":350,"height":200},"classes":[]}],"amp_enabled":true,"_links":{"self":[{"href":"https:\/\/av.arbeaumont.eu\/index.php\/wp-json\/wp\/v2\/posts\/1451","targetHints":{"allow":["GET"]}}],"collection":[{"href":"https:\/\/av.arbeaumont.eu\/index.php\/wp-json\/wp\/v2\/posts"}],"about":[{"href":"https:\/\/av.arbeaumont.eu\/index.php\/wp-json\/wp\/v2\/types\/post"}],"author":[{"embeddable":true,"href":"https:\/\/av.arbeaumont.eu\/index.php\/wp-json\/wp\/v2\/users\/1"}],"replies":[{"embeddable":true,"href":"https:\/\/av.arbeaumont.eu\/index.php\/wp-json\/wp\/v2\/comments?post=1451"}],"version-history":[{"count":1,"href":"https:\/\/av.arbeaumont.eu\/index.php\/wp-json\/wp\/v2\/posts\/1451\/revisions"}],"predecessor-version":[{"id":1452,"href":"https:\/\/av.arbeaumont.eu\/index.php\/wp-json\/wp\/v2\/posts\/1451\/revisions\/1452"}],"wp:featuredmedia":[{"embeddable":true,"href":"https:\/\/av.arbeaumont.eu\/index.php\/wp-json\/wp\/v2\/media\/1428"}],"wp:attachment":[{"href":"https:\/\/av.arbeaumont.eu\/index.php\/wp-json\/wp\/v2\/media?parent=1451"}],"wp:term":[{"taxonomy":"category","embeddable":true,"href":"https:\/\/av.arbeaumont.eu\/index.php\/wp-json\/wp\/v2\/categories?post=1451"},{"taxonomy":"post_tag","embeddable":true,"href":"https:\/\/av.arbeaumont.eu\/index.php\/wp-json\/wp\/v2\/tags?post=1451"}],"curies":[{"name":"wp","href":"https:\/\/api.w.org\/{rel}","templated":true}]}}