{"id":1453,"date":"2019-04-09T16:35:14","date_gmt":"2019-04-09T14:35:14","guid":{"rendered":"https:\/\/av.arbeaumont.eu\/?p=1453"},"modified":"2019-04-09T17:22:49","modified_gmt":"2019-04-09T15:22:49","slug":"initiation-a-la-prise-de-sons","status":"publish","type":"post","link":"https:\/\/av.arbeaumont.eu\/index.php\/2019\/04\/09\/initiation-a-la-prise-de-sons\/","title":{"rendered":"Prise de sons et enregistrements"},"content":{"rendered":"<p><img loading=\"lazy\" decoding=\"async\" data-attachment-id=\"1419\" data-permalink=\"https:\/\/av.arbeaumont.eu\/?attachment_id=1419\" data-orig-file=\"https:\/\/av.arbeaumont.eu\/wp-content\/uploads\/2019\/04\/DSC_0033resize.jpg\" data-orig-size=\"1551,1034\" data-comments-opened=\"1\" data-image-meta=\"{&quot;aperture&quot;:&quot;0&quot;,&quot;credit&quot;:&quot;&quot;,&quot;camera&quot;:&quot;&quot;,&quot;caption&quot;:&quot;&quot;,&quot;created_timestamp&quot;:&quot;0&quot;,&quot;copyright&quot;:&quot;&quot;,&quot;focal_length&quot;:&quot;0&quot;,&quot;iso&quot;:&quot;0&quot;,&quot;shutter_speed&quot;:&quot;0&quot;,&quot;title&quot;:&quot;&quot;,&quot;orientation&quot;:&quot;0&quot;}\" data-image-title=\"DSC_0033resize\" data-image-description=\"\" data-image-caption=\"\" data-medium-file=\"https:\/\/av.arbeaumont.eu\/wp-content\/uploads\/2019\/04\/DSC_0033resize-300x200.jpg\" data-large-file=\"https:\/\/av.arbeaumont.eu\/wp-content\/uploads\/2019\/04\/DSC_0033resize-1024x683.jpg\" class=\"alignnone size-medium wp-image-1419\" src=\"https:\/\/av.arbeaumont.eu\/wp-content\/uploads\/2019\/04\/DSC_0033resize-300x200.jpg\" alt=\"\" width=\"300\" height=\"200\" srcset=\"https:\/\/av.arbeaumont.eu\/wp-content\/uploads\/2019\/04\/DSC_0033resize-300x200.jpg 300w, https:\/\/av.arbeaumont.eu\/wp-content\/uploads\/2019\/04\/DSC_0033resize-768x512.jpg 768w, https:\/\/av.arbeaumont.eu\/wp-content\/uploads\/2019\/04\/DSC_0033resize-1024x683.jpg 1024w, https:\/\/av.arbeaumont.eu\/wp-content\/uploads\/2019\/04\/DSC_0033resize-696x464.jpg 696w, https:\/\/av.arbeaumont.eu\/wp-content\/uploads\/2019\/04\/DSC_0033resize-1068x712.jpg 1068w, https:\/\/av.arbeaumont.eu\/wp-content\/uploads\/2019\/04\/DSC_0033resize-630x420.jpg 630w, https:\/\/av.arbeaumont.eu\/wp-content\/uploads\/2019\/04\/DSC_0033resize.jpg 1551w\" sizes=\"auto, (max-width: 300px) 100vw, 300px\" \/><\/p>\n","protected":false},"excerpt":{"rendered":"","protected":false},"author":1,"featured_media":1419,"comment_status":"open","ping_status":"closed","sticky":false,"template":"","format":"standard","meta":{"jetpack_post_was_ever_published":false,"footnotes":""},"categories":[26],"tags":[],"class_list":{"0":"post-1453","1":"post","2":"type-post","3":"status-publish","4":"format-standard","5":"has-post-thumbnail","7":"category-images-seules"},"jetpack_featured_media_url":"https:\/\/av.arbeaumont.eu\/wp-content\/uploads\/2019\/04\/DSC_0033resize.jpg","jetpack_sharing_enabled":true,"jetpack_shortlink":"https:\/\/wp.me\/p8Dhaa-nr","jetpack_likes_enabled":true,"jetpack-related-posts":[{"id":1446,"url":"https:\/\/av.arbeaumont.eu\/index.php\/2019\/04\/09\/initiation-a-la-prise-de-vues\/","url_meta":{"origin":1453,"position":0},"title":"Initiation \u00e0 la prise de vues vid\u00e9o","date":"9 avril 2019","format":false,"excerpt":"","rel":"","context":"Dans &quot;Images seules&quot;","img":{"alt_text":"","src":"https:\/\/i0.wp.com\/av.arbeaumont.eu\/wp-content\/uploads\/2018\/06\/Auschwitz-2-11.jpg?resize=350%2C200&ssl=1","width":350,"height":200},"classes":[]},{"id":1437,"url":"https:\/\/av.arbeaumont.eu\/index.php\/2019\/04\/09\/exercice-amok-a-philippeville\/","url_meta":{"origin":1453,"position":1},"title":"Simulation d&rsquo;une prise d&rsquo;otages \u00e0 Philippeville","date":"9 avril 2019","format":false,"excerpt":"","rel":"","context":"Dans &quot;Images seules&quot;","img":{"alt_text":"","src":"https:\/\/i0.wp.com\/av.arbeaumont.eu\/wp-content\/uploads\/2019\/04\/Amok-8resize.jpg?resize=350%2C200&ssl=1","width":350,"height":200},"classes":[]},{"id":1571,"url":"https:\/\/av.arbeaumont.eu\/index.php\/2019\/04\/10\/images-animees-2-heures\/","url_meta":{"origin":1453,"position":2},"title":"Images anim\u00e9es (2 heures)","date":"10 avril 2019","format":false,"excerpt":"Objectifs g\u00e9n\u00e9raux D\u00e9couvrir et\/ou perfectionner l\u2019utilisation des appareils et des techniques par le biais de productions personnelles ou de groupe ; Conna\u00eetre et franchir les \u00e9tapes n\u00e9cessaires \u00e0 un bon aboutissement de ces r\u00e9alisations, comme l\u2019\u00e9laboration d\u2019un dossier technique, d\u2019un story-board, une bonne gestion du temps et du mat\u00e9riel, une\u2026","rel":"","context":"Dans &quot;5e ann\u00e9e&quot;","img":{"alt_text":"","src":"https:\/\/i0.wp.com\/av.arbeaumont.eu\/wp-content\/uploads\/2018\/05\/DSC_0017.jpg?resize=350%2C200&ssl=1","width":350,"height":200},"classes":[]},{"id":1564,"url":"https:\/\/av.arbeaumont.eu\/index.php\/2019\/04\/10\/images-animees-techniques-annexes\/","url_meta":{"origin":1453,"position":3},"title":"Images anim\u00e9es &#8211; techniques annexes (1 heure)","date":"10 avril 2019","format":false,"excerpt":"Objectifs g\u00e9n\u00e9raux D\u00e9velopper certaines notions et applications abord\u00e9es en cinqui\u00e8me aux cours d\u2019Image fixe, d\u2019Image anim\u00e9e et de Technologie des appareils audiovisuels. D\u00e9couvrir et\/ou approfondir les techniques de son, de montage et d\u2019animation, analogiques et num\u00e9riques (au d\u00e9part de photos analogiques ou num\u00e9riques, de\u00a0dessins, de s\u00e9quences vid\u00e9o, de sons divers...)\u2026","rel":"","context":"Dans &quot;6e ann\u00e9e&quot;","img":{"alt_text":"","src":"https:\/\/i0.wp.com\/av.arbeaumont.eu\/wp-content\/uploads\/2017\/12\/PUB-5TTR-32.jpg?resize=350%2C200&ssl=1","width":350,"height":200},"classes":[]},{"id":1566,"url":"https:\/\/av.arbeaumont.eu\/index.php\/2019\/04\/10\/productions-audiovisuelles-4-heures\/","url_meta":{"origin":1453,"position":4},"title":"Productions audiovisuelles (4 heures)","date":"10 avril 2019","format":false,"excerpt":"Objectifs g\u00e9n\u00e9raux Mettre en application l\u2019ensemble des apprentissages effectu\u00e9s dans les diff\u00e9rents cours de la formation (cours d\u2019Image fixe, d\u2019Image anim\u00e9e et de Technologie des appareils audiovisuels notamment) en menant \u00e0 bien un projet complet, individuel ou collectif, multidisciplinaire et innovant. Exp\u00e9rimenter et\/ou approfondir les techniques de montages audiovisuels. Apprendre\u2026","rel":"","context":"Dans &quot;6e ann\u00e9e&quot;","img":{"alt_text":"","src":"https:\/\/i0.wp.com\/av.arbeaumont.eu\/wp-content\/uploads\/2018\/06\/Auschwitz-2-3.jpg?resize=350%2C200&ssl=1","width":350,"height":200},"classes":[]},{"id":1451,"url":"https:\/\/av.arbeaumont.eu\/index.php\/2019\/04\/09\/initiation-a-la-lumiere-et-aux-eclairages\/","url_meta":{"origin":1453,"position":5},"title":"Initiation \u00e0 la lumi\u00e8re et aux \u00e9clairages","date":"9 avril 2019","format":false,"excerpt":"","rel":"","context":"Dans &quot;Images seules&quot;","img":{"alt_text":"","src":"https:\/\/i0.wp.com\/av.arbeaumont.eu\/wp-content\/uploads\/2019\/04\/studio-2resize.jpg?resize=350%2C200&ssl=1","width":350,"height":200},"classes":[]}],"amp_enabled":true,"_links":{"self":[{"href":"https:\/\/av.arbeaumont.eu\/index.php\/wp-json\/wp\/v2\/posts\/1453","targetHints":{"allow":["GET"]}}],"collection":[{"href":"https:\/\/av.arbeaumont.eu\/index.php\/wp-json\/wp\/v2\/posts"}],"about":[{"href":"https:\/\/av.arbeaumont.eu\/index.php\/wp-json\/wp\/v2\/types\/post"}],"author":[{"embeddable":true,"href":"https:\/\/av.arbeaumont.eu\/index.php\/wp-json\/wp\/v2\/users\/1"}],"replies":[{"embeddable":true,"href":"https:\/\/av.arbeaumont.eu\/index.php\/wp-json\/wp\/v2\/comments?post=1453"}],"version-history":[{"count":2,"href":"https:\/\/av.arbeaumont.eu\/index.php\/wp-json\/wp\/v2\/posts\/1453\/revisions"}],"predecessor-version":[{"id":1485,"href":"https:\/\/av.arbeaumont.eu\/index.php\/wp-json\/wp\/v2\/posts\/1453\/revisions\/1485"}],"wp:featuredmedia":[{"embeddable":true,"href":"https:\/\/av.arbeaumont.eu\/index.php\/wp-json\/wp\/v2\/media\/1419"}],"wp:attachment":[{"href":"https:\/\/av.arbeaumont.eu\/index.php\/wp-json\/wp\/v2\/media?parent=1453"}],"wp:term":[{"taxonomy":"category","embeddable":true,"href":"https:\/\/av.arbeaumont.eu\/index.php\/wp-json\/wp\/v2\/categories?post=1453"},{"taxonomy":"post_tag","embeddable":true,"href":"https:\/\/av.arbeaumont.eu\/index.php\/wp-json\/wp\/v2\/tags?post=1453"}],"curies":[{"name":"wp","href":"https:\/\/api.w.org\/{rel}","templated":true}]}}