{"id":1495,"date":"2026-02-10T13:55:00","date_gmt":"2026-02-10T12:55:00","guid":{"rendered":"https:\/\/av.arbeaumont.eu\/?p=1495"},"modified":"2026-03-13T23:20:51","modified_gmt":"2026-03-13T22:20:51","slug":"marie-line-dubuit","status":"publish","type":"post","link":"https:\/\/av.arbeaumont.eu\/index.php\/2026\/02\/10\/marie-line-dubuit\/","title":{"rendered":"Marie-Line Dubuit"},"content":{"rendered":"<p><img loading=\"lazy\" decoding=\"async\" data-attachment-id=\"1497\" data-permalink=\"https:\/\/av.arbeaumont.eu\/index.php\/2026\/02\/10\/marie-line-dubuit\/capture-decran-2019-04-10-a-10-02-46\/\" data-orig-file=\"https:\/\/av.arbeaumont.eu\/wp-content\/uploads\/2019\/04\/Capture-d\u2019\u00e9cran-2019-04-10-\u00e0-10.02.46-e1554901690726.png\" data-orig-size=\"1247,964\" data-comments-opened=\"1\" data-image-meta=\"{&quot;aperture&quot;:&quot;0&quot;,&quot;credit&quot;:&quot;&quot;,&quot;camera&quot;:&quot;&quot;,&quot;caption&quot;:&quot;&quot;,&quot;created_timestamp&quot;:&quot;0&quot;,&quot;copyright&quot;:&quot;&quot;,&quot;focal_length&quot;:&quot;0&quot;,&quot;iso&quot;:&quot;0&quot;,&quot;shutter_speed&quot;:&quot;0&quot;,&quot;title&quot;:&quot;&quot;,&quot;orientation&quot;:&quot;0&quot;}\" data-image-title=\"Capture d\u2019\u00e9cran 2019-04-10 \u00e0 10.02.46\" data-image-description=\"\" data-image-caption=\"\" data-medium-file=\"https:\/\/av.arbeaumont.eu\/wp-content\/uploads\/2019\/04\/Capture-d\u2019\u00e9cran-2019-04-10-\u00e0-10.02.46-e1554901690726-300x232.png\" data-large-file=\"https:\/\/av.arbeaumont.eu\/wp-content\/uploads\/2019\/04\/Capture-d\u2019\u00e9cran-2019-04-10-\u00e0-10.02.46-e1554901690726-1024x792.png\" class=\"alignnone size-medium wp-image-1497\" src=\"https:\/\/av.arbeaumont.eu\/wp-content\/uploads\/2019\/04\/Capture-d\u2019\u00e9cran-2019-04-10-\u00e0-10.02.46-297x300.png\" alt=\"\" width=\"297\" height=\"300\" \/><\/p>\n<p>Elle a \u00e9tudi\u00e9 \u00e0 l&rsquo;\u00e9cole sup\u00e9rieure Albert Jacquard \u00e0 Namur en arts plastiques.<\/p>\n<p>Elle enseigne la photographie et les arts plastiques depuis 10 ans.<\/p>\n<p>Cours dispens\u00e9s dans l&rsquo;option :<\/p>\n<ul>\n<li>Dessin artistique (3e et 4e) &#8211; 2 heures<\/li>\n<li>Histoire de l&rsquo;art (3e et 4e) &#8211; 1 heure<\/li>\n<\/ul>\n","protected":false},"excerpt":{"rendered":"<p>Elle a \u00e9tudi\u00e9 \u00e0 l&rsquo;\u00e9cole sup\u00e9rieure Albert Jacquard \u00e0 Namur en arts plastiques. Elle enseigne la photographie et les arts plastiques depuis 10 ans. Cours dispens\u00e9s dans l&rsquo;option : Dessin artistique (3e et 4e) &#8211; 2 heures Histoire de l&rsquo;art (3e et 4e) &#8211; 1 heure<\/p>\n","protected":false},"author":1,"featured_media":1497,"comment_status":"open","ping_status":"closed","sticky":false,"template":"","format":"standard","meta":{"jetpack_post_was_ever_published":false,"footnotes":""},"categories":[28,27],"tags":[],"class_list":{"0":"post-1495","1":"post","2":"type-post","3":"status-publish","4":"format-standard","5":"has-post-thumbnail","7":"category-les-cours","8":"category-les-profs"},"jetpack_featured_media_url":"https:\/\/av.arbeaumont.eu\/wp-content\/uploads\/2019\/04\/Capture-d\u2019\u00e9cran-2019-04-10-\u00e0-10.02.46-e1554901690726.png","jetpack_sharing_enabled":true,"jetpack_shortlink":"https:\/\/wp.me\/p8Dhaa-o7","jetpack_likes_enabled":true,"jetpack-related-posts":[{"id":1524,"url":"https:\/\/av.arbeaumont.eu\/index.php\/2019\/04\/10\/dessin-decoratif-4e-annee\/","url_meta":{"origin":1495,"position":0},"title":"Dessin d\u00e9coratif (2 heures)","date":"10 avril 2019","format":false,"excerpt":"Objectifs g\u00e9n\u00e9raux G\u00e9n\u00e9ralement, les m\u00eames contenus qu'en 3e ann\u00e9e seront repris et approfondis dans des travaux visant plus encore l\u2019affirmation de la personnalit\u00e9 de l\u2019\u00e9l\u00e8ve et la relation avec la sp\u00e9cificit\u00e9 de l\u2019option. On fera ainsi appel \u00e0 des r\u00e9alisations - ou des projets \u00e0 concr\u00e9tiser dans d\u2019autres cours- int\u00e9grant\u2026","rel":"","context":"Dans &quot;4e ann\u00e9e&quot;","img":{"alt_text":"","src":"https:\/\/i0.wp.com\/av.arbeaumont.eu\/wp-content\/uploads\/2019\/04\/49199546_1206664579483051_3978918674370134016_n-e1554901476688.jpg?resize=350%2C200&ssl=1","width":350,"height":200},"classes":[]},{"id":1499,"url":"https:\/\/av.arbeaumont.eu\/index.php\/2026\/02\/10\/nathalie-papleux\/","url_meta":{"origin":1495,"position":1},"title":"Nathalie Papleux","date":"10 f\u00e9vrier 2026","format":false,"excerpt":"Licenci\u00e9e en journalisme et communication de l'ULB et d\u00e9tentrice d'un master en Education aux m\u00e9dias de l'IHECS, elle a \u00e9t\u00e9 journaliste professionnelle \u00e0 la RTBF pendant plus de 20 ans. \u00a0Elle a travaill\u00e9 en t\u00e9l\u00e9 pour le JT, Au nom de la loi, Devoir d'enqu\u00eate et en radio pour les\u2026","rel":"","context":"Dans &quot;Les cours&quot;","img":{"alt_text":"","src":"https:\/\/i0.wp.com\/av.arbeaumont.eu\/wp-content\/uploads\/2026\/03\/235207102_2259287310869510_8797960619023868480_n-2.jpg?resize=350%2C200&ssl=1","width":350,"height":200},"classes":[]},{"id":1528,"url":"https:\/\/av.arbeaumont.eu\/index.php\/2019\/04\/10\/technologie-2\/","url_meta":{"origin":1495,"position":2},"title":"Technologie (2 heures)","date":"10 avril 2019","format":false,"excerpt":"Objectifs g\u00e9n\u00e9raux Les contenus sont globalement les m\u00eames qu\u2019en 3e, tous les \u00e9l\u00e8ves n\u2019\u00e9tant pas n\u00e9cessairement pass\u00e9s par cette option, mais ici aussi on veillera, apr\u00e8s un bref rappel ou une mise en place de la mati\u00e8re de 3e, \u00e0 approfondir les notions acquises en d\u00e9taillant certains aspects, seulement abord\u00e9s\u2026","rel":"","context":"Dans &quot;4e ann\u00e9e&quot;","img":{"alt_text":"","src":"https:\/\/i0.wp.com\/av.arbeaumont.eu\/wp-content\/uploads\/2019\/04\/sans-titre-29.jpg?resize=350%2C200&ssl=1","width":350,"height":200},"classes":[]},{"id":2443,"url":"https:\/\/av.arbeaumont.eu\/index.php\/2021\/04\/06\/loption-audiovisuel-est-elle-faite-pour-toi\/","url_meta":{"origin":1495,"position":3},"title":"Questionnaire : l&rsquo;option audiovisuel est-elle faite pour toi?","date":"6 avril 2021","format":false,"excerpt":"Tu entres en 3e, 4e ou 5e secondaire et tu ne sais pas quelle option choisir l'an prochain? Et pourquoi pas l'audiovisuel. C'est une option de l'enseignement technique de transition qui te permet de suivre un enseignement g\u00e9n\u00e9ral tout en ayant des cours orient\u00e9s vers l'image, le son et les\u2026","rel":"","context":"Dans &quot;Pr\u00e9sentation de l'option&quot;","img":{"alt_text":"","src":"https:\/\/i0.wp.com\/av.arbeaumont.eu\/wp-content\/uploads\/2021\/04\/Amok-3.jpg?resize=350%2C200&ssl=1","width":350,"height":200},"classes":[]},{"id":2052,"url":"https:\/\/av.arbeaumont.eu\/index.php\/2020\/04\/16\/campagne-contre-le-harcelement\/","url_meta":{"origin":1495,"position":4},"title":"Campagne contre le harc\u00e8lement","date":"16 avril 2020","format":false,"excerpt":"En d\u00e9but d'ann\u00e9e, les classes de 3e, 4e et 6e audiovisuel se sont lanc\u00e9es dans un vaste projet relatif au harc\u00e8lement. L'id\u00e9e \u00e9tait de sensibiliser le public \u00e0 cette probl\u00e9matique au travers de la r\u00e9alisation d'affiches et de spots publicitaires. La fermeture des \u00e9coles en raison du confinement ne nous\u2026","rel":"","context":"Dans &quot;Affiches&quot;","img":{"alt_text":"","src":"https:\/\/i0.wp.com\/av.arbeaumont.eu\/wp-content\/uploads\/2020\/04\/AFFICHE-LUPU-STEFANIA-3TTR-2-scaled.jpg?resize=350%2C200&ssl=1","width":350,"height":200},"classes":[]},{"id":1537,"url":"https:\/\/av.arbeaumont.eu\/index.php\/2019\/04\/10\/presentation-assistee-par-ordinateur-2\/","url_meta":{"origin":1495,"position":5},"title":"Pr\u00e9sentation assist\u00e9e par ordinateur (1 heure)","date":"10 avril 2019","format":false,"excerpt":"Objectifs g\u00e9n\u00e9raux Rappel et perfectionnement des techniques vues en 3e ; Contenus Perfectionnement des techniques typographiques (polices, mise en page...) \u00e0 l\u2019ordinateur ; D\u00e9couverte et\/ou approfondissement des techniques num\u00e9riques de retouche,de transformation et\/ou d\u2019animation des images. Powerpoint Lightroom Photoshop Bases de Premi\u00e8re Audacity L'image num\u00e9rique Exemple de cours dispens\u00e9 en\u2026","rel":"","context":"Dans &quot;4e ann\u00e9e&quot;","img":{"alt_text":"","src":"https:\/\/i0.wp.com\/av.arbeaumont.eu\/wp-content\/uploads\/2019\/04\/Logo-Lightroom.png?resize=350%2C200&ssl=1","width":350,"height":200},"classes":[]}],"amp_enabled":true,"_links":{"self":[{"href":"https:\/\/av.arbeaumont.eu\/index.php\/wp-json\/wp\/v2\/posts\/1495","targetHints":{"allow":["GET"]}}],"collection":[{"href":"https:\/\/av.arbeaumont.eu\/index.php\/wp-json\/wp\/v2\/posts"}],"about":[{"href":"https:\/\/av.arbeaumont.eu\/index.php\/wp-json\/wp\/v2\/types\/post"}],"author":[{"embeddable":true,"href":"https:\/\/av.arbeaumont.eu\/index.php\/wp-json\/wp\/v2\/users\/1"}],"replies":[{"embeddable":true,"href":"https:\/\/av.arbeaumont.eu\/index.php\/wp-json\/wp\/v2\/comments?post=1495"}],"version-history":[{"count":5,"href":"https:\/\/av.arbeaumont.eu\/index.php\/wp-json\/wp\/v2\/posts\/1495\/revisions"}],"predecessor-version":[{"id":3209,"href":"https:\/\/av.arbeaumont.eu\/index.php\/wp-json\/wp\/v2\/posts\/1495\/revisions\/3209"}],"wp:featuredmedia":[{"embeddable":true,"href":"https:\/\/av.arbeaumont.eu\/index.php\/wp-json\/wp\/v2\/media\/1497"}],"wp:attachment":[{"href":"https:\/\/av.arbeaumont.eu\/index.php\/wp-json\/wp\/v2\/media?parent=1495"}],"wp:term":[{"taxonomy":"category","embeddable":true,"href":"https:\/\/av.arbeaumont.eu\/index.php\/wp-json\/wp\/v2\/categories?post=1495"},{"taxonomy":"post_tag","embeddable":true,"href":"https:\/\/av.arbeaumont.eu\/index.php\/wp-json\/wp\/v2\/tags?post=1495"}],"curies":[{"name":"wp","href":"https:\/\/api.w.org\/{rel}","templated":true}]}}