{"id":1499,"date":"2026-02-10T10:28:00","date_gmt":"2026-02-10T09:28:00","guid":{"rendered":"https:\/\/av.arbeaumont.eu\/?p=1499"},"modified":"2026-03-13T23:20:00","modified_gmt":"2026-03-13T22:20:00","slug":"nathalie-papleux","status":"publish","type":"post","link":"https:\/\/av.arbeaumont.eu\/index.php\/2026\/02\/10\/nathalie-papleux\/","title":{"rendered":"Nathalie Papleux"},"content":{"rendered":"<p><img loading=\"lazy\" decoding=\"async\" data-attachment-id=\"3201\" data-permalink=\"https:\/\/av.arbeaumont.eu\/index.php\/2026\/02\/10\/nathalie-papleux\/235207102_2259287310869510_8797960619023868480_n-2\/\" data-orig-file=\"https:\/\/av.arbeaumont.eu\/wp-content\/uploads\/2026\/03\/235207102_2259287310869510_8797960619023868480_n-2.jpg\" data-orig-size=\"1181,1181\" data-comments-opened=\"1\" data-image-meta=\"{&quot;aperture&quot;:&quot;0&quot;,&quot;credit&quot;:&quot;Nathalie Papleux&quot;,&quot;camera&quot;:&quot;&quot;,&quot;caption&quot;:&quot;&quot;,&quot;created_timestamp&quot;:&quot;0&quot;,&quot;copyright&quot;:&quot;Nathalie Papleux&quot;,&quot;focal_length&quot;:&quot;0&quot;,&quot;iso&quot;:&quot;0&quot;,&quot;shutter_speed&quot;:&quot;0&quot;,&quot;title&quot;:&quot;&quot;,&quot;orientation&quot;:&quot;0&quot;}\" data-image-title=\"235207102_2259287310869510_8797960619023868480_n-2\" data-image-description=\"\" data-image-caption=\"\" data-medium-file=\"https:\/\/av.arbeaumont.eu\/wp-content\/uploads\/2026\/03\/235207102_2259287310869510_8797960619023868480_n-2-300x300.jpg\" data-large-file=\"https:\/\/av.arbeaumont.eu\/wp-content\/uploads\/2026\/03\/235207102_2259287310869510_8797960619023868480_n-2-1024x1024.jpg\" class=\"alignnone size-medium wp-image-3201\" src=\"https:\/\/av.arbeaumont.eu\/wp-content\/uploads\/2026\/03\/235207102_2259287310869510_8797960619023868480_n-2-300x300.jpg\" alt=\"\" width=\"300\" height=\"300\" srcset=\"https:\/\/av.arbeaumont.eu\/wp-content\/uploads\/2026\/03\/235207102_2259287310869510_8797960619023868480_n-2-300x300.jpg 300w, https:\/\/av.arbeaumont.eu\/wp-content\/uploads\/2026\/03\/235207102_2259287310869510_8797960619023868480_n-2-1024x1024.jpg 1024w, https:\/\/av.arbeaumont.eu\/wp-content\/uploads\/2026\/03\/235207102_2259287310869510_8797960619023868480_n-2-150x150.jpg 150w, https:\/\/av.arbeaumont.eu\/wp-content\/uploads\/2026\/03\/235207102_2259287310869510_8797960619023868480_n-2-768x768.jpg 768w, https:\/\/av.arbeaumont.eu\/wp-content\/uploads\/2026\/03\/235207102_2259287310869510_8797960619023868480_n-2-696x696.jpg 696w, https:\/\/av.arbeaumont.eu\/wp-content\/uploads\/2026\/03\/235207102_2259287310869510_8797960619023868480_n-2-1068x1068.jpg 1068w, https:\/\/av.arbeaumont.eu\/wp-content\/uploads\/2026\/03\/235207102_2259287310869510_8797960619023868480_n-2-420x420.jpg 420w, https:\/\/av.arbeaumont.eu\/wp-content\/uploads\/2026\/03\/235207102_2259287310869510_8797960619023868480_n-2.jpg 1181w\" sizes=\"auto, (max-width: 300px) 100vw, 300px\" \/><\/p>\n<p>Licenci\u00e9e en journalisme et communication de l&rsquo;ULB et d\u00e9tentrice d&rsquo;un master en Education aux m\u00e9dias de l&rsquo;IHECS, elle a \u00e9t\u00e9 journaliste professionnelle \u00e0 la RTBF pendant plus de 20 ans. &nbsp;Elle a travaill\u00e9 en t\u00e9l\u00e9 pour le JT, Au nom de la loi, Devoir d&rsquo;enqu\u00eate et en radio pour les journaux parl\u00e9s d&rsquo;information.<\/p>\n<p>Elle a suivi 4 ans de cours du soir en promotion sociale en photographie (analyse d&rsquo;images, projet photographique, histoire de la photographie, techniques photographiques, \u00e9clairages, logiciels de montage et de retouches photos).<\/p>\n<p>De 2022 \u00e0 2026, elle a \u00e9t\u00e9 collaboratrice p\u00e9dagogique \u00e0 l&rsquo;ULB dans la formation des futurs enseignants d\u00e9tenteurs de master en Infocom et Arts du spectacle.<\/p>\n<p>Depuis 2025, elle est \u00e9galement ind\u00e9pendante compl\u00e9mentaire et exerce une activit\u00e9 de vid\u00e9aste et photographe professionnelle.<\/p>\n<p>Cours dispens\u00e9s dans la section :<\/p>\n<ul>\n<li>Laboratoire et technologie &nbsp;(4e) &#8211; 3 heures<\/li>\n<li>Pr\u00e9sentation assist\u00e9e par ordinateur (4e) &#8211; 1 heure<\/li>\n<li>Technologie (4e) &#8211; 2 heures<\/li>\n<li>Images fixes (5e) : 2 heures<\/li>\n<li>Images anim\u00e9es (5e) : 2 heures<\/li>\n<li>Education aux m\u00e9dias (5e) : 1 heure<\/li>\n<li>Technologie des appareils audiovisuels (5e) : 1 heure<\/li>\n<li>Psychop\u00e9dagogie de l&rsquo;audiovisuel (5e) : 1 heure<\/li>\n<li>Psychop\u00e9dagogie de l&rsquo;audiovisuel (6e) : 1 heure<\/li>\n<li>Images anim\u00e9es &#8211; techniques annexes (6e) : 1 heure<\/li>\n<li>Education aux m\u00e9dias (6e) : 1 heure<\/li>\n<li>Productions audiovisuelles (6e) : 4 heures<\/li>\n<\/ul>\n","protected":false},"excerpt":{"rendered":"<p>Licenci\u00e9e en journalisme et communication de l&rsquo;ULB et d\u00e9tentrice d&rsquo;un master en Education aux m\u00e9dias de l&rsquo;IHECS, elle a \u00e9t\u00e9 journaliste professionnelle \u00e0 la RTBF pendant plus de 20 ans. &nbsp;Elle a travaill\u00e9 en t\u00e9l\u00e9 pour le JT, Au nom de la loi, Devoir d&rsquo;enqu\u00eate et en radio pour les journaux parl\u00e9s d&rsquo;information. Elle a [&hellip;]<\/p>\n","protected":false},"author":1,"featured_media":3201,"comment_status":"open","ping_status":"closed","sticky":false,"template":"","format":"standard","meta":{"jetpack_post_was_ever_published":false,"footnotes":""},"categories":[28,27],"tags":[],"class_list":{"0":"post-1499","1":"post","2":"type-post","3":"status-publish","4":"format-standard","5":"has-post-thumbnail","7":"category-les-cours","8":"category-les-profs"},"jetpack_featured_media_url":"https:\/\/av.arbeaumont.eu\/wp-content\/uploads\/2026\/03\/235207102_2259287310869510_8797960619023868480_n-2.jpg","jetpack_sharing_enabled":true,"jetpack_shortlink":"https:\/\/wp.me\/p8Dhaa-ob","jetpack_likes_enabled":true,"jetpack-related-posts":[{"id":1495,"url":"https:\/\/av.arbeaumont.eu\/index.php\/2026\/02\/10\/marie-line-dubuit\/","url_meta":{"origin":1499,"position":0},"title":"Marie-Line Dubuit","date":"10 f\u00e9vrier 2026","format":false,"excerpt":"Elle a \u00e9tudi\u00e9 \u00e0 l'\u00e9cole sup\u00e9rieure Albert Jacquard \u00e0 Namur en arts plastiques. Elle enseigne la photographie et les arts plastiques depuis 10 ans. Cours dispens\u00e9s dans l'option : Dessin artistique (3e et 4e) - 2 heures Histoire de l'art (3e et 4e) - 1 heure","rel":"","context":"Dans &quot;Les cours&quot;","img":{"alt_text":"","src":"https:\/\/i0.wp.com\/av.arbeaumont.eu\/wp-content\/uploads\/2019\/04\/Capture-d\u2019\u00e9cran-2019-04-10-\u00e0-10.02.46-e1554901690726.png?resize=350%2C200&ssl=1","width":350,"height":200},"classes":[]},{"id":2384,"url":"https:\/\/av.arbeaumont.eu\/index.php\/2021\/04\/05\/temoignages-danciens-eleves-daudiovisuel\/","url_meta":{"origin":1499,"position":1},"title":"T\u00e9moignages d&rsquo;anciens \u00e9l\u00e8ves d&rsquo;audiovisuel","date":"5 avril 2021","format":false,"excerpt":"Eva G\u00e9rard Bac 2 Infirmi\u00e8re Haute \u00e9cole Galil\u00e9e \u00e0 Bruxelles Je suis arriv\u00e9e dans l\u2019option d\u00e8s ma troisi\u00e8me, je suis un peu la mamy de la bande. J\u2019ai choisi cette option car rien ne m\u2019inspirait et aujourd'hui, je suis persuad\u00e9e que cette d\u00e9cision \u00e9tait la meilleure que je pouvais prendre.\u2026","rel":"","context":"Dans &quot;Pr\u00e9sentation de l'option&quot;","img":{"alt_text":"","src":"https:\/\/i0.wp.com\/av.arbeaumont.eu\/wp-content\/uploads\/2021\/04\/Photo-6TTR.jpg?resize=350%2C200&ssl=1","width":350,"height":200},"classes":[]},{"id":1569,"url":"https:\/\/av.arbeaumont.eu\/index.php\/2019\/04\/10\/images-fixes-2-heures\/","url_meta":{"origin":1499,"position":2},"title":"Images fixes (2 heures)","date":"10 avril 2019","format":false,"excerpt":"Objectifs g\u00e9n\u00e9raux Installer (ou v\u00e9rifier et approfondir pour ceux ou celles qui ont d\u00e9j\u00e0 acquis une certaine exp\u00e9rience dans ce domaine) les connaissances th\u00e9oriques et pratiques du mat\u00e9riel et des techniques par la manipulation des appareils et la r\u00e9alisation de productions personnelles soign\u00e9es. Contenus Comme dit pr\u00e9c\u00e9demment, les contenus correspondent\u2026","rel":"","context":"Dans &quot;5e ann\u00e9e&quot;","img":{"alt_text":"","src":"https:\/\/i0.wp.com\/av.arbeaumont.eu\/wp-content\/uploads\/2019\/04\/Photos-studio-3resize.jpg?resize=350%2C200&ssl=1","width":350,"height":200},"classes":[]},{"id":2443,"url":"https:\/\/av.arbeaumont.eu\/index.php\/2021\/04\/06\/loption-audiovisuel-est-elle-faite-pour-toi\/","url_meta":{"origin":1499,"position":3},"title":"Questionnaire : l&rsquo;option audiovisuel est-elle faite pour toi?","date":"6 avril 2021","format":false,"excerpt":"Tu entres en 3e, 4e ou 5e secondaire et tu ne sais pas quelle option choisir l'an prochain? Et pourquoi pas l'audiovisuel. C'est une option de l'enseignement technique de transition qui te permet de suivre un enseignement g\u00e9n\u00e9ral tout en ayant des cours orient\u00e9s vers l'image, le son et les\u2026","rel":"","context":"Dans &quot;Pr\u00e9sentation de l'option&quot;","img":{"alt_text":"","src":"https:\/\/i0.wp.com\/av.arbeaumont.eu\/wp-content\/uploads\/2021\/04\/Amok-3.jpg?resize=350%2C200&ssl=1","width":350,"height":200},"classes":[]},{"id":1557,"url":"https:\/\/av.arbeaumont.eu\/index.php\/2019\/04\/10\/technologie-des-appareils-audiovisuels\/","url_meta":{"origin":1499,"position":4},"title":"Technologie des appareils audiovisuels (1 heure)","date":"10 avril 2019","format":false,"excerpt":"Objectifs g\u00e9n\u00e9raux D\u00e9couverte- ou r\u00e9vision pour certains \u00e9l\u00e8ves- des techniques et des appareils audiovisuels de base ;\u00a0acqu\u00e9rir et m\u00e9moriser le vocabulaire technique pratiqu\u00e9 dans le domaine de l\u2019image (fixe et anim\u00e9e) et du son ; Comprendre et assimiler les techniques de base et les possibilit\u00e9s des diff\u00e9rents mat\u00e9riels ; Faire\u2026","rel":"","context":"Dans &quot;5e ann\u00e9e&quot;","img":{"alt_text":"","src":"https:\/\/i0.wp.com\/av.arbeaumont.eu\/wp-content\/uploads\/2019\/04\/Amok-3resize.jpg?resize=350%2C200&ssl=1","width":350,"height":200},"classes":[]},{"id":2611,"url":"https:\/\/av.arbeaumont.eu\/index.php\/2022\/01\/08\/bibliotheques-humaines\/","url_meta":{"origin":1499,"position":5},"title":"Perrine, \u00e0 l&rsquo;\u00e9coute de la nature","date":"8 janvier 2022","format":false,"excerpt":"Perrine est-elle une alchimiste? Une magicienne? Une botaniste? Ou tout simplement une femme qui sait observer et \u00e9couter la nature? Toute l'ann\u00e9e, Perrine s\u00e8me, nourrit, r\u00e9colte et s\u00e8che les plantes pour en cr\u00e9er des \u00e9lixirs, des huiles, des hydrolats, \u2026 pour prendre soin du corps, mais aussi de l'\u00e2me!Mais le\u2026","rel":"","context":"Dans &quot;Biblioth\u00e8ques humaines&quot;","img":{"alt_text":"","src":"https:\/\/i0.wp.com\/av.arbeaumont.eu\/wp-content\/uploads\/2022\/01\/Perrine-2.jpg?resize=350%2C200&ssl=1","width":350,"height":200},"classes":[]}],"amp_enabled":true,"_links":{"self":[{"href":"https:\/\/av.arbeaumont.eu\/index.php\/wp-json\/wp\/v2\/posts\/1499","targetHints":{"allow":["GET"]}}],"collection":[{"href":"https:\/\/av.arbeaumont.eu\/index.php\/wp-json\/wp\/v2\/posts"}],"about":[{"href":"https:\/\/av.arbeaumont.eu\/index.php\/wp-json\/wp\/v2\/types\/post"}],"author":[{"embeddable":true,"href":"https:\/\/av.arbeaumont.eu\/index.php\/wp-json\/wp\/v2\/users\/1"}],"replies":[{"embeddable":true,"href":"https:\/\/av.arbeaumont.eu\/index.php\/wp-json\/wp\/v2\/comments?post=1499"}],"version-history":[{"count":5,"href":"https:\/\/av.arbeaumont.eu\/index.php\/wp-json\/wp\/v2\/posts\/1499\/revisions"}],"predecessor-version":[{"id":3206,"href":"https:\/\/av.arbeaumont.eu\/index.php\/wp-json\/wp\/v2\/posts\/1499\/revisions\/3206"}],"wp:featuredmedia":[{"embeddable":true,"href":"https:\/\/av.arbeaumont.eu\/index.php\/wp-json\/wp\/v2\/media\/3201"}],"wp:attachment":[{"href":"https:\/\/av.arbeaumont.eu\/index.php\/wp-json\/wp\/v2\/media?parent=1499"}],"wp:term":[{"taxonomy":"category","embeddable":true,"href":"https:\/\/av.arbeaumont.eu\/index.php\/wp-json\/wp\/v2\/categories?post=1499"},{"taxonomy":"post_tag","embeddable":true,"href":"https:\/\/av.arbeaumont.eu\/index.php\/wp-json\/wp\/v2\/tags?post=1499"}],"curies":[{"name":"wp","href":"https:\/\/api.w.org\/{rel}","templated":true}]}}