{"id":1524,"date":"2019-04-10T15:02:00","date_gmt":"2019-04-10T13:02:00","guid":{"rendered":"https:\/\/av.arbeaumont.eu\/?p=1524"},"modified":"2019-04-10T15:59:04","modified_gmt":"2019-04-10T13:59:04","slug":"dessin-decoratif-4e-annee","status":"publish","type":"post","link":"https:\/\/av.arbeaumont.eu\/index.php\/2019\/04\/10\/dessin-decoratif-4e-annee\/","title":{"rendered":"Dessin d\u00e9coratif (2 heures)"},"content":{"rendered":"<div class=\"page\" title=\"Page 18\">\n<div class=\"layoutArea\">\n<div class=\"column\">\n<p><strong>Objectifs g\u00e9n\u00e9raux<\/strong><\/p>\n<p>G\u00e9n\u00e9ralement, les m\u00eames contenus qu&rsquo;en 3e ann\u00e9e seront repris et approfondis dans des travaux visant plus encore l\u2019affirmation de la personnalit\u00e9 de l\u2019\u00e9l\u00e8ve et la relation avec la sp\u00e9cificit\u00e9 de l\u2019option. On fera ainsi appel \u00e0 des r\u00e9alisations &#8211; ou des projets \u00e0 concr\u00e9tiser dans d\u2019autres cours- int\u00e9grant \u00e0 la fois les techniques plastiques et les techniques audiovisuelles.<\/p>\n<p>On portera aussi l\u2019attention de l\u2019\u00e9l\u00e8ve sur le rapport contenant-contenu et sur la coh\u00e9sion des intentions- tant au niveau du sujet que du climat- et des moyens plastiques mis en \u0153uvre.<\/p>\n<p>A ce titre, les diff\u00e9rentes recherches graphiques (dessins, \u00e9critures, logos, d\u00e9coupages, pictogrammes&#8230;) pourront \u00eatre \u00e0 la base de la cr\u00e9ation personnalis\u00e9e de divers travaux d\u2019illustration ( Bande dessin\u00e9e, pochettes de CD, affiches, montages,&#8230;).<\/p>\n<p>L\u2019accent y sera mis sur la valeur expressive du trait, l\u2019impact de la couleur, l\u2019atmosph\u00e8re, les techniques et les styles de narration et d\u2019illustration .<\/p>\n<\/div>\n<\/div>\n<\/div>\n","protected":false},"excerpt":{"rendered":"<p>Objectifs g\u00e9n\u00e9raux G\u00e9n\u00e9ralement, les m\u00eames contenus qu&rsquo;en 3e ann\u00e9e seront repris et approfondis dans des travaux visant plus encore l\u2019affirmation de la personnalit\u00e9 de l\u2019\u00e9l\u00e8ve et la relation avec la sp\u00e9cificit\u00e9 de l\u2019option. On fera ainsi appel \u00e0 des r\u00e9alisations &#8211; ou des projets \u00e0 concr\u00e9tiser dans d\u2019autres cours- int\u00e9grant \u00e0 la fois les techniques [&hellip;]<\/p>\n","protected":false},"author":1,"featured_media":1522,"comment_status":"open","ping_status":"closed","sticky":false,"template":"","format":"standard","meta":{"jetpack_post_was_ever_published":false,"footnotes":""},"categories":[30],"tags":[],"class_list":{"0":"post-1524","1":"post","2":"type-post","3":"status-publish","4":"format-standard","5":"has-post-thumbnail","7":"category-4e-annee"},"jetpack_featured_media_url":"https:\/\/av.arbeaumont.eu\/wp-content\/uploads\/2019\/04\/49199546_1206664579483051_3978918674370134016_n-e1554901476688.jpg","jetpack_sharing_enabled":true,"jetpack_shortlink":"https:\/\/wp.me\/p8Dhaa-oA","jetpack_likes_enabled":true,"jetpack-related-posts":[{"id":1531,"url":"https:\/\/av.arbeaumont.eu\/index.php\/2019\/04\/10\/laboratoire-et-technologie\/","url_meta":{"origin":1524,"position":0},"title":"Laboratoire et technologie (3 heures)","date":"10 avril 2019","format":false,"excerpt":"Objectifs g\u00e9n\u00e9raux Il s\u2019agit ici essentiellement de mettre en pratique les diff\u00e9rentes notions vues au cours (plus th\u00e9orique) de Technologie, par le biais de travaux individuels ou de groupes r\u00e9pondant \u00e0 des exigences \u00e0 la fois techniques et artistiques, mais si possible aussi \u00e0 des finalit\u00e9s concr\u00e8tes et motivantes pour\u2026","rel":"","context":"Dans &quot;3e ann\u00e9e&quot;","img":{"alt_text":"","src":"https:\/\/i0.wp.com\/av.arbeaumont.eu\/wp-content\/uploads\/2019\/04\/Hiver-TTR-7resize.jpg?resize=350%2C200&ssl=1","width":350,"height":200},"classes":[]},{"id":1571,"url":"https:\/\/av.arbeaumont.eu\/index.php\/2019\/04\/10\/images-animees-2-heures\/","url_meta":{"origin":1524,"position":1},"title":"Images anim\u00e9es (2 heures)","date":"10 avril 2019","format":false,"excerpt":"Objectifs g\u00e9n\u00e9raux D\u00e9couvrir et\/ou perfectionner l\u2019utilisation des appareils et des techniques par le biais de productions personnelles ou de groupe ; Conna\u00eetre et franchir les \u00e9tapes n\u00e9cessaires \u00e0 un bon aboutissement de ces r\u00e9alisations, comme l\u2019\u00e9laboration d\u2019un dossier technique, d\u2019un story-board, une bonne gestion du temps et du mat\u00e9riel, une\u2026","rel":"","context":"Dans &quot;5e ann\u00e9e&quot;","img":{"alt_text":"","src":"https:\/\/i0.wp.com\/av.arbeaumont.eu\/wp-content\/uploads\/2018\/05\/DSC_0017.jpg?resize=350%2C200&ssl=1","width":350,"height":200},"classes":[]},{"id":1561,"url":"https:\/\/av.arbeaumont.eu\/index.php\/2019\/04\/10\/education-aux-medias-1-heure-2\/","url_meta":{"origin":1524,"position":2},"title":"Education aux m\u00e9dias (1 heure)","date":"10 avril 2019","format":false,"excerpt":"Objectifs g\u00e9n\u00e9raux Approfondir les savoirs, savoir-faire et savoir-\u00eatre abord\u00e9s dans ce m\u00eame cours en cinqui\u00e8me ann\u00e9e, notamment : Apprendre \u00e0 percevoir (regarder, lire, \u00e9couter), \u00e0 analyser et \u00e0 appr\u00e9cier une production audiovisuelle, m\u00e9diatique, en d\u00e9terminer le genre, le but, les moyens techniques et psychologiques utilis\u00e9s par les producteurs et les\u2026","rel":"","context":"Dans &quot;6e ann\u00e9e&quot;","img":{"alt_text":"","src":"https:\/\/i0.wp.com\/av.arbeaumont.eu\/wp-content\/uploads\/2019\/04\/Amok-26resize.jpg?resize=350%2C200&ssl=1","width":350,"height":200},"classes":[]},{"id":1569,"url":"https:\/\/av.arbeaumont.eu\/index.php\/2019\/04\/10\/images-fixes-2-heures\/","url_meta":{"origin":1524,"position":3},"title":"Images fixes (2 heures)","date":"10 avril 2019","format":false,"excerpt":"Objectifs g\u00e9n\u00e9raux Installer (ou v\u00e9rifier et approfondir pour ceux ou celles qui ont d\u00e9j\u00e0 acquis une certaine exp\u00e9rience dans ce domaine) les connaissances th\u00e9oriques et pratiques du mat\u00e9riel et des techniques par la manipulation des appareils et la r\u00e9alisation de productions personnelles soign\u00e9es. Contenus Comme dit pr\u00e9c\u00e9demment, les contenus correspondent\u2026","rel":"","context":"Dans &quot;5e ann\u00e9e&quot;","img":{"alt_text":"","src":"https:\/\/i0.wp.com\/av.arbeaumont.eu\/wp-content\/uploads\/2019\/04\/Photos-studio-3resize.jpg?resize=350%2C200&ssl=1","width":350,"height":200},"classes":[]},{"id":1555,"url":"https:\/\/av.arbeaumont.eu\/index.php\/2019\/04\/10\/psychopedagogie-de-limage-1-heure-2\/","url_meta":{"origin":1524,"position":4},"title":"Psychop\u00e9dagogie de l&rsquo;image (1 heure)","date":"10 avril 2019","format":false,"excerpt":"Objectifs g\u00e9n\u00e9raux Approfondir et\/ou nuancer les notions abord\u00e9es en cinqui\u00e8me dans les cours de Psychop\u00e9dagogie de l\u2019Audiovisuel et d\u2019Education aux m\u00e9dias, notamment : Conna\u00eetre les processus de communication en g\u00e9n\u00e9ral. Percevoir et analyser les m\u00e9canismes de manipulation utilis\u00e9s couramment par les m\u00e9dias, t\u00e9l\u00e9visuels surtout, et leurs cons\u00e9quences \u2013conscientes ou inconscientes-\u2026","rel":"","context":"Dans &quot;6e ann\u00e9e&quot;","img":{"alt_text":"","src":"https:\/\/i0.wp.com\/av.arbeaumont.eu\/wp-content\/uploads\/2019\/04\/DEL_4229resize.jpg?resize=350%2C200&ssl=1","width":350,"height":200},"classes":[]},{"id":1506,"url":"https:\/\/av.arbeaumont.eu\/index.php\/2019\/04\/10\/histoire-de-lart-3e-annee-2\/","url_meta":{"origin":1524,"position":5},"title":"Histoire de l&rsquo;art  (1 heure)","date":"10 avril 2019","format":false,"excerpt":"Objectifs g\u00e9n\u00e9raux Etablir des rep\u00e8res chronologiques et g\u00e9ographiques concernant les divers modes d\u2019expression artistique et les \u0153uvres majeures qui en d\u00e9coulent ; Apprendre \u00e0 appr\u00e9cier des \u0153uvres d\u2019art et d\u00e9velopper un sens esth\u00e9tique critique en usant d\u2019un vocabulaire pr\u00e9cis. Contenus Les grandes divisions habituelles de l\u2019Histoire de l\u2019art peuvent servir\u2026","rel":"","context":"Dans &quot;3e ann\u00e9e&quot;","img":{"alt_text":"","src":"https:\/\/i0.wp.com\/av.arbeaumont.eu\/wp-content\/uploads\/2019\/04\/fresques_de_la_grotte_de_Lascaux_astuce.jpg?resize=350%2C200&ssl=1","width":350,"height":200},"classes":[]}],"amp_enabled":true,"_links":{"self":[{"href":"https:\/\/av.arbeaumont.eu\/index.php\/wp-json\/wp\/v2\/posts\/1524","targetHints":{"allow":["GET"]}}],"collection":[{"href":"https:\/\/av.arbeaumont.eu\/index.php\/wp-json\/wp\/v2\/posts"}],"about":[{"href":"https:\/\/av.arbeaumont.eu\/index.php\/wp-json\/wp\/v2\/types\/post"}],"author":[{"embeddable":true,"href":"https:\/\/av.arbeaumont.eu\/index.php\/wp-json\/wp\/v2\/users\/1"}],"replies":[{"embeddable":true,"href":"https:\/\/av.arbeaumont.eu\/index.php\/wp-json\/wp\/v2\/comments?post=1524"}],"version-history":[{"count":3,"href":"https:\/\/av.arbeaumont.eu\/index.php\/wp-json\/wp\/v2\/posts\/1524\/revisions"}],"predecessor-version":[{"id":1552,"href":"https:\/\/av.arbeaumont.eu\/index.php\/wp-json\/wp\/v2\/posts\/1524\/revisions\/1552"}],"wp:featuredmedia":[{"embeddable":true,"href":"https:\/\/av.arbeaumont.eu\/index.php\/wp-json\/wp\/v2\/media\/1522"}],"wp:attachment":[{"href":"https:\/\/av.arbeaumont.eu\/index.php\/wp-json\/wp\/v2\/media?parent=1524"}],"wp:term":[{"taxonomy":"category","embeddable":true,"href":"https:\/\/av.arbeaumont.eu\/index.php\/wp-json\/wp\/v2\/categories?post=1524"},{"taxonomy":"post_tag","embeddable":true,"href":"https:\/\/av.arbeaumont.eu\/index.php\/wp-json\/wp\/v2\/tags?post=1524"}],"curies":[{"name":"wp","href":"https:\/\/api.w.org\/{rel}","templated":true}]}}