{"id":1553,"date":"2019-04-10T16:07:27","date_gmt":"2019-04-10T14:07:27","guid":{"rendered":"https:\/\/av.arbeaumont.eu\/?p=1553"},"modified":"2021-04-02T16:40:31","modified_gmt":"2021-04-02T14:40:31","slug":"psychopedagogie-de-limage-1-heure","status":"publish","type":"post","link":"https:\/\/av.arbeaumont.eu\/index.php\/2019\/04\/10\/psychopedagogie-de-limage-1-heure\/","title":{"rendered":"Psychop\u00e9dagogie de l&rsquo;image (1 heure)"},"content":{"rendered":"<div class=\"page\" title=\"Page 16\">\n<div class=\"layoutArea\">\n<div class=\"column\">\n<p><strong>Objectifs g\u00e9n\u00e9raux<\/strong><\/p>\n<\/div>\n<\/div>\n<div class=\"layoutArea\">\n<div class=\"column\">\n<ul>\n<li>Prendre conscience d\u2019un langage de et par l\u2019image, de et par le son.<\/li>\n<li>Analyser des productions \u00e0 partir de trois axes compl\u00e9mentaires :\n<ul>\n<li>La d\u00e9notation et la connotation des images et des sons.<\/li>\n<li>L\u2019aspect technique et l\u2019aspect esth\u00e9tique de la r\u00e9alisation ;<\/li>\n<li>Le volet communication et\/ou expression dans le chef de l\u2019auteur.<\/li>\n<\/ul>\n<\/li>\n<\/ul>\n<p>Pr\u00e9parer ses propres r\u00e9alisations en fonction du but poursuivi.<\/p>\n<div class=\"page\" title=\"Page 16\">\n<div class=\"layoutArea\">\n<div class=\"column\">\n<p><strong>Contenus<\/strong><\/p>\n<ul>\n<li>La perception visuelle :\n<ul>\n<li>Fonctionnement optique de l\u2019\u0153il, comparaison avec l\u2019appareil photographique, la vision, la relation \u0153il-cerveau, la vision binoculaire<\/li>\n<li>les stades de la perception et la strat\u00e9gie de lecture<\/li>\n<li>la perception des formes, des couleurs, des valeurs, des mati\u00e8res<\/li>\n<li>les points et lignes de force, la composition d\u2019une image, le mouvement, la relation distance d\u2019observation et format d\u2019image<\/li>\n<li>les illusions d\u2019optiques, les troubles de la vision.<\/li>\n<li>Les quatre contenus signifiants de l\u2019image :la pr\u00e9sentation, la situation, l\u2019action, l\u2019expression.<\/li>\n<li>Objectivit\u00e9 et subjectivit\u00e9 dans la perception visuelle ; causes et effets psychologiques. -Monos\u00e9mie ou polys\u00e9mie de l\u2019image.<\/li>\n<li>Incidence du v\u00e9cu affectif, social, culturel sur la perception des images.<\/li>\n<\/ul>\n<\/li>\n<li>La perception auditive :\n<ul>\n<li>Etude anatomique et fonctionnelle de l\u2019oreille ;<\/li>\n<li>L\u2019audition :-perception de l\u2019intensit\u00e9 et de la hauteur du son ; seuils limites ;<\/li>\n<li>\u00e9quilibration, st\u00e9r\u00e9ophonie.<\/li>\n<li>manipulations des sons ; effets psychologiques.<\/li>\n<\/ul>\n<\/li>\n<\/ul>\n<\/div>\n<\/div>\n<\/div>\n<div class=\"page\" title=\"Page 17\">\n<div class=\"layoutArea\">\n<div class=\"column\">\n<p>\u2022 L\u2019implication de ces notions th\u00e9oriques dans des exercices pratiques d\u2019analyse de\u00a0documents visuels (images fixes)et\/ou sonores, en pr\u00e9vision de r\u00e9alisations concr\u00e8tes en prises de vues et\/ou de son dans les cours appropri\u00e9s.<\/p>\n<\/div>\n<p>Exemple de cours de psychop\u00e9dagogie :<\/p>\n<p><span class=\"embed-youtube\" style=\"text-align:center; display: block;\"><iframe loading=\"lazy\" class=\"youtube-player\" width=\"696\" height=\"392\" src=\"https:\/\/www.youtube.com\/embed\/kU6eYZE5DM8?version=3&#038;rel=1&#038;showsearch=0&#038;showinfo=1&#038;iv_load_policy=1&#038;fs=1&#038;hl=fr-FR&#038;autohide=2&#038;wmode=transparent\" allowfullscreen=\"true\" style=\"border:0;\" sandbox=\"allow-scripts allow-same-origin allow-popups allow-presentation\"><\/iframe><\/span><\/p>\n<\/div>\n<\/div>\n<\/div>\n<\/div>\n<\/div>\n","protected":false},"excerpt":{"rendered":"<p>Objectifs g\u00e9n\u00e9raux Prendre conscience d\u2019un langage de et par l\u2019image, de et par le son. Analyser des productions \u00e0 partir de trois axes compl\u00e9mentaires : La d\u00e9notation et la connotation des images et des sons. L\u2019aspect technique et l\u2019aspect esth\u00e9tique de la r\u00e9alisation ; Le volet communication et\/ou expression dans le chef de l\u2019auteur. Pr\u00e9parer [&hellip;]<\/p>\n","protected":false},"author":1,"featured_media":1251,"comment_status":"open","ping_status":"closed","sticky":false,"template":"","format":"standard","meta":{"jetpack_post_was_ever_published":false,"footnotes":""},"categories":[31],"tags":[],"class_list":{"0":"post-1553","1":"post","2":"type-post","3":"status-publish","4":"format-standard","5":"has-post-thumbnail","7":"category-5e-annee"},"jetpack_featured_media_url":"https:\/\/av.arbeaumont.eu\/wp-content\/uploads\/2019\/04\/Technologie-3resize.jpg","jetpack_sharing_enabled":true,"jetpack_shortlink":"https:\/\/wp.me\/p8Dhaa-p3","jetpack_likes_enabled":true,"jetpack-related-posts":[{"id":1557,"url":"https:\/\/av.arbeaumont.eu\/index.php\/2019\/04\/10\/technologie-des-appareils-audiovisuels\/","url_meta":{"origin":1553,"position":0},"title":"Technologie des appareils audiovisuels (1 heure)","date":"10 avril 2019","format":false,"excerpt":"Objectifs g\u00e9n\u00e9raux D\u00e9couverte- ou r\u00e9vision pour certains \u00e9l\u00e8ves- des techniques et des appareils audiovisuels de base ;\u00a0acqu\u00e9rir et m\u00e9moriser le vocabulaire technique pratiqu\u00e9 dans le domaine de l\u2019image (fixe et anim\u00e9e) et du son ; Comprendre et assimiler les techniques de base et les possibilit\u00e9s des diff\u00e9rents mat\u00e9riels ; Faire\u2026","rel":"","context":"Dans &quot;5e ann\u00e9e&quot;","img":{"alt_text":"","src":"https:\/\/i0.wp.com\/av.arbeaumont.eu\/wp-content\/uploads\/2019\/04\/Amok-3resize.jpg?resize=350%2C200&ssl=1","width":350,"height":200},"classes":[]},{"id":1555,"url":"https:\/\/av.arbeaumont.eu\/index.php\/2019\/04\/10\/psychopedagogie-de-limage-1-heure-2\/","url_meta":{"origin":1553,"position":1},"title":"Psychop\u00e9dagogie de l&rsquo;image (1 heure)","date":"10 avril 2019","format":false,"excerpt":"Objectifs g\u00e9n\u00e9raux Approfondir et\/ou nuancer les notions abord\u00e9es en cinqui\u00e8me dans les cours de Psychop\u00e9dagogie de l\u2019Audiovisuel et d\u2019Education aux m\u00e9dias, notamment : Conna\u00eetre les processus de communication en g\u00e9n\u00e9ral. Percevoir et analyser les m\u00e9canismes de manipulation utilis\u00e9s couramment par les m\u00e9dias, t\u00e9l\u00e9visuels surtout, et leurs cons\u00e9quences \u2013conscientes ou inconscientes-\u2026","rel":"","context":"Dans &quot;6e ann\u00e9e&quot;","img":{"alt_text":"","src":"https:\/\/i0.wp.com\/av.arbeaumont.eu\/wp-content\/uploads\/2019\/04\/DEL_4229resize.jpg?resize=350%2C200&ssl=1","width":350,"height":200},"classes":[]},{"id":1537,"url":"https:\/\/av.arbeaumont.eu\/index.php\/2019\/04\/10\/presentation-assistee-par-ordinateur-2\/","url_meta":{"origin":1553,"position":2},"title":"Pr\u00e9sentation assist\u00e9e par ordinateur (1 heure)","date":"10 avril 2019","format":false,"excerpt":"Objectifs g\u00e9n\u00e9raux Rappel et perfectionnement des techniques vues en 3e ; Contenus Perfectionnement des techniques typographiques (polices, mise en page...) \u00e0 l\u2019ordinateur ; D\u00e9couverte et\/ou approfondissement des techniques num\u00e9riques de retouche,de transformation et\/ou d\u2019animation des images. Powerpoint Lightroom Photoshop Bases de Premi\u00e8re Audacity L'image num\u00e9rique Exemple de cours dispens\u00e9 en\u2026","rel":"","context":"Dans &quot;4e ann\u00e9e&quot;","img":{"alt_text":"","src":"https:\/\/i0.wp.com\/av.arbeaumont.eu\/wp-content\/uploads\/2019\/04\/Logo-Lightroom.png?resize=350%2C200&ssl=1","width":350,"height":200},"classes":[]},{"id":462,"url":"https:\/\/av.arbeaumont.eu\/index.php\/2017\/04\/17\/nouveau-ouverture-de-loption-audiovisuel-en-5e-annee-secondaire\/","url_meta":{"origin":1553,"position":3},"title":"Nouveau! Ouverture de l&rsquo;option audiovisuel en 5e ann\u00e9e secondaire","date":"17 avril 2017","format":"video","excerpt":"Vu l'engouement provoqu\u00e9 par l'ouverture de l'option audiovisuel en 3e ann\u00e9e secondaire, l'ath\u00e9n\u00e9e royal de Beaumont a d\u00e9cid\u00e9 d'ouvrir, d\u00e8s le mois de septembre 2017, l'option audiovisuel en 5e ann\u00e9e secondaire. \u00a0Au programme, sept heures de cours r\u00e9parties entre l'\u00e9ducation aux m\u00e9dias, la technologie, la psychop\u00e9dagogie de l'audiovisuel, l'image fixe\u2026","rel":"","context":"Dans &quot;5e ann\u00e9e&quot;","img":{"alt_text":"","src":"https:\/\/i0.wp.com\/av.arbeaumont.eu\/wp-content\/uploads\/2017\/04\/maxresdefault-1.jpg?resize=350%2C200&ssl=1","width":350,"height":200},"classes":[]},{"id":1528,"url":"https:\/\/av.arbeaumont.eu\/index.php\/2019\/04\/10\/technologie-2\/","url_meta":{"origin":1553,"position":4},"title":"Technologie (2 heures)","date":"10 avril 2019","format":false,"excerpt":"Objectifs g\u00e9n\u00e9raux Les contenus sont globalement les m\u00eames qu\u2019en 3e, tous les \u00e9l\u00e8ves n\u2019\u00e9tant pas n\u00e9cessairement pass\u00e9s par cette option, mais ici aussi on veillera, apr\u00e8s un bref rappel ou une mise en place de la mati\u00e8re de 3e, \u00e0 approfondir les notions acquises en d\u00e9taillant certains aspects, seulement abord\u00e9s\u2026","rel":"","context":"Dans &quot;4e ann\u00e9e&quot;","img":{"alt_text":"","src":"https:\/\/i0.wp.com\/av.arbeaumont.eu\/wp-content\/uploads\/2019\/04\/sans-titre-29.jpg?resize=350%2C200&ssl=1","width":350,"height":200},"classes":[]},{"id":2384,"url":"https:\/\/av.arbeaumont.eu\/index.php\/2021\/04\/05\/temoignages-danciens-eleves-daudiovisuel\/","url_meta":{"origin":1553,"position":5},"title":"T\u00e9moignages d&rsquo;anciens \u00e9l\u00e8ves d&rsquo;audiovisuel","date":"5 avril 2021","format":false,"excerpt":"Eva G\u00e9rard Bac 2 Infirmi\u00e8re Haute \u00e9cole Galil\u00e9e \u00e0 Bruxelles Je suis arriv\u00e9e dans l\u2019option d\u00e8s ma troisi\u00e8me, je suis un peu la mamy de la bande. J\u2019ai choisi cette option car rien ne m\u2019inspirait et aujourd'hui, je suis persuad\u00e9e que cette d\u00e9cision \u00e9tait la meilleure que je pouvais prendre.\u2026","rel":"","context":"Dans &quot;Pr\u00e9sentation de l'option&quot;","img":{"alt_text":"","src":"https:\/\/i0.wp.com\/av.arbeaumont.eu\/wp-content\/uploads\/2021\/04\/Photo-6TTR.jpg?resize=350%2C200&ssl=1","width":350,"height":200},"classes":[]}],"amp_enabled":true,"_links":{"self":[{"href":"https:\/\/av.arbeaumont.eu\/index.php\/wp-json\/wp\/v2\/posts\/1553","targetHints":{"allow":["GET"]}}],"collection":[{"href":"https:\/\/av.arbeaumont.eu\/index.php\/wp-json\/wp\/v2\/posts"}],"about":[{"href":"https:\/\/av.arbeaumont.eu\/index.php\/wp-json\/wp\/v2\/types\/post"}],"author":[{"embeddable":true,"href":"https:\/\/av.arbeaumont.eu\/index.php\/wp-json\/wp\/v2\/users\/1"}],"replies":[{"embeddable":true,"href":"https:\/\/av.arbeaumont.eu\/index.php\/wp-json\/wp\/v2\/comments?post=1553"}],"version-history":[{"count":2,"href":"https:\/\/av.arbeaumont.eu\/index.php\/wp-json\/wp\/v2\/posts\/1553\/revisions"}],"predecessor-version":[{"id":2274,"href":"https:\/\/av.arbeaumont.eu\/index.php\/wp-json\/wp\/v2\/posts\/1553\/revisions\/2274"}],"wp:featuredmedia":[{"embeddable":true,"href":"https:\/\/av.arbeaumont.eu\/index.php\/wp-json\/wp\/v2\/media\/1251"}],"wp:attachment":[{"href":"https:\/\/av.arbeaumont.eu\/index.php\/wp-json\/wp\/v2\/media?parent=1553"}],"wp:term":[{"taxonomy":"category","embeddable":true,"href":"https:\/\/av.arbeaumont.eu\/index.php\/wp-json\/wp\/v2\/categories?post=1553"},{"taxonomy":"post_tag","embeddable":true,"href":"https:\/\/av.arbeaumont.eu\/index.php\/wp-json\/wp\/v2\/tags?post=1553"}],"curies":[{"name":"wp","href":"https:\/\/api.w.org\/{rel}","templated":true}]}}