{"id":1573,"date":"2019-04-10T17:00:30","date_gmt":"2019-04-10T15:00:30","guid":{"rendered":"https:\/\/av.arbeaumont.eu\/?p=1573"},"modified":"2019-04-10T20:26:40","modified_gmt":"2019-04-10T18:26:40","slug":"bande-annonce-de-la-jpo-2019","status":"publish","type":"post","link":"https:\/\/av.arbeaumont.eu\/index.php\/2019\/04\/10\/bande-annonce-de-la-jpo-2019\/","title":{"rendered":"Bande annonce de la JPO 2019"},"content":{"rendered":"<p>Venez nombreux le 27 avril 2019!<\/p>\n<p>&nbsp;<\/p>\n<p><span class=\"embed-youtube\" style=\"text-align:center; display: block;\"><iframe loading=\"lazy\" class=\"youtube-player\" width=\"696\" height=\"392\" src=\"https:\/\/www.youtube.com\/embed\/-5r1UibBqYg?version=3&#038;rel=1&#038;showsearch=0&#038;showinfo=1&#038;iv_load_policy=1&#038;fs=1&#038;hl=fr-FR&#038;autohide=2&#038;wmode=transparent\" allowfullscreen=\"true\" style=\"border:0;\" sandbox=\"allow-scripts allow-same-origin allow-popups allow-presentation\"><\/iframe><\/span><\/p>\n<p>&nbsp;<\/p>\n","protected":false},"excerpt":{"rendered":"<p>Venez nombreux le 27 avril 2019! &nbsp; &nbsp;<\/p>\n","protected":false},"author":1,"featured_media":58,"comment_status":"open","ping_status":"closed","sticky":false,"template":"","format":"video","meta":{"jetpack_post_was_ever_published":false,"footnotes":""},"categories":[17],"tags":[],"class_list":{"0":"post-1573","1":"post","2":"type-post","3":"status-publish","4":"format-video","5":"has-post-thumbnail","7":"category-bande-annonce","8":"post_format-post-format-video"},"jetpack_featured_media_url":"https:\/\/av.arbeaumont.eu\/wp-content\/uploads\/2017\/01\/Grande-profndeur-de-champ.jpg","jetpack_sharing_enabled":true,"jetpack_shortlink":"https:\/\/wp.me\/p8Dhaa-pn","jetpack_likes_enabled":true,"jetpack-related-posts":[{"id":675,"url":"https:\/\/av.arbeaumont.eu\/index.php\/2018\/04\/15\/bande-annonce-du-documentaire-sur-auschwitz\/","url_meta":{"origin":1573,"position":0},"title":"Bande annonce du documentaire sur Auschwitz","date":"15 avril 2018","format":false,"excerpt":"Lors de la journ\u00e9e portes ouvertes du 5 mai 2018, vous d\u00e9couvrirez le documentaire r\u00e9alis\u00e9 par les 5e audiovisuel \u00e0 Auschwitz. \u00a0Il raconte l'\u00e9pisode dramatique de la d\u00e9portation de Simone Veil dans ce camp allemand durant la deuxi\u00e8me guerre mondiale. \u00a0Un documentaire poignant et saisissant \u00e0 d\u00e9couvrir absolument. \u00a0Projections en\u2026","rel":"","context":"Dans &quot;Bande annonce&quot;","img":{"alt_text":"","src":"https:\/\/i0.wp.com\/av.arbeaumont.eu\/wp-content\/uploads\/2018\/04\/Papleux-reportage-Auschwitz-2-2.jpg?resize=350%2C200&ssl=1","width":350,"height":200},"classes":[]},{"id":1353,"url":"https:\/\/av.arbeaumont.eu\/index.php\/2019\/04\/09\/journee-portes-ouvertes-a-lathenee-le-27-avril-2019\/","url_meta":{"origin":1573,"position":1},"title":"Journ\u00e9e portes ouvertes \u00e0 l&rsquo;ath\u00e9n\u00e9e le 27 avril 2019","date":"9 avril 2019","format":"video","excerpt":"https:\/\/youtu.be\/-5r1UibBqYg \u00a0","rel":"","context":"Dans &quot;Les \u00e9v\u00e9nements&quot;","img":{"alt_text":"","src":"https:\/\/i0.wp.com\/img.youtube.com\/vi\/-5r1UibBqYg\/0.jpg?resize=350%2C200","width":350,"height":200},"classes":[]},{"id":679,"url":"https:\/\/av.arbeaumont.eu\/index.php\/2018\/04\/15\/sur-les-traces-de-simone-veil-a-paris\/","url_meta":{"origin":1573,"position":2},"title":"Sur les traces de Simone Veil \u00e0 Paris","date":"15 avril 2018","format":false,"excerpt":"En collaboration avec les \u00e9l\u00e8ves de l'option histoire, les \u00e9l\u00e8ves d'audiovisuel vous proposent \u00a0de d\u00e9couvrir les \u00e9tapes importantes de la vie de Simone Veil \u00e0 Paris. \u00a0Le parcours \u00e9tonnant d'une femme exceptionnelle qui entrera en juillet 2018 au Panth\u00e9on. https:\/\/youtu.be\/BM1XYV3pe9g","rel":"","context":"Dans &quot;Bande annonce&quot;","img":{"alt_text":"","src":"https:\/\/i0.wp.com\/av.arbeaumont.eu\/wp-content\/uploads\/2018\/04\/DSC_0017.jpg?resize=350%2C200&ssl=1","width":350,"height":200},"classes":[]},{"id":1557,"url":"https:\/\/av.arbeaumont.eu\/index.php\/2019\/04\/10\/technologie-des-appareils-audiovisuels\/","url_meta":{"origin":1573,"position":3},"title":"Technologie des appareils audiovisuels (1 heure)","date":"10 avril 2019","format":false,"excerpt":"Objectifs g\u00e9n\u00e9raux D\u00e9couverte- ou r\u00e9vision pour certains \u00e9l\u00e8ves- des techniques et des appareils audiovisuels de base ;\u00a0acqu\u00e9rir et m\u00e9moriser le vocabulaire technique pratiqu\u00e9 dans le domaine de l\u2019image (fixe et anim\u00e9e) et du son ; Comprendre et assimiler les techniques de base et les possibilit\u00e9s des diff\u00e9rents mat\u00e9riels ; Faire\u2026","rel":"","context":"Dans &quot;5e ann\u00e9e&quot;","img":{"alt_text":"","src":"https:\/\/i0.wp.com\/av.arbeaumont.eu\/wp-content\/uploads\/2019\/04\/Amok-3resize.jpg?resize=350%2C200&ssl=1","width":350,"height":200},"classes":[]},{"id":1524,"url":"https:\/\/av.arbeaumont.eu\/index.php\/2019\/04\/10\/dessin-decoratif-4e-annee\/","url_meta":{"origin":1573,"position":4},"title":"Dessin d\u00e9coratif (2 heures)","date":"10 avril 2019","format":false,"excerpt":"Objectifs g\u00e9n\u00e9raux G\u00e9n\u00e9ralement, les m\u00eames contenus qu'en 3e ann\u00e9e seront repris et approfondis dans des travaux visant plus encore l\u2019affirmation de la personnalit\u00e9 de l\u2019\u00e9l\u00e8ve et la relation avec la sp\u00e9cificit\u00e9 de l\u2019option. On fera ainsi appel \u00e0 des r\u00e9alisations - ou des projets \u00e0 concr\u00e9tiser dans d\u2019autres cours- int\u00e9grant\u2026","rel":"","context":"Dans &quot;4e ann\u00e9e&quot;","img":{"alt_text":"","src":"https:\/\/i0.wp.com\/av.arbeaumont.eu\/wp-content\/uploads\/2019\/04\/49199546_1206664579483051_3978918674370134016_n-e1554901476688.jpg?resize=350%2C200&ssl=1","width":350,"height":200},"classes":[]},{"id":1335,"url":"https:\/\/av.arbeaumont.eu\/index.php\/2019\/04\/09\/le-rechauffement-climatique-ca-vous-interpelle\/","url_meta":{"origin":1573,"position":5},"title":"Le r\u00e9chauffement climatique, \u00e7a vous interpelle?","date":"9 avril 2019","format":false,"excerpt":"Dans le cadre du cours de pr\u00e9sentation assist\u00e9e par ordinateur, les \u00e9l\u00e8ves de 4e audiovisuel se sont pench\u00e9s sur la probl\u00e9matique du r\u00e9chauffement climatique. \u00a0Ils ont tous r\u00e9alis\u00e9 une affiche \u00e0 l'aide du logiciel Photoshop pour exprimer leurs craintes face aux changements subis par notre plan\u00e8te. \u00a0 Toutes ces affiches\u2026","rel":"","context":"Dans &quot;Affiches&quot;","img":{"alt_text":"","src":"https:\/\/i0.wp.com\/av.arbeaumont.eu\/wp-content\/uploads\/2019\/04\/affiche-rechaufement-climatique-jpgresize.jpg?resize=350%2C200&ssl=1","width":350,"height":200},"classes":[]}],"amp_enabled":true,"_links":{"self":[{"href":"https:\/\/av.arbeaumont.eu\/index.php\/wp-json\/wp\/v2\/posts\/1573","targetHints":{"allow":["GET"]}}],"collection":[{"href":"https:\/\/av.arbeaumont.eu\/index.php\/wp-json\/wp\/v2\/posts"}],"about":[{"href":"https:\/\/av.arbeaumont.eu\/index.php\/wp-json\/wp\/v2\/types\/post"}],"author":[{"embeddable":true,"href":"https:\/\/av.arbeaumont.eu\/index.php\/wp-json\/wp\/v2\/users\/1"}],"replies":[{"embeddable":true,"href":"https:\/\/av.arbeaumont.eu\/index.php\/wp-json\/wp\/v2\/comments?post=1573"}],"version-history":[{"count":2,"href":"https:\/\/av.arbeaumont.eu\/index.php\/wp-json\/wp\/v2\/posts\/1573\/revisions"}],"predecessor-version":[{"id":1580,"href":"https:\/\/av.arbeaumont.eu\/index.php\/wp-json\/wp\/v2\/posts\/1573\/revisions\/1580"}],"wp:featuredmedia":[{"embeddable":true,"href":"https:\/\/av.arbeaumont.eu\/index.php\/wp-json\/wp\/v2\/media\/58"}],"wp:attachment":[{"href":"https:\/\/av.arbeaumont.eu\/index.php\/wp-json\/wp\/v2\/media?parent=1573"}],"wp:term":[{"taxonomy":"category","embeddable":true,"href":"https:\/\/av.arbeaumont.eu\/index.php\/wp-json\/wp\/v2\/categories?post=1573"},{"taxonomy":"post_tag","embeddable":true,"href":"https:\/\/av.arbeaumont.eu\/index.php\/wp-json\/wp\/v2\/tags?post=1573"}],"curies":[{"name":"wp","href":"https:\/\/api.w.org\/{rel}","templated":true}]}}