{"id":1616,"date":"2019-05-03T19:26:30","date_gmt":"2019-05-03T17:26:30","guid":{"rendered":"https:\/\/av.arbeaumont.eu\/?p=1616"},"modified":"2019-05-03T19:27:13","modified_gmt":"2019-05-03T17:27:13","slug":"dans-lavenir-une-pluie-de-recompenses-pour-lathenee","status":"publish","type":"post","link":"https:\/\/av.arbeaumont.eu\/index.php\/2019\/05\/03\/dans-lavenir-une-pluie-de-recompenses-pour-lathenee\/","title":{"rendered":"Dans l&rsquo;Avenir : \u00ab\u00a0Une pluie de r\u00e9compenses pour l&rsquo;ath\u00e9n\u00e9e\u00a0\u00bb"},"content":{"rendered":"<p>&nbsp;<\/p>\n<p><img loading=\"lazy\" decoding=\"async\" data-attachment-id=\"1617\" data-permalink=\"https:\/\/av.arbeaumont.eu\/index.php\/2019\/05\/03\/dans-lavenir-une-pluie-de-recompenses-pour-lathenee\/capture-decran-2019-05-03-a-19-24-52\/\" data-orig-file=\"https:\/\/av.arbeaumont.eu\/wp-content\/uploads\/2019\/05\/Capture-d\u2019\u00e9cran-2019-05-03-\u00e0-19.24.52.png\" data-orig-size=\"2048,1164\" data-comments-opened=\"1\" data-image-meta=\"{&quot;aperture&quot;:&quot;0&quot;,&quot;credit&quot;:&quot;&quot;,&quot;camera&quot;:&quot;&quot;,&quot;caption&quot;:&quot;&quot;,&quot;created_timestamp&quot;:&quot;0&quot;,&quot;copyright&quot;:&quot;&quot;,&quot;focal_length&quot;:&quot;0&quot;,&quot;iso&quot;:&quot;0&quot;,&quot;shutter_speed&quot;:&quot;0&quot;,&quot;title&quot;:&quot;&quot;,&quot;orientation&quot;:&quot;0&quot;}\" data-image-title=\"Capture d\u2019\u00e9cran 2019-05-03 \u00e0 19.24.52\" data-image-description=\"\" data-image-caption=\"\" data-medium-file=\"https:\/\/av.arbeaumont.eu\/wp-content\/uploads\/2019\/05\/Capture-d\u2019\u00e9cran-2019-05-03-\u00e0-19.24.52-300x170.png\" data-large-file=\"https:\/\/av.arbeaumont.eu\/wp-content\/uploads\/2019\/05\/Capture-d\u2019\u00e9cran-2019-05-03-\u00e0-19.24.52-1024x582.png\" class=\"alignnone size-medium wp-image-1617\" src=\"https:\/\/av.arbeaumont.eu\/wp-content\/uploads\/2019\/05\/Capture-d\u2019\u00e9cran-2019-05-03-\u00e0-19.24.52-300x170.png\" alt=\"\" width=\"300\" height=\"170\" srcset=\"https:\/\/av.arbeaumont.eu\/wp-content\/uploads\/2019\/05\/Capture-d\u2019\u00e9cran-2019-05-03-\u00e0-19.24.52-300x170.png 300w, https:\/\/av.arbeaumont.eu\/wp-content\/uploads\/2019\/05\/Capture-d\u2019\u00e9cran-2019-05-03-\u00e0-19.24.52-768x436.png 768w, https:\/\/av.arbeaumont.eu\/wp-content\/uploads\/2019\/05\/Capture-d\u2019\u00e9cran-2019-05-03-\u00e0-19.24.52-1024x582.png 1024w, https:\/\/av.arbeaumont.eu\/wp-content\/uploads\/2019\/05\/Capture-d\u2019\u00e9cran-2019-05-03-\u00e0-19.24.52-696x396.png 696w, https:\/\/av.arbeaumont.eu\/wp-content\/uploads\/2019\/05\/Capture-d\u2019\u00e9cran-2019-05-03-\u00e0-19.24.52-1068x607.png 1068w, https:\/\/av.arbeaumont.eu\/wp-content\/uploads\/2019\/05\/Capture-d\u2019\u00e9cran-2019-05-03-\u00e0-19.24.52-739x420.png 739w, https:\/\/av.arbeaumont.eu\/wp-content\/uploads\/2019\/05\/Capture-d\u2019\u00e9cran-2019-05-03-\u00e0-19.24.52.png 2048w\" sizes=\"auto, (max-width: 300px) 100vw, 300px\" \/><\/p>\n","protected":false},"excerpt":{"rendered":"<p>&nbsp;<\/p>\n","protected":false},"author":1,"featured_media":1617,"comment_status":"open","ping_status":"closed","sticky":false,"template":"","format":"standard","meta":{"jetpack_post_was_ever_published":false,"footnotes":""},"categories":[18],"tags":[],"class_list":{"0":"post-1616","1":"post","2":"type-post","3":"status-publish","4":"format-standard","5":"has-post-thumbnail","7":"category-la-section-audiovisuel-dans-les-medias"},"jetpack_featured_media_url":"https:\/\/av.arbeaumont.eu\/wp-content\/uploads\/2019\/05\/Capture-d\u2019\u00e9cran-2019-05-03-\u00e0-19.24.52.png","jetpack_sharing_enabled":true,"jetpack_shortlink":"https:\/\/wp.me\/p8Dhaa-q4","jetpack_likes_enabled":true,"jetpack-related-posts":[{"id":1684,"url":"https:\/\/av.arbeaumont.eu\/index.php\/2019\/10\/30\/lavenir-est-a-solre-saint-gery-pour-une-plongee-dans-lunivers-celtique\/","url_meta":{"origin":1616,"position":0},"title":"L&rsquo;Avenir est \u00e0 Solre-Saint-G\u00e9ry pour une plong\u00e9e dans l&rsquo;univers celtique.","date":"30 octobre 2019","format":false,"excerpt":"\u00a0","rel":"","context":"Dans &quot;La section audiovisuelle dans les m\u00e9dias&quot;","img":{"alt_text":"","src":"https:\/\/i0.wp.com\/av.arbeaumont.eu\/wp-content\/uploads\/2019\/10\/Photos-SSG-22.jpg?resize=350%2C200&ssl=1","width":350,"height":200},"classes":[]},{"id":3013,"url":"https:\/\/av.arbeaumont.eu\/index.php\/2023\/03\/12\/la-mini-entreprise-a-la-une-de-lavenir\/","url_meta":{"origin":1616,"position":1},"title":"La mini entreprise \u00e0 la Une de l&rsquo;Avenir","date":"12 mars 2023","format":false,"excerpt":"","rel":"","context":"Dans &quot;La section audiovisuelle dans les m\u00e9dias&quot;","img":{"alt_text":"","src":"https:\/\/i0.wp.com\/av.arbeaumont.eu\/wp-content\/uploads\/2023\/03\/IMG_5800-3-2.jpg?resize=350%2C200&ssl=1","width":350,"height":200},"classes":[]},{"id":927,"url":"https:\/\/av.arbeaumont.eu\/index.php\/2018\/05\/11\/927\/","url_meta":{"origin":1616,"position":2},"title":"Le documentaire sur Auschwitz \u00e0 la Une","date":"11 mai 2018","format":false,"excerpt":"\u00a0Lien vers l'article de l'Avenir.","rel":"","context":"Dans &quot;La section audiovisuelle dans les m\u00e9dias&quot;","img":{"alt_text":"","src":"https:\/\/i0.wp.com\/av.arbeaumont.eu\/wp-content\/uploads\/2018\/06\/Capture-d\u2019\u00e9cran-2018-06-11-\u00e0-21.33.32.png?resize=350%2C200&ssl=1","width":350,"height":200},"classes":[]},{"id":493,"url":"https:\/\/av.arbeaumont.eu\/index.php\/2017\/06\/19\/notre-web-documentaire-la-presse-en-parle\/","url_meta":{"origin":1616,"position":3},"title":"Notre web documentaire, la presse en parle","date":"19 juin 2017","format":false,"excerpt":"Juin 2017, les 3e audiovisuel sont\u00a0mis \u00e0 l'honneur dans la presse gr\u00e2ce au web documentaire sur les c\u00f4t\u00e9s insolites de Beaumont. \u00a0Une page compl\u00e8te du journal leur est consacr\u00e9e. \u00a0Lire l'article sur le site de l'Avenir. http:\/\/www.lavenir.net\/cnt\/dmf20170618_01020011\/la-ville-insolite-au-coeur-d-un-webdocumentaire \u00a0","rel":"","context":"Dans &quot;La section audiovisuelle dans les m\u00e9dias&quot;","img":{"alt_text":"","src":"https:\/\/i0.wp.com\/av.arbeaumont.eu\/wp-content\/uploads\/2017\/06\/Capture-ecran-2017-06-19-\u00e0-12.46.09.png?resize=350%2C200&ssl=1","width":350,"height":200},"classes":[]},{"id":935,"url":"https:\/\/av.arbeaumont.eu\/index.php\/2018\/03\/11\/la-section-audiovisuelle-filme-le-conseil-communal-de-beaumont\/","url_meta":{"origin":1616,"position":4},"title":"La section audiovisuelle filme le conseil communal de Beaumont","date":"11 mars 2018","format":false,"excerpt":"Lien vers l'article de l'AVENIR","rel":"","context":"Dans &quot;La section audiovisuelle dans les m\u00e9dias&quot;","img":{"alt_text":"","src":"https:\/\/i0.wp.com\/av.arbeaumont.eu\/wp-content\/uploads\/2018\/06\/Capture-d\u2019\u00e9cran-2018-06-11-\u00e0-21.43.10.png?resize=350%2C200&ssl=1","width":350,"height":200},"classes":[]},{"id":932,"url":"https:\/\/av.arbeaumont.eu\/index.php\/2018\/04\/11\/la-section-audiovisuelle-met-en-ligne-le-conseil-communal-de-beaumont\/","url_meta":{"origin":1616,"position":5},"title":"La section audiovisuelle met en ligne le conseil communal de Beaumont","date":"11 avril 2018","format":false,"excerpt":"Lien vers l'article du journal L'AVENIR","rel":"","context":"Dans &quot;La section audiovisuelle dans les m\u00e9dias&quot;","img":{"alt_text":"","src":"https:\/\/i0.wp.com\/av.arbeaumont.eu\/wp-content\/uploads\/2018\/06\/Capture-d\u2019\u00e9cran-2018-06-11-\u00e0-21.40.40.png?resize=350%2C200&ssl=1","width":350,"height":200},"classes":[]}],"amp_enabled":true,"_links":{"self":[{"href":"https:\/\/av.arbeaumont.eu\/index.php\/wp-json\/wp\/v2\/posts\/1616","targetHints":{"allow":["GET"]}}],"collection":[{"href":"https:\/\/av.arbeaumont.eu\/index.php\/wp-json\/wp\/v2\/posts"}],"about":[{"href":"https:\/\/av.arbeaumont.eu\/index.php\/wp-json\/wp\/v2\/types\/post"}],"author":[{"embeddable":true,"href":"https:\/\/av.arbeaumont.eu\/index.php\/wp-json\/wp\/v2\/users\/1"}],"replies":[{"embeddable":true,"href":"https:\/\/av.arbeaumont.eu\/index.php\/wp-json\/wp\/v2\/comments?post=1616"}],"version-history":[{"count":1,"href":"https:\/\/av.arbeaumont.eu\/index.php\/wp-json\/wp\/v2\/posts\/1616\/revisions"}],"predecessor-version":[{"id":1618,"href":"https:\/\/av.arbeaumont.eu\/index.php\/wp-json\/wp\/v2\/posts\/1616\/revisions\/1618"}],"wp:featuredmedia":[{"embeddable":true,"href":"https:\/\/av.arbeaumont.eu\/index.php\/wp-json\/wp\/v2\/media\/1617"}],"wp:attachment":[{"href":"https:\/\/av.arbeaumont.eu\/index.php\/wp-json\/wp\/v2\/media?parent=1616"}],"wp:term":[{"taxonomy":"category","embeddable":true,"href":"https:\/\/av.arbeaumont.eu\/index.php\/wp-json\/wp\/v2\/categories?post=1616"},{"taxonomy":"post_tag","embeddable":true,"href":"https:\/\/av.arbeaumont.eu\/index.php\/wp-json\/wp\/v2\/tags?post=1616"}],"curies":[{"name":"wp","href":"https:\/\/api.w.org\/{rel}","templated":true}]}}