{"id":1694,"date":"2019-10-30T15:38:33","date_gmt":"2019-10-30T14:38:33","guid":{"rendered":"https:\/\/av.arbeaumont.eu\/?p=1694"},"modified":"2021-04-02T12:28:47","modified_gmt":"2021-04-02T10:28:47","slug":"le-clip-video-du-gala-celtique","status":"publish","type":"post","link":"https:\/\/av.arbeaumont.eu\/index.php\/2019\/10\/30\/le-clip-video-du-gala-celtique\/","title":{"rendered":"Le clip vid\u00e9o du gala celtique"},"content":{"rendered":"<p><span class=\"embed-youtube\" style=\"text-align:center; display: block;\"><iframe loading=\"lazy\" class=\"youtube-player\" width=\"696\" height=\"392\" src=\"https:\/\/www.youtube.com\/embed\/1QNUj9p0yAo?version=3&#038;rel=1&#038;showsearch=0&#038;showinfo=1&#038;iv_load_policy=1&#038;fs=1&#038;hl=fr-FR&#038;autohide=2&#038;wmode=transparent\" allowfullscreen=\"true\" style=\"border:0;\" sandbox=\"allow-scripts allow-same-origin allow-popups allow-presentation\"><\/iframe><\/span><\/p>\n","protected":false},"excerpt":{"rendered":"","protected":false},"author":1,"featured_media":1695,"comment_status":"open","ping_status":"closed","sticky":false,"template":"","format":"standard","meta":{"jetpack_post_was_ever_published":false,"footnotes":""},"categories":[38],"tags":[],"class_list":{"0":"post-1694","1":"post","2":"type-post","3":"status-publish","4":"format-standard","5":"has-post-thumbnail","7":"category-clips"},"jetpack_featured_media_url":"https:\/\/av.arbeaumont.eu\/wp-content\/uploads\/2019\/10\/70487826_1141353112723535_2036535734982148096_o.jpg","jetpack_sharing_enabled":true,"jetpack_shortlink":"https:\/\/wp.me\/p8Dhaa-rk","jetpack_likes_enabled":true,"jetpack-related-posts":[{"id":1775,"url":"https:\/\/av.arbeaumont.eu\/index.php\/2019\/12\/14\/le-gala-celtique-2019\/","url_meta":{"origin":1694,"position":0},"title":"Le Gala celtique 2019","date":"14 d\u00e9cembre 2019","format":false,"excerpt":"Voici l'int\u00e9gralit\u00e9 du spectacle film\u00e9 et mont\u00e9 par nos \u00e9l\u00e8ves de rh\u00e9to en multicam\u00e9ras. https:\/\/youtu.be\/q1_zfUZvG-0","rel":"","context":"Dans &quot;Les \u00e9v\u00e9nements&quot;","img":{"alt_text":"","src":"https:\/\/i0.wp.com\/av.arbeaumont.eu\/wp-content\/uploads\/2019\/12\/A260231.jpg?resize=350%2C200&ssl=1","width":350,"height":200},"classes":[]},{"id":2052,"url":"https:\/\/av.arbeaumont.eu\/index.php\/2020\/04\/16\/campagne-contre-le-harcelement\/","url_meta":{"origin":1694,"position":1},"title":"Campagne contre le harc\u00e8lement","date":"16 avril 2020","format":false,"excerpt":"En d\u00e9but d'ann\u00e9e, les classes de 3e, 4e et 6e audiovisuel se sont lanc\u00e9es dans un vaste projet relatif au harc\u00e8lement. L'id\u00e9e \u00e9tait de sensibiliser le public \u00e0 cette probl\u00e9matique au travers de la r\u00e9alisation d'affiches et de spots publicitaires. La fermeture des \u00e9coles en raison du confinement ne nous\u2026","rel":"","context":"Dans &quot;Affiches&quot;","img":{"alt_text":"","src":"https:\/\/i0.wp.com\/av.arbeaumont.eu\/wp-content\/uploads\/2020\/04\/AFFICHE-LUPU-STEFANIA-3TTR-2-scaled.jpg?resize=350%2C200&ssl=1","width":350,"height":200},"classes":[]},{"id":1691,"url":"https:\/\/av.arbeaumont.eu\/index.php\/2019\/10\/30\/une-parodie-pour-le-cours-danglais\/","url_meta":{"origin":1694,"position":2},"title":"Une parodie pour le cours d&rsquo;anglais","date":"30 octobre 2019","format":false,"excerpt":"https:\/\/www.youtube.com\/watch?v=RG6CyfMsrXI&feature=share&fbclid=IwAR0U7v_RjNGGyIeAK9hBB4Qpma1HkA1cz86g3K_1neq7fXHO-gxKXlUiYpc","rel":"","context":"Dans &quot;Clips&quot;","img":{"alt_text":"","src":"https:\/\/i0.wp.com\/av.arbeaumont.eu\/wp-content\/uploads\/2019\/10\/Capture-d\u2019\u00e9cran-2019-10-30-\u00e0-15.25.17.png?resize=350%2C200&ssl=1","width":350,"height":200},"classes":[]},{"id":1566,"url":"https:\/\/av.arbeaumont.eu\/index.php\/2019\/04\/10\/productions-audiovisuelles-4-heures\/","url_meta":{"origin":1694,"position":3},"title":"Productions audiovisuelles (4 heures)","date":"10 avril 2019","format":false,"excerpt":"Objectifs g\u00e9n\u00e9raux Mettre en application l\u2019ensemble des apprentissages effectu\u00e9s dans les diff\u00e9rents cours de la formation (cours d\u2019Image fixe, d\u2019Image anim\u00e9e et de Technologie des appareils audiovisuels notamment) en menant \u00e0 bien un projet complet, individuel ou collectif, multidisciplinaire et innovant. Exp\u00e9rimenter et\/ou approfondir les techniques de montages audiovisuels. Apprendre\u2026","rel":"","context":"Dans &quot;6e ann\u00e9e&quot;","img":{"alt_text":"","src":"https:\/\/i0.wp.com\/av.arbeaumont.eu\/wp-content\/uploads\/2018\/06\/Auschwitz-2-3.jpg?resize=350%2C200&ssl=1","width":350,"height":200},"classes":[]},{"id":3173,"url":"https:\/\/av.arbeaumont.eu\/index.php\/2024\/03\/24\/cirk-en-ciel-un-spectacle-de-cirque-aerien-filme-par-nos-eleves-de-5e\/","url_meta":{"origin":1694,"position":4},"title":"Cirk&rsquo; en ciel, un spectacle de cirque a\u00e9rien film\u00e9 par nos \u00e9l\u00e8ves de 5e","date":"24 mars 2024","format":false,"excerpt":"Passionn\u00e9e par le cirque a\u00e9rien depuis plusieurs ann\u00e9es, L\u00e9ane Herman a film\u00e9 les r\u00e9p\u00e9titions de ce spectacle \u00e9poustoufflant. Gr\u00e2ce \u00e0 son sens du rythme et des raccords, L\u00e9ane a r\u00e9ussi \u00e0 monter une vid\u00e9o qui donne envie d'aller voir le spectacle. https:\/\/www.youtube.com\/watch?v=63UnFgXiVGM&t=51s","rel":"","context":"Dans &quot;Clips&quot;","img":{"alt_text":"","src":"https:\/\/i0.wp.com\/av.arbeaumont.eu\/wp-content\/uploads\/2024\/03\/Capture-decran-2024-03-24-a-22.35.37.jpg?resize=350%2C200&ssl=1","width":350,"height":200},"classes":[]},{"id":675,"url":"https:\/\/av.arbeaumont.eu\/index.php\/2018\/04\/15\/bande-annonce-du-documentaire-sur-auschwitz\/","url_meta":{"origin":1694,"position":5},"title":"Bande annonce du documentaire sur Auschwitz","date":"15 avril 2018","format":false,"excerpt":"Lors de la journ\u00e9e portes ouvertes du 5 mai 2018, vous d\u00e9couvrirez le documentaire r\u00e9alis\u00e9 par les 5e audiovisuel \u00e0 Auschwitz. \u00a0Il raconte l'\u00e9pisode dramatique de la d\u00e9portation de Simone Veil dans ce camp allemand durant la deuxi\u00e8me guerre mondiale. \u00a0Un documentaire poignant et saisissant \u00e0 d\u00e9couvrir absolument. \u00a0Projections en\u2026","rel":"","context":"Dans &quot;Bande annonce&quot;","img":{"alt_text":"","src":"https:\/\/i0.wp.com\/av.arbeaumont.eu\/wp-content\/uploads\/2018\/04\/Papleux-reportage-Auschwitz-2-2.jpg?resize=350%2C200&ssl=1","width":350,"height":200},"classes":[]}],"amp_enabled":true,"_links":{"self":[{"href":"https:\/\/av.arbeaumont.eu\/index.php\/wp-json\/wp\/v2\/posts\/1694","targetHints":{"allow":["GET"]}}],"collection":[{"href":"https:\/\/av.arbeaumont.eu\/index.php\/wp-json\/wp\/v2\/posts"}],"about":[{"href":"https:\/\/av.arbeaumont.eu\/index.php\/wp-json\/wp\/v2\/types\/post"}],"author":[{"embeddable":true,"href":"https:\/\/av.arbeaumont.eu\/index.php\/wp-json\/wp\/v2\/users\/1"}],"replies":[{"embeddable":true,"href":"https:\/\/av.arbeaumont.eu\/index.php\/wp-json\/wp\/v2\/comments?post=1694"}],"version-history":[{"count":1,"href":"https:\/\/av.arbeaumont.eu\/index.php\/wp-json\/wp\/v2\/posts\/1694\/revisions"}],"predecessor-version":[{"id":1696,"href":"https:\/\/av.arbeaumont.eu\/index.php\/wp-json\/wp\/v2\/posts\/1694\/revisions\/1696"}],"wp:featuredmedia":[{"embeddable":true,"href":"https:\/\/av.arbeaumont.eu\/index.php\/wp-json\/wp\/v2\/media\/1695"}],"wp:attachment":[{"href":"https:\/\/av.arbeaumont.eu\/index.php\/wp-json\/wp\/v2\/media?parent=1694"}],"wp:term":[{"taxonomy":"category","embeddable":true,"href":"https:\/\/av.arbeaumont.eu\/index.php\/wp-json\/wp\/v2\/categories?post=1694"},{"taxonomy":"post_tag","embeddable":true,"href":"https:\/\/av.arbeaumont.eu\/index.php\/wp-json\/wp\/v2\/tags?post=1694"}],"curies":[{"name":"wp","href":"https:\/\/api.w.org\/{rel}","templated":true}]}}