{"id":1769,"date":"2019-12-13T14:21:42","date_gmt":"2019-12-13T13:21:42","guid":{"rendered":"https:\/\/av.arbeaumont.eu\/?p=1769"},"modified":"2019-12-13T14:39:47","modified_gmt":"2019-12-13T13:39:47","slug":"magazine-de-novembre-decembre-2019","status":"publish","type":"post","link":"https:\/\/av.arbeaumont.eu\/index.php\/2019\/12\/13\/magazine-de-novembre-decembre-2019\/","title":{"rendered":"Magazine de novembre &#8211; d\u00e9cembre 2019"},"content":{"rendered":"<p><span class=\"embed-youtube\" style=\"text-align:center; display: block;\"><iframe loading=\"lazy\" class=\"youtube-player\" width=\"696\" height=\"392\" src=\"https:\/\/www.youtube.com\/embed\/azmZZ_cNoGo?version=3&#038;rel=1&#038;showsearch=0&#038;showinfo=1&#038;iv_load_policy=1&#038;fs=1&#038;hl=fr-FR&#038;autohide=2&#038;wmode=transparent\" allowfullscreen=\"true\" style=\"border:0;\" sandbox=\"allow-scripts allow-same-origin allow-popups allow-presentation\"><\/iframe><\/span><\/p>\n","protected":false},"excerpt":{"rendered":"","protected":false},"author":1,"featured_media":1773,"comment_status":"open","ping_status":"closed","sticky":false,"template":"","format":"standard","meta":{"jetpack_post_was_ever_published":false,"footnotes":""},"categories":[22],"tags":[],"class_list":{"0":"post-1769","1":"post","2":"type-post","3":"status-publish","4":"format-standard","5":"has-post-thumbnail","7":"category-les-magazines"},"jetpack_featured_media_url":"https:\/\/av.arbeaumont.eu\/wp-content\/uploads\/2019\/12\/78149954_1207173476141498_8544644904893022208_n.jpg","jetpack_sharing_enabled":true,"jetpack_shortlink":"https:\/\/wp.me\/p8Dhaa-sx","jetpack_likes_enabled":true,"jetpack-related-posts":[{"id":1071,"url":"https:\/\/av.arbeaumont.eu\/index.php\/2019\/01\/31\/le-magazine-de-lathenee-edition-de-novembre-decembre\/","url_meta":{"origin":1769,"position":0},"title":"Le magazine de l&rsquo;ath\u00e9n\u00e9e &#8211; \u00e9dition de novembre-d\u00e9cembre 2018","date":"31 janvier 2019","format":"video","excerpt":"Au programme de ce nouveau magazine : Jogging de l'ath\u00e9n\u00e9e, course des jeunes foul\u00e9es, journ\u00e9e MST, ateliers origami, d\u00e9couverte d'une biblioth\u00e8que, activit\u00e9s en espagnol. \u00a0 https:\/\/www.youtube.com\/watch?v=ixrGvnEfadk \u00a0 \u00a0","rel":"","context":"Dans &quot;Les magazines&quot;","img":{"alt_text":"","src":"https:\/\/i0.wp.com\/av.arbeaumont.eu\/wp-content\/uploads\/2019\/01\/G\u00e9n\u00e9rique-Magazine.00_07_03_12.Image-fixe010.jpg?resize=350%2C200&ssl=1","width":350,"height":200},"classes":[]},{"id":1061,"url":"https:\/\/av.arbeaumont.eu\/index.php\/2018\/10\/21\/le-mag-de-septembre\/","url_meta":{"origin":1769,"position":1},"title":"Le mag de septembre 2018","date":"21 octobre 2018","format":"video","excerpt":"Beaumont, l'ath\u00e9n\u00e9e s'\u00e9VEILle ! D\u00e9couvrez vite notre nouveau magazine d'info. \u00a0Vous saurez tout sur les activit\u00e9s de l'ath\u00e9n\u00e9e durant ce mois de septembre. \u00a0Un magazine r\u00e9alis\u00e9 par les \u00e9l\u00e8ves de 5e et 6e audiovisuel. https:\/\/www.youtube.com\/watch?v=lDyuQIC9OqI \u00a0","rel":"","context":"Dans &quot;Les magazines&quot;","img":{"alt_text":"","src":"https:\/\/i0.wp.com\/av.arbeaumont.eu\/wp-content\/uploads\/2018\/10\/Capture-d\u2019\u00e9cran-2018-10-21-\u00e0-19.51.18.png?resize=350%2C200&ssl=1","width":350,"height":200},"classes":[]},{"id":1066,"url":"https:\/\/av.arbeaumont.eu\/index.php\/2018\/11\/29\/lathenee-seveille-du-mois-doctobre\/","url_meta":{"origin":1769,"position":2},"title":"L&rsquo;ath\u00e9n\u00e9e s&rsquo;\u00e9veille du mois d&rsquo;octobre 2018","date":"29 novembre 2018","format":"video","excerpt":"L'ath\u00e9n\u00e9e change de nom et devient l'ath\u00e9n\u00e9e royal Simone Veil. \u00a0Regardez le magazine pour revivre cette journ\u00e9e de f\u00eate en pr\u00e9sence de la ministre de l'enseignement Marie-Martine Schyns. \u00a0D'autres infos \u00e9galement avec le Raid Dingue, des ateliers sur les valeurs d\u00e9fendues sur Simone Veil, Tana\u00e9 et le rappeur Badi... https:\/\/www.youtube.com\/watch?v=so5Iq4A10Cs&t=6s","rel":"","context":"Dans &quot;Les magazines&quot;","img":{"alt_text":"","src":"https:\/\/i0.wp.com\/av.arbeaumont.eu\/wp-content\/uploads\/2018\/11\/Capture-d\u2019\u00e9cran-2018-11-29-\u00e0-22.45.53.png?resize=350%2C200&ssl=1","width":350,"height":200},"classes":[]},{"id":1652,"url":"https:\/\/av.arbeaumont.eu\/index.php\/2019\/10\/30\/magazine-de-lathenee-septembre-octobre-2019\/","url_meta":{"origin":1769,"position":3},"title":"Magazine de l&rsquo;ath\u00e9n\u00e9e septembre-octobre 2019","date":"30 octobre 2019","format":false,"excerpt":"https:\/\/youtu.be\/lDS6qg9DRFc","rel":"","context":"Dans &quot;Les magazines&quot;","img":{"alt_text":"","src":"https:\/\/i0.wp.com\/av.arbeaumont.eu\/wp-content\/uploads\/2019\/10\/Photo-9-jpeg.jpg?resize=350%2C200&ssl=1","width":350,"height":200},"classes":[]},{"id":2819,"url":"https:\/\/av.arbeaumont.eu\/index.php\/2023\/02\/22\/un-moment-de-paix\/","url_meta":{"origin":1769,"position":4},"title":"Un moment de paix","date":"22 f\u00e9vrier 2023","format":false,"excerpt":"Un court-m\u00e9trage r\u00e9alis\u00e9 par Alexis Bosi 6TTR (2022) https:\/\/www.youtube.com\/watch?v=2aag2Jm8Gto","rel":"","context":"Dans &quot;Les courts-m\u00e9trages&quot;","img":{"alt_text":"","src":"https:\/\/i0.wp.com\/av.arbeaumont.eu\/wp-content\/uploads\/2023\/02\/Capture-decran-2023-02-22-a-18.06.45.jpg?resize=350%2C200&ssl=1","width":350,"height":200},"classes":[]},{"id":2204,"url":"https:\/\/av.arbeaumont.eu\/index.php\/2021\/03\/30\/linterview-pour-les-nuls\/","url_meta":{"origin":1769,"position":5},"title":"L&rsquo;interview pour les nuls","date":"30 mars 2021","format":false,"excerpt":"Tu veux r\u00e9aliser une interview et tu ne sais pas comment t'y prendre? Regarde la le\u00e7on r\u00e9alis\u00e9e par les \u00e9l\u00e8ves de rh\u00e9tos. Ils te donnent tous les trucs et astuces pour r\u00e9aliser la meilleure interview possible. https:\/\/www.youtube.com\/watch?v=ktmpaxYOEIs","rel":"","context":"Dans &quot;Les courts-m\u00e9trages&quot;","img":{"alt_text":"","src":"https:\/\/i0.wp.com\/av.arbeaumont.eu\/wp-content\/uploads\/2021\/04\/Capture-decran-2021-04-02-a-12.14.18-1.png?resize=350%2C200&ssl=1","width":350,"height":200},"classes":[]}],"amp_enabled":true,"_links":{"self":[{"href":"https:\/\/av.arbeaumont.eu\/index.php\/wp-json\/wp\/v2\/posts\/1769","targetHints":{"allow":["GET"]}}],"collection":[{"href":"https:\/\/av.arbeaumont.eu\/index.php\/wp-json\/wp\/v2\/posts"}],"about":[{"href":"https:\/\/av.arbeaumont.eu\/index.php\/wp-json\/wp\/v2\/types\/post"}],"author":[{"embeddable":true,"href":"https:\/\/av.arbeaumont.eu\/index.php\/wp-json\/wp\/v2\/users\/1"}],"replies":[{"embeddable":true,"href":"https:\/\/av.arbeaumont.eu\/index.php\/wp-json\/wp\/v2\/comments?post=1769"}],"version-history":[{"count":2,"href":"https:\/\/av.arbeaumont.eu\/index.php\/wp-json\/wp\/v2\/posts\/1769\/revisions"}],"predecessor-version":[{"id":1774,"href":"https:\/\/av.arbeaumont.eu\/index.php\/wp-json\/wp\/v2\/posts\/1769\/revisions\/1774"}],"wp:featuredmedia":[{"embeddable":true,"href":"https:\/\/av.arbeaumont.eu\/index.php\/wp-json\/wp\/v2\/media\/1773"}],"wp:attachment":[{"href":"https:\/\/av.arbeaumont.eu\/index.php\/wp-json\/wp\/v2\/media?parent=1769"}],"wp:term":[{"taxonomy":"category","embeddable":true,"href":"https:\/\/av.arbeaumont.eu\/index.php\/wp-json\/wp\/v2\/categories?post=1769"},{"taxonomy":"post_tag","embeddable":true,"href":"https:\/\/av.arbeaumont.eu\/index.php\/wp-json\/wp\/v2\/tags?post=1769"}],"curies":[{"name":"wp","href":"https:\/\/api.w.org\/{rel}","templated":true}]}}