{"id":1795,"date":"2020-03-08T17:37:14","date_gmt":"2020-03-08T16:37:14","guid":{"rendered":"https:\/\/av.arbeaumont.eu\/?p=1795"},"modified":"2020-03-08T21:09:56","modified_gmt":"2020-03-08T20:09:56","slug":"une-fiction-pour-lavenir","status":"publish","type":"post","link":"https:\/\/av.arbeaumont.eu\/index.php\/2020\/03\/08\/une-fiction-pour-lavenir\/","title":{"rendered":"Une fiction pour l&rsquo;avenir"},"content":{"rendered":"<p>Et si le cin\u00e9ma, coupl\u00e9 \u00e0 la danse, pouvaient changer le monde, l\u2019avenir ne serait-il pas plus serein&nbsp;?<\/p>\n<p>Oph\u00e9lia Ottelet<\/p>\n<p><span class=\"embed-youtube\" style=\"text-align:center; display: block;\"><iframe loading=\"lazy\" class=\"youtube-player\" width=\"696\" height=\"392\" src=\"https:\/\/www.youtube.com\/embed\/DgznD55pRb8?version=3&#038;rel=1&#038;showsearch=0&#038;showinfo=1&#038;iv_load_policy=1&#038;fs=1&#038;hl=fr-FR&#038;autohide=2&#038;wmode=transparent\" allowfullscreen=\"true\" style=\"border:0;\" sandbox=\"allow-scripts allow-same-origin allow-popups allow-presentation\"><\/iframe><\/span><\/p>\n","protected":false},"excerpt":{"rendered":"<p>Et si le cin\u00e9ma, coupl\u00e9 \u00e0 la danse, pouvaient changer le monde, l\u2019avenir ne serait-il pas plus serein&nbsp;? Oph\u00e9lia Ottelet<\/p>\n","protected":false},"author":1,"featured_media":1796,"comment_status":"open","ping_status":"closed","sticky":false,"template":"","format":"standard","meta":{"jetpack_post_was_ever_published":false,"footnotes":""},"categories":[23],"tags":[],"class_list":{"0":"post-1795","1":"post","2":"type-post","3":"status-publish","4":"format-standard","5":"has-post-thumbnail","7":"category-les-courts-metrages"},"jetpack_featured_media_url":"https:\/\/av.arbeaumont.eu\/wp-content\/uploads\/2020\/03\/Capture-d\u2019\u00e9cran-2020-03-08-\u00e0-17.35.38.png","jetpack_sharing_enabled":true,"jetpack_shortlink":"https:\/\/wp.me\/p8Dhaa-sX","jetpack_likes_enabled":true,"jetpack-related-posts":[{"id":493,"url":"https:\/\/av.arbeaumont.eu\/index.php\/2017\/06\/19\/notre-web-documentaire-la-presse-en-parle\/","url_meta":{"origin":1795,"position":0},"title":"Notre web documentaire, la presse en parle","date":"19 juin 2017","format":false,"excerpt":"Juin 2017, les 3e audiovisuel sont\u00a0mis \u00e0 l'honneur dans la presse gr\u00e2ce au web documentaire sur les c\u00f4t\u00e9s insolites de Beaumont. \u00a0Une page compl\u00e8te du journal leur est consacr\u00e9e. \u00a0Lire l'article sur le site de l'Avenir. http:\/\/www.lavenir.net\/cnt\/dmf20170618_01020011\/la-ville-insolite-au-coeur-d-un-webdocumentaire \u00a0","rel":"","context":"Dans &quot;La section audiovisuelle dans les m\u00e9dias&quot;","img":{"alt_text":"","src":"https:\/\/i0.wp.com\/av.arbeaumont.eu\/wp-content\/uploads\/2017\/06\/Capture-ecran-2017-06-19-\u00e0-12.46.09.png?resize=350%2C200&ssl=1","width":350,"height":200},"classes":[]},{"id":927,"url":"https:\/\/av.arbeaumont.eu\/index.php\/2018\/05\/11\/927\/","url_meta":{"origin":1795,"position":1},"title":"Le documentaire sur Auschwitz \u00e0 la Une","date":"11 mai 2018","format":false,"excerpt":"\u00a0Lien vers l'article de l'Avenir.","rel":"","context":"Dans &quot;La section audiovisuelle dans les m\u00e9dias&quot;","img":{"alt_text":"","src":"https:\/\/i0.wp.com\/av.arbeaumont.eu\/wp-content\/uploads\/2018\/06\/Capture-d\u2019\u00e9cran-2018-06-11-\u00e0-21.33.32.png?resize=350%2C200&ssl=1","width":350,"height":200},"classes":[]},{"id":3013,"url":"https:\/\/av.arbeaumont.eu\/index.php\/2023\/03\/12\/la-mini-entreprise-a-la-une-de-lavenir\/","url_meta":{"origin":1795,"position":2},"title":"La mini entreprise \u00e0 la Une de l&rsquo;Avenir","date":"12 mars 2023","format":false,"excerpt":"","rel":"","context":"Dans &quot;La section audiovisuelle dans les m\u00e9dias&quot;","img":{"alt_text":"","src":"https:\/\/i0.wp.com\/av.arbeaumont.eu\/wp-content\/uploads\/2023\/03\/IMG_5800-3-2.jpg?resize=350%2C200&ssl=1","width":350,"height":200},"classes":[]},{"id":1616,"url":"https:\/\/av.arbeaumont.eu\/index.php\/2019\/05\/03\/dans-lavenir-une-pluie-de-recompenses-pour-lathenee\/","url_meta":{"origin":1795,"position":3},"title":"Dans l&rsquo;Avenir : \u00ab\u00a0Une pluie de r\u00e9compenses pour l&rsquo;ath\u00e9n\u00e9e\u00a0\u00bb","date":"3 mai 2019","format":false,"excerpt":"\u00a0","rel":"","context":"Dans &quot;La section audiovisuelle dans les m\u00e9dias&quot;","img":{"alt_text":"","src":"https:\/\/i0.wp.com\/av.arbeaumont.eu\/wp-content\/uploads\/2019\/05\/Capture-d\u2019\u00e9cran-2019-05-03-\u00e0-19.24.52.png?resize=350%2C200&ssl=1","width":350,"height":200},"classes":[]},{"id":939,"url":"https:\/\/av.arbeaumont.eu\/index.php\/2018\/02\/11\/le-conseil-communal-sur-le-web\/","url_meta":{"origin":1795,"position":4},"title":"Le conseil communal sur le WEB?","date":"11 f\u00e9vrier 2018","format":false,"excerpt":"Lien vers l'article du journal L'AVENIR","rel":"","context":"Dans &quot;La section audiovisuelle dans les m\u00e9dias&quot;","img":{"alt_text":"","src":"https:\/\/i0.wp.com\/av.arbeaumont.eu\/wp-content\/uploads\/2018\/06\/Capture-d\u2019\u00e9cran-2018-06-11-\u00e0-21.48.23.png?resize=350%2C200&ssl=1","width":350,"height":200},"classes":[]},{"id":1009,"url":"https:\/\/av.arbeaumont.eu\/index.php\/2017\/06\/11\/la-ville-insolite-au-coeur-dun-webdocumentaire\/","url_meta":{"origin":1795,"position":5},"title":"La ville insolite au coeur d&rsquo;un webdocumentaire","date":"11 juin 2017","format":false,"excerpt":"Lien vers l'article de L'AVENIR","rel":"","context":"Dans &quot;La section audiovisuelle dans les m\u00e9dias&quot;","img":{"alt_text":"","src":"https:\/\/i0.wp.com\/av.arbeaumont.eu\/wp-content\/uploads\/2018\/06\/Capture-d\u2019\u00e9cran-2018-06-11-\u00e0-22.32.47.png?resize=350%2C200&ssl=1","width":350,"height":200},"classes":[]}],"amp_enabled":true,"_links":{"self":[{"href":"https:\/\/av.arbeaumont.eu\/index.php\/wp-json\/wp\/v2\/posts\/1795","targetHints":{"allow":["GET"]}}],"collection":[{"href":"https:\/\/av.arbeaumont.eu\/index.php\/wp-json\/wp\/v2\/posts"}],"about":[{"href":"https:\/\/av.arbeaumont.eu\/index.php\/wp-json\/wp\/v2\/types\/post"}],"author":[{"embeddable":true,"href":"https:\/\/av.arbeaumont.eu\/index.php\/wp-json\/wp\/v2\/users\/1"}],"replies":[{"embeddable":true,"href":"https:\/\/av.arbeaumont.eu\/index.php\/wp-json\/wp\/v2\/comments?post=1795"}],"version-history":[{"count":2,"href":"https:\/\/av.arbeaumont.eu\/index.php\/wp-json\/wp\/v2\/posts\/1795\/revisions"}],"predecessor-version":[{"id":2030,"href":"https:\/\/av.arbeaumont.eu\/index.php\/wp-json\/wp\/v2\/posts\/1795\/revisions\/2030"}],"wp:featuredmedia":[{"embeddable":true,"href":"https:\/\/av.arbeaumont.eu\/index.php\/wp-json\/wp\/v2\/media\/1796"}],"wp:attachment":[{"href":"https:\/\/av.arbeaumont.eu\/index.php\/wp-json\/wp\/v2\/media?parent=1795"}],"wp:term":[{"taxonomy":"category","embeddable":true,"href":"https:\/\/av.arbeaumont.eu\/index.php\/wp-json\/wp\/v2\/categories?post=1795"},{"taxonomy":"post_tag","embeddable":true,"href":"https:\/\/av.arbeaumont.eu\/index.php\/wp-json\/wp\/v2\/tags?post=1795"}],"curies":[{"name":"wp","href":"https:\/\/api.w.org\/{rel}","templated":true}]}}