{"id":1818,"date":"2020-03-08T17:59:31","date_gmt":"2020-03-08T16:59:31","guid":{"rendered":"https:\/\/av.arbeaumont.eu\/?p=1818"},"modified":"2020-06-05T14:40:51","modified_gmt":"2020-06-05T12:40:51","slug":"la-verite-sort-de-la-bouche-des-enfants","status":"publish","type":"post","link":"https:\/\/av.arbeaumont.eu\/index.php\/2020\/03\/08\/la-verite-sort-de-la-bouche-des-enfants\/","title":{"rendered":"La v\u00e9rit\u00e9 sort de la bouche des enfants"},"content":{"rendered":"<p>Les adultes et les adolescents ont une vision tr\u00e8s pessimiste de l\u2019avenir.\u00a0 Et si pour une fois, nous \u00e9coutions de jeunes enfants pour imaginer le monde de demain.<\/p>\n<p>Alexis Burnotte<\/p>\n<p>Ce court-m\u00e9trage a re\u00e7u le 3er prix du jury, cat\u00e9gorie individuelle, au concours vid\u00e9o de la Maison de la La\u00efcit\u00e9 du Pays de Ath en 2020.<\/p>\n<p><span class=\"embed-youtube\" style=\"text-align:center; display: block;\"><iframe loading=\"lazy\" class=\"youtube-player\" width=\"696\" height=\"392\" src=\"https:\/\/www.youtube.com\/embed\/ro48452y44w?version=3&#038;rel=1&#038;showsearch=0&#038;showinfo=1&#038;iv_load_policy=1&#038;fs=1&#038;hl=fr-FR&#038;autohide=2&#038;wmode=transparent\" allowfullscreen=\"true\" style=\"border:0;\" sandbox=\"allow-scripts allow-same-origin allow-popups allow-presentation\"><\/iframe><\/span><\/p>\n","protected":false},"excerpt":{"rendered":"<p>Les adultes et les adolescents ont une vision tr\u00e8s pessimiste de l\u2019avenir.\u00a0 Et si pour une fois, nous \u00e9coutions de jeunes enfants pour imaginer le monde de demain. Alexis Burnotte Ce court-m\u00e9trage a re\u00e7u le 3er prix du jury, cat\u00e9gorie individuelle, au concours vid\u00e9o de la Maison de la La\u00efcit\u00e9 du Pays de Ath en [&hellip;]<\/p>\n","protected":false},"author":1,"featured_media":1819,"comment_status":"open","ping_status":"closed","sticky":false,"template":"","format":"standard","meta":{"jetpack_post_was_ever_published":false,"footnotes":""},"categories":[23],"tags":[],"class_list":{"0":"post-1818","1":"post","2":"type-post","3":"status-publish","4":"format-standard","5":"has-post-thumbnail","7":"category-les-courts-metrages"},"jetpack_featured_media_url":"https:\/\/av.arbeaumont.eu\/wp-content\/uploads\/2020\/03\/Capture-d\u2019\u00e9cran-2020-03-08-\u00e0-17.57.42.png","jetpack_sharing_enabled":true,"jetpack_shortlink":"https:\/\/wp.me\/p8Dhaa-tk","jetpack_likes_enabled":true,"jetpack-related-posts":[{"id":2611,"url":"https:\/\/av.arbeaumont.eu\/index.php\/2022\/01\/08\/bibliotheques-humaines\/","url_meta":{"origin":1818,"position":0},"title":"Perrine, \u00e0 l&rsquo;\u00e9coute de la nature","date":"8 janvier 2022","format":false,"excerpt":"Perrine est-elle une alchimiste? Une magicienne? Une botaniste? Ou tout simplement une femme qui sait observer et \u00e9couter la nature? Toute l'ann\u00e9e, Perrine s\u00e8me, nourrit, r\u00e9colte et s\u00e8che les plantes pour en cr\u00e9er des \u00e9lixirs, des huiles, des hydrolats, \u2026 pour prendre soin du corps, mais aussi de l'\u00e2me!Mais le\u2026","rel":"","context":"Dans &quot;Biblioth\u00e8ques humaines&quot;","img":{"alt_text":"","src":"https:\/\/i0.wp.com\/av.arbeaumont.eu\/wp-content\/uploads\/2022\/01\/Perrine-2.jpg?resize=350%2C200&ssl=1","width":350,"height":200},"classes":[]},{"id":3214,"url":"https:\/\/av.arbeaumont.eu\/index.php\/2026\/03\/14\/souris-mchou\/","url_meta":{"origin":1818,"position":1},"title":"Souris m&rsquo;chou &#8211; Notre 2e mini entreprise en audiovisuel","date":"14 mars 2026","format":false,"excerpt":"Souris m'chou, c'est le nom de notre deuxi\u00e8me mini-entreprise. Ce projet est encadr\u00e9 par l'asbl LJE - Les Jeunes entreprises - et vise \u00e0 developper chez les jeunes l'esprit d'entreprendre. Oser, cr\u00e9er, r\u00eaver, voil\u00e0 leur slogan. Le principe est simple : les \u00e9l\u00e8ves s'unissent en coop\u00e9rative. Chacun d'entre eux d\u00e9pose\u2026","rel":"","context":"Dans &quot;Souris m'chou&quot;","img":{"alt_text":"","src":"https:\/\/i0.wp.com\/av.arbeaumont.eu\/wp-content\/uploads\/2026\/03\/Prix-meilleure-experience.jpg?resize=350%2C200&ssl=1","width":350,"height":200},"classes":[]},{"id":630,"url":"https:\/\/av.arbeaumont.eu\/index.php\/2018\/01\/24\/collaboration-entre-la-maison-des-jeunes-de-beaumont-et-lathenee\/","url_meta":{"origin":1818,"position":2},"title":"La s\u00e9curit\u00e9 sur la route et sur internet","date":"24 janvier 2018","format":"video","excerpt":"La publicit\u00e9 en question Comment construire un message publicitaire ? \u00a0Quels sont les trucs utilis\u00e9s par les soci\u00e9t\u00e9s de marketing pour nous pi\u00e9ger? \u00a0Cherche-t-on \u00e0 nous mentir et \u00e0 nous manipuler? \u00a0Quelle vision de la soci\u00e9t\u00e9 la publicit\u00e9 nous renvoie-elle? \u00a0Toutes ces questions, nous les avons examin\u00e9es avec les 4e\u2026","rel":"","context":"Dans &quot;Affiches&quot;","img":{"alt_text":"","src":"https:\/\/i0.wp.com\/av.arbeaumont.eu\/wp-content\/uploads\/2018\/01\/BERNARD-Noah-Pub.jpg?resize=350%2C200&ssl=1","width":350,"height":200},"classes":[]},{"id":903,"url":"https:\/\/av.arbeaumont.eu\/index.php\/2018\/06\/10\/la-reference-du-chocolat-a-beaumont\/","url_meta":{"origin":1818,"position":3},"title":"LA REFERENCE DU CHOCOLAT","date":"10 juin 2018","format":false,"excerpt":"Alain Bressant est l\u2019un des principaux chocolatiers de la r\u00e9gion.\u00a0 Avec 25 ann\u00e9es de pratique \u00e0 son actif, Ce beaumontois d\u2019origine vous dit tout\u00a0sur l\u2019or noir! Propos recueillis par Maxime Stilmant, \u00e9l\u00e8ve de 3eaudiovisuel \u00e0 l\u2019ath\u00e9n\u00e9e royal de Beaumont. En quoi consiste votre m\u00e9tier\u00a0? Fabriquer du chocolat, des pralines, des\u2026","rel":"","context":"Dans &quot;En radio&quot;","img":{"alt_text":"","src":"https:\/\/i0.wp.com\/av.arbeaumont.eu\/wp-content\/uploads\/2018\/06\/photo-19.jpg?resize=350%2C200&ssl=1","width":350,"height":200},"classes":[]},{"id":799,"url":"https:\/\/av.arbeaumont.eu\/index.php\/2018\/06\/11\/la-distillerie-de-biercee\/","url_meta":{"origin":1818,"position":4},"title":"MAGNIFIQUE DISTILLERIE DE BIERCEE","date":"11 juin 2018","format":false,"excerpt":"La distillerie de Bierc\u00e9e est un endroit tr\u00e8s chouette o\u00f9 les gens sont tr\u00e8s sympathiques et conviviaux. B\u00e9n\u00e9dicte Soupart, responsable du tourisme \u00e0 la distillerie nous emm\u00e8ne faire une petite viste guid\u00e9e. Propos recueillis par Jean-Christophe Bayot, \u00e9l\u00e8ve de 3e audiovisuel. Combien de personnes travaillent \u00e0 la fabrication des produits\u2026","rel":"","context":"Dans &quot;En radio&quot;","img":{"alt_text":"","src":"https:\/\/i0.wp.com\/av.arbeaumont.eu\/wp-content\/uploads\/2018\/06\/machine-4.jpg?resize=350%2C200&ssl=1","width":350,"height":200},"classes":[]},{"id":856,"url":"https:\/\/av.arbeaumont.eu\/index.php\/2018\/06\/11\/l-art-du-snack\/","url_meta":{"origin":1818,"position":5},"title":"IL A LA FRITE !","date":"11 juin 2018","format":false,"excerpt":"Lo\u00efs Cordisco, jeune restaurateur, tient la friterie du Parc, bien connue des habitants de la r\u00e9gion.\u00a0 Juste en face du parc de Beaumont, elle est appr\u00e9ci\u00e9e pour la qualit\u00e9 du service.\u00a0Nous sommes partis \u00e0 la rencontre du g\u00e9rant.\u00a0 Il nous d\u00e9crit ses journ\u00e9es, ses \u00e9tudes mais aussi les sp\u00e9cificit\u00e9s du\u2026","rel":"","context":"Dans &quot;En radio&quot;","img":{"alt_text":"","src":"https:\/\/i0.wp.com\/av.arbeaumont.eu\/wp-content\/uploads\/2018\/06\/portrait.jpg?resize=350%2C200&ssl=1","width":350,"height":200},"classes":[]}],"amp_enabled":true,"_links":{"self":[{"href":"https:\/\/av.arbeaumont.eu\/index.php\/wp-json\/wp\/v2\/posts\/1818","targetHints":{"allow":["GET"]}}],"collection":[{"href":"https:\/\/av.arbeaumont.eu\/index.php\/wp-json\/wp\/v2\/posts"}],"about":[{"href":"https:\/\/av.arbeaumont.eu\/index.php\/wp-json\/wp\/v2\/types\/post"}],"author":[{"embeddable":true,"href":"https:\/\/av.arbeaumont.eu\/index.php\/wp-json\/wp\/v2\/users\/1"}],"replies":[{"embeddable":true,"href":"https:\/\/av.arbeaumont.eu\/index.php\/wp-json\/wp\/v2\/comments?post=1818"}],"version-history":[{"count":3,"href":"https:\/\/av.arbeaumont.eu\/index.php\/wp-json\/wp\/v2\/posts\/1818\/revisions"}],"predecessor-version":[{"id":2075,"href":"https:\/\/av.arbeaumont.eu\/index.php\/wp-json\/wp\/v2\/posts\/1818\/revisions\/2075"}],"wp:featuredmedia":[{"embeddable":true,"href":"https:\/\/av.arbeaumont.eu\/index.php\/wp-json\/wp\/v2\/media\/1819"}],"wp:attachment":[{"href":"https:\/\/av.arbeaumont.eu\/index.php\/wp-json\/wp\/v2\/media?parent=1818"}],"wp:term":[{"taxonomy":"category","embeddable":true,"href":"https:\/\/av.arbeaumont.eu\/index.php\/wp-json\/wp\/v2\/categories?post=1818"},{"taxonomy":"post_tag","embeddable":true,"href":"https:\/\/av.arbeaumont.eu\/index.php\/wp-json\/wp\/v2\/tags?post=1818"}],"curies":[{"name":"wp","href":"https:\/\/api.w.org\/{rel}","templated":true}]}}