{"id":2052,"date":"2020-04-16T13:32:08","date_gmt":"2020-04-16T11:32:08","guid":{"rendered":"https:\/\/av.arbeaumont.eu\/?p=2052"},"modified":"2021-04-06T16:36:23","modified_gmt":"2021-04-06T14:36:23","slug":"campagne-contre-le-harcelement","status":"publish","type":"post","link":"https:\/\/av.arbeaumont.eu\/index.php\/2020\/04\/16\/campagne-contre-le-harcelement\/","title":{"rendered":"Campagne contre le harc\u00e8lement"},"content":{"rendered":"\n<p>En d\u00e9but d&rsquo;ann\u00e9e, les classes de 3e, 4e et 6e audiovisuel se sont lanc\u00e9es dans un vaste projet relatif au harc\u00e8lement.  L&rsquo;id\u00e9e \u00e9tait de sensibiliser le public \u00e0 cette probl\u00e9matique au travers de la r\u00e9alisation d&rsquo;affiches et de spots publicitaires.  <\/p>\n\n\n\n<p>La fermeture des \u00e9coles en raison du confinement ne nous a pas permis d&rsquo;aller totalement jusqu&rsquo;au bout du projet.  Plusieurs \u00e9l\u00e8ves de 4e par exemple n&rsquo;ont pas eu l&rsquo;occasion de r\u00e9aliser leur affiche finale.  <\/p>\n\n\n\n<p>Mais nous ne voulions pas en rester l\u00e0.  Il \u00e9tait important pour nous de partager ce projet, avec vous, avec les jeunes, les parents et les amis.  Nous avions envisag\u00e9 de vous r\u00e9unir \u00e0 l&rsquo;\u00e9cole pour parler du harc\u00e8lement et vous expliquer notre d\u00e9marche.  Chaque affiche r\u00e9v\u00e8le une facette diff\u00e9rente de ce fl\u00e9au.  Les \u00e9l\u00e8ves ont voulu exposer le point de vue des victimes, parfois (et il ne faut pas les oublier) celui des harceleurs et dans la vid\u00e9o, celui des t\u00e9moins.  Nous vous proposons donc de d\u00e9couvrir toutes leurs affiches, le clip vid\u00e9o ainsi que le making off du tournage.  <\/p>\n\n\n\n<figure data-carousel-extra='{\"blog_id\":1,\"permalink\":\"https:\\\/\\\/av.arbeaumont.eu\\\/index.php\\\/2020\\\/04\\\/16\\\/campagne-contre-le-harcelement\\\/\"}'  class=\"wp-block-gallery aligncenter columns-1 is-cropped wp-block-gallery-1 is-layout-flex wp-block-gallery-is-layout-flex\"><ul class=\"blocks-gallery-grid\"><li class=\"blocks-gallery-item\"><figure><img loading=\"lazy\" decoding=\"async\" width=\"683\" height=\"1024\" data-attachment-id=\"2034\" data-permalink=\"https:\/\/av.arbeaumont.eu\/lily-psd-affiche\/\" data-orig-file=\"https:\/\/av.arbeaumont.eu\/wp-content\/uploads\/2020\/04\/lily-psd-affiche.jpg\" data-orig-size=\"1365,2048\" data-comments-opened=\"1\" data-image-meta=\"{&quot;aperture&quot;:&quot;0&quot;,&quot;credit&quot;:&quot;&quot;,&quot;camera&quot;:&quot;&quot;,&quot;caption&quot;:&quot;&quot;,&quot;created_timestamp&quot;:&quot;1580384749&quot;,&quot;copyright&quot;:&quot;&quot;,&quot;focal_length&quot;:&quot;0&quot;,&quot;iso&quot;:&quot;0&quot;,&quot;shutter_speed&quot;:&quot;0&quot;,&quot;title&quot;:&quot;&quot;,&quot;orientation&quot;:&quot;0&quot;}\" data-image-title=\"lily psd affiche\" data-image-description=\"\" data-image-caption=\"\" data-medium-file=\"https:\/\/av.arbeaumont.eu\/wp-content\/uploads\/2020\/04\/lily-psd-affiche-200x300.jpg\" data-large-file=\"https:\/\/av.arbeaumont.eu\/wp-content\/uploads\/2020\/04\/lily-psd-affiche-683x1024.jpg\" src=\"https:\/\/av.arbeaumont.eu\/wp-content\/uploads\/2020\/04\/lily-psd-affiche-683x1024.jpg\" alt=\"\" data-id=\"2034\" data-full-url=\"https:\/\/av.arbeaumont.eu\/wp-content\/uploads\/2020\/04\/lily-psd-affiche.jpg\" data-link=\"https:\/\/av.arbeaumont.eu\/lily-psd-affiche\/\" class=\"wp-image-2034\" srcset=\"https:\/\/av.arbeaumont.eu\/wp-content\/uploads\/2020\/04\/lily-psd-affiche-683x1024.jpg 683w, https:\/\/av.arbeaumont.eu\/wp-content\/uploads\/2020\/04\/lily-psd-affiche-200x300.jpg 200w, https:\/\/av.arbeaumont.eu\/wp-content\/uploads\/2020\/04\/lily-psd-affiche-768x1152.jpg 768w, https:\/\/av.arbeaumont.eu\/wp-content\/uploads\/2020\/04\/lily-psd-affiche-1024x1536.jpg 1024w, https:\/\/av.arbeaumont.eu\/wp-content\/uploads\/2020\/04\/lily-psd-affiche.jpg 1365w, https:\/\/av.arbeaumont.eu\/wp-content\/uploads\/2020\/04\/lily-psd-affiche-696x1044.jpg 696w, https:\/\/av.arbeaumont.eu\/wp-content\/uploads\/2020\/04\/lily-psd-affiche-1068x1602.jpg 1068w, https:\/\/av.arbeaumont.eu\/wp-content\/uploads\/2020\/04\/lily-psd-affiche-280x420.jpg 280w\" sizes=\"auto, (max-width: 683px) 100vw, 683px\" \/><\/figure><\/li><li class=\"blocks-gallery-item\"><figure><img loading=\"lazy\" decoding=\"async\" width=\"1024\" height=\"683\" data-attachment-id=\"2042\" data-permalink=\"https:\/\/av.arbeaumont.eu\/gerardkyanaharcelement-psd-definitive-psd-definitive-2\/\" data-orig-file=\"https:\/\/av.arbeaumont.eu\/wp-content\/uploads\/2020\/04\/gerardkyanaharcelement.psd-definitive.psd-definitive-2.jpg\" data-orig-size=\"2048,1365\" data-comments-opened=\"1\" data-image-meta=\"{&quot;aperture&quot;:&quot;0&quot;,&quot;credit&quot;:&quot;&quot;,&quot;camera&quot;:&quot;&quot;,&quot;caption&quot;:&quot;&quot;,&quot;created_timestamp&quot;:&quot;1580384814&quot;,&quot;copyright&quot;:&quot;&quot;,&quot;focal_length&quot;:&quot;0&quot;,&quot;iso&quot;:&quot;0&quot;,&quot;shutter_speed&quot;:&quot;0&quot;,&quot;title&quot;:&quot;&quot;,&quot;orientation&quot;:&quot;0&quot;}\" data-image-title=\"gerardkyanaharcelement.psd definitive.psd definitive +++ 2\" data-image-description=\"\" data-image-caption=\"&lt;p&gt;Kyana 3e&lt;\/p&gt;\n\" data-medium-file=\"https:\/\/av.arbeaumont.eu\/wp-content\/uploads\/2020\/04\/gerardkyanaharcelement.psd-definitive.psd-definitive-2-300x200.jpg\" data-large-file=\"https:\/\/av.arbeaumont.eu\/wp-content\/uploads\/2020\/04\/gerardkyanaharcelement.psd-definitive.psd-definitive-2-1024x683.jpg\" src=\"https:\/\/av.arbeaumont.eu\/wp-content\/uploads\/2020\/04\/gerardkyanaharcelement.psd-definitive.psd-definitive-2-1024x683.jpg\" alt=\"\" data-id=\"2042\" data-full-url=\"https:\/\/av.arbeaumont.eu\/wp-content\/uploads\/2020\/04\/gerardkyanaharcelement.psd-definitive.psd-definitive-2.jpg\" data-link=\"https:\/\/av.arbeaumont.eu\/gerardkyanaharcelement-psd-definitive-psd-definitive-2\/\" class=\"wp-image-2042\" srcset=\"https:\/\/av.arbeaumont.eu\/wp-content\/uploads\/2020\/04\/gerardkyanaharcelement.psd-definitive.psd-definitive-2-1024x683.jpg 1024w, https:\/\/av.arbeaumont.eu\/wp-content\/uploads\/2020\/04\/gerardkyanaharcelement.psd-definitive.psd-definitive-2-300x200.jpg 300w, https:\/\/av.arbeaumont.eu\/wp-content\/uploads\/2020\/04\/gerardkyanaharcelement.psd-definitive.psd-definitive-2-768x512.jpg 768w, https:\/\/av.arbeaumont.eu\/wp-content\/uploads\/2020\/04\/gerardkyanaharcelement.psd-definitive.psd-definitive-2-1536x1024.jpg 1536w, https:\/\/av.arbeaumont.eu\/wp-content\/uploads\/2020\/04\/gerardkyanaharcelement.psd-definitive.psd-definitive-2.jpg 2048w, https:\/\/av.arbeaumont.eu\/wp-content\/uploads\/2020\/04\/gerardkyanaharcelement.psd-definitive.psd-definitive-2-696x464.jpg 696w, https:\/\/av.arbeaumont.eu\/wp-content\/uploads\/2020\/04\/gerardkyanaharcelement.psd-definitive.psd-definitive-2-1068x712.jpg 1068w, https:\/\/av.arbeaumont.eu\/wp-content\/uploads\/2020\/04\/gerardkyanaharcelement.psd-definitive.psd-definitive-2-630x420.jpg 630w\" sizes=\"auto, (max-width: 1024px) 100vw, 1024px\" \/><figcaption class=\"blocks-gallery-item__caption\">Kyana 3e<\/figcaption><\/figure><\/li><li class=\"blocks-gallery-item\"><figure><img loading=\"lazy\" decoding=\"async\" width=\"1024\" height=\"683\" data-attachment-id=\"2051\" data-permalink=\"https:\/\/av.arbeaumont.eu\/vivianne-rubim-afficheharcelement\/\" data-orig-file=\"https:\/\/av.arbeaumont.eu\/wp-content\/uploads\/2020\/04\/Vivianne-Rubim-AfficheHarc\u00e9lement.jpg\" data-orig-size=\"2048,1365\" data-comments-opened=\"1\" data-image-meta=\"{&quot;aperture&quot;:&quot;0&quot;,&quot;credit&quot;:&quot;&quot;,&quot;camera&quot;:&quot;&quot;,&quot;caption&quot;:&quot;&quot;,&quot;created_timestamp&quot;:&quot;1578485660&quot;,&quot;copyright&quot;:&quot;&quot;,&quot;focal_length&quot;:&quot;0&quot;,&quot;iso&quot;:&quot;0&quot;,&quot;shutter_speed&quot;:&quot;0&quot;,&quot;title&quot;:&quot;&quot;,&quot;orientation&quot;:&quot;0&quot;}\" data-image-title=\"Vivianne Rubim AfficheHarc\u00e9lement\" data-image-description=\"\" data-image-caption=\"&lt;p&gt;Viviane 3e&lt;\/p&gt;\n\" data-medium-file=\"https:\/\/av.arbeaumont.eu\/wp-content\/uploads\/2020\/04\/Vivianne-Rubim-AfficheHarc\u00e9lement-300x200.jpg\" data-large-file=\"https:\/\/av.arbeaumont.eu\/wp-content\/uploads\/2020\/04\/Vivianne-Rubim-AfficheHarc\u00e9lement-1024x683.jpg\" src=\"https:\/\/av.arbeaumont.eu\/wp-content\/uploads\/2020\/04\/Vivianne-Rubim-AfficheHarc\u00e9lement-1024x683.jpg\" alt=\"\" data-id=\"2051\" data-full-url=\"https:\/\/av.arbeaumont.eu\/wp-content\/uploads\/2020\/04\/Vivianne-Rubim-AfficheHarc\u00e9lement.jpg\" data-link=\"https:\/\/av.arbeaumont.eu\/vivianne-rubim-afficheharcelement\/\" class=\"wp-image-2051\" srcset=\"https:\/\/av.arbeaumont.eu\/wp-content\/uploads\/2020\/04\/Vivianne-Rubim-AfficheHarc\u00e9lement-1024x683.jpg 1024w, https:\/\/av.arbeaumont.eu\/wp-content\/uploads\/2020\/04\/Vivianne-Rubim-AfficheHarc\u00e9lement-300x200.jpg 300w, https:\/\/av.arbeaumont.eu\/wp-content\/uploads\/2020\/04\/Vivianne-Rubim-AfficheHarc\u00e9lement-768x512.jpg 768w, https:\/\/av.arbeaumont.eu\/wp-content\/uploads\/2020\/04\/Vivianne-Rubim-AfficheHarc\u00e9lement-1536x1024.jpg 1536w, https:\/\/av.arbeaumont.eu\/wp-content\/uploads\/2020\/04\/Vivianne-Rubim-AfficheHarc\u00e9lement.jpg 2048w, https:\/\/av.arbeaumont.eu\/wp-content\/uploads\/2020\/04\/Vivianne-Rubim-AfficheHarc\u00e9lement-696x464.jpg 696w, https:\/\/av.arbeaumont.eu\/wp-content\/uploads\/2020\/04\/Vivianne-Rubim-AfficheHarc\u00e9lement-1068x712.jpg 1068w, https:\/\/av.arbeaumont.eu\/wp-content\/uploads\/2020\/04\/Vivianne-Rubim-AfficheHarc\u00e9lement-630x420.jpg 630w\" sizes=\"auto, (max-width: 1024px) 100vw, 1024px\" \/><figcaption class=\"blocks-gallery-item__caption\">Viviane 3e<\/figcaption><\/figure><\/li><li class=\"blocks-gallery-item\"><figure><img loading=\"lazy\" decoding=\"async\" width=\"724\" height=\"1024\" data-attachment-id=\"2040\" data-permalink=\"https:\/\/av.arbeaumont.eu\/erin\/\" data-orig-file=\"https:\/\/av.arbeaumont.eu\/wp-content\/uploads\/2020\/04\/ERIN-scaled.jpg\" data-orig-size=\"1449,2048\" data-comments-opened=\"1\" data-image-meta=\"{&quot;aperture&quot;:&quot;0&quot;,&quot;credit&quot;:&quot;&quot;,&quot;camera&quot;:&quot;&quot;,&quot;caption&quot;:&quot;&quot;,&quot;created_timestamp&quot;:&quot;0&quot;,&quot;copyright&quot;:&quot;&quot;,&quot;focal_length&quot;:&quot;0&quot;,&quot;iso&quot;:&quot;0&quot;,&quot;shutter_speed&quot;:&quot;0&quot;,&quot;title&quot;:&quot;&quot;,&quot;orientation&quot;:&quot;0&quot;}\" data-image-title=\"ERIN\" data-image-description=\"\" data-image-caption=\"&lt;p&gt;Erin 3e&lt;\/p&gt;\n\" data-medium-file=\"https:\/\/av.arbeaumont.eu\/wp-content\/uploads\/2020\/04\/ERIN-212x300.jpg\" data-large-file=\"https:\/\/av.arbeaumont.eu\/wp-content\/uploads\/2020\/04\/ERIN-724x1024.jpg\" src=\"https:\/\/av.arbeaumont.eu\/wp-content\/uploads\/2020\/04\/ERIN-724x1024.jpg\" alt=\"\" data-id=\"2040\" data-full-url=\"https:\/\/av.arbeaumont.eu\/wp-content\/uploads\/2020\/04\/ERIN-scaled.jpg\" data-link=\"https:\/\/av.arbeaumont.eu\/erin\/\" class=\"wp-image-2040\" srcset=\"https:\/\/av.arbeaumont.eu\/wp-content\/uploads\/2020\/04\/ERIN-724x1024.jpg 724w, https:\/\/av.arbeaumont.eu\/wp-content\/uploads\/2020\/04\/ERIN-212x300.jpg 212w, https:\/\/av.arbeaumont.eu\/wp-content\/uploads\/2020\/04\/ERIN-768x1086.jpg 768w, https:\/\/av.arbeaumont.eu\/wp-content\/uploads\/2020\/04\/ERIN-1086x1536.jpg 1086w, https:\/\/av.arbeaumont.eu\/wp-content\/uploads\/2020\/04\/ERIN-scaled.jpg 1449w, https:\/\/av.arbeaumont.eu\/wp-content\/uploads\/2020\/04\/ERIN-696x984.jpg 696w, https:\/\/av.arbeaumont.eu\/wp-content\/uploads\/2020\/04\/ERIN-1068x1510.jpg 1068w, https:\/\/av.arbeaumont.eu\/wp-content\/uploads\/2020\/04\/ERIN-297x420.jpg 297w\" sizes=\"auto, (max-width: 724px) 100vw, 724px\" \/><figcaption class=\"blocks-gallery-item__caption\">Erin 3e<\/figcaption><\/figure><\/li><li class=\"blocks-gallery-item\"><figure><img loading=\"lazy\" decoding=\"async\" width=\"1024\" height=\"724\" data-attachment-id=\"2050\" data-permalink=\"https:\/\/av.arbeaumont.eu\/vandewynckelmollyafficheharcelement\/\" data-orig-file=\"https:\/\/av.arbeaumont.eu\/wp-content\/uploads\/2020\/04\/vandewynckelMOLLYafficheharcelement.jpg\" data-orig-size=\"1189,841\" data-comments-opened=\"1\" data-image-meta=\"{&quot;aperture&quot;:&quot;0&quot;,&quot;credit&quot;:&quot;&quot;,&quot;camera&quot;:&quot;&quot;,&quot;caption&quot;:&quot;&quot;,&quot;created_timestamp&quot;:&quot;1580383213&quot;,&quot;copyright&quot;:&quot;&quot;,&quot;focal_length&quot;:&quot;0&quot;,&quot;iso&quot;:&quot;0&quot;,&quot;shutter_speed&quot;:&quot;0&quot;,&quot;title&quot;:&quot;&quot;,&quot;orientation&quot;:&quot;0&quot;}\" data-image-title=\"vandewynckelMOLLYafficheharcelement\" data-image-description=\"\" data-image-caption=\"&lt;p&gt;Molly 3e&lt;\/p&gt;\n\" data-medium-file=\"https:\/\/av.arbeaumont.eu\/wp-content\/uploads\/2020\/04\/vandewynckelMOLLYafficheharcelement-300x212.jpg\" data-large-file=\"https:\/\/av.arbeaumont.eu\/wp-content\/uploads\/2020\/04\/vandewynckelMOLLYafficheharcelement-1024x724.jpg\" src=\"https:\/\/av.arbeaumont.eu\/wp-content\/uploads\/2020\/04\/vandewynckelMOLLYafficheharcelement-1024x724.jpg\" alt=\"\" data-id=\"2050\" data-full-url=\"https:\/\/av.arbeaumont.eu\/wp-content\/uploads\/2020\/04\/vandewynckelMOLLYafficheharcelement.jpg\" data-link=\"https:\/\/av.arbeaumont.eu\/vandewynckelmollyafficheharcelement\/\" class=\"wp-image-2050\" srcset=\"https:\/\/av.arbeaumont.eu\/wp-content\/uploads\/2020\/04\/vandewynckelMOLLYafficheharcelement-1024x724.jpg 1024w, https:\/\/av.arbeaumont.eu\/wp-content\/uploads\/2020\/04\/vandewynckelMOLLYafficheharcelement-300x212.jpg 300w, https:\/\/av.arbeaumont.eu\/wp-content\/uploads\/2020\/04\/vandewynckelMOLLYafficheharcelement-768x543.jpg 768w, https:\/\/av.arbeaumont.eu\/wp-content\/uploads\/2020\/04\/vandewynckelMOLLYafficheharcelement-696x492.jpg 696w, https:\/\/av.arbeaumont.eu\/wp-content\/uploads\/2020\/04\/vandewynckelMOLLYafficheharcelement-1068x755.jpg 1068w, https:\/\/av.arbeaumont.eu\/wp-content\/uploads\/2020\/04\/vandewynckelMOLLYafficheharcelement-594x420.jpg 594w, https:\/\/av.arbeaumont.eu\/wp-content\/uploads\/2020\/04\/vandewynckelMOLLYafficheharcelement-100x70.jpg 100w, https:\/\/av.arbeaumont.eu\/wp-content\/uploads\/2020\/04\/vandewynckelMOLLYafficheharcelement.jpg 1189w\" sizes=\"auto, (max-width: 1024px) 100vw, 1024px\" \/><figcaption class=\"blocks-gallery-item__caption\">Molly 3e<\/figcaption><\/figure><\/li><li class=\"blocks-gallery-item\"><figure><img loading=\"lazy\" decoding=\"async\" width=\"1024\" height=\"683\" data-attachment-id=\"2035\" data-permalink=\"https:\/\/av.arbeaumont.eu\/affiche-lupu-stefania-3ttr-2\/\" data-orig-file=\"https:\/\/av.arbeaumont.eu\/wp-content\/uploads\/2020\/04\/AFFICHE-LUPU-STEFANIA-3TTR-2-scaled.jpg\" data-orig-size=\"2048,1366\" data-comments-opened=\"1\" data-image-meta=\"{&quot;aperture&quot;:&quot;0&quot;,&quot;credit&quot;:&quot;&quot;,&quot;camera&quot;:&quot;&quot;,&quot;caption&quot;:&quot;&quot;,&quot;created_timestamp&quot;:&quot;1579174160&quot;,&quot;copyright&quot;:&quot;&quot;,&quot;focal_length&quot;:&quot;0&quot;,&quot;iso&quot;:&quot;0&quot;,&quot;shutter_speed&quot;:&quot;0&quot;,&quot;title&quot;:&quot;&quot;,&quot;orientation&quot;:&quot;0&quot;}\" data-image-title=\"AFFICHE LUPU STEFANIA 3TTR 2\" data-image-description=\"\" data-image-caption=\"&lt;p&gt;St\u00e9fania 3e&lt;\/p&gt;\n\" data-medium-file=\"https:\/\/av.arbeaumont.eu\/wp-content\/uploads\/2020\/04\/AFFICHE-LUPU-STEFANIA-3TTR-2-300x200.jpg\" data-large-file=\"https:\/\/av.arbeaumont.eu\/wp-content\/uploads\/2020\/04\/AFFICHE-LUPU-STEFANIA-3TTR-2-1024x683.jpg\" src=\"https:\/\/av.arbeaumont.eu\/wp-content\/uploads\/2020\/04\/AFFICHE-LUPU-STEFANIA-3TTR-2-1024x683.jpg\" alt=\"\" data-id=\"2035\" data-full-url=\"https:\/\/av.arbeaumont.eu\/wp-content\/uploads\/2020\/04\/AFFICHE-LUPU-STEFANIA-3TTR-2-scaled.jpg\" data-link=\"https:\/\/av.arbeaumont.eu\/affiche-lupu-stefania-3ttr-2\/\" class=\"wp-image-2035\" srcset=\"https:\/\/av.arbeaumont.eu\/wp-content\/uploads\/2020\/04\/AFFICHE-LUPU-STEFANIA-3TTR-2-1024x683.jpg 1024w, https:\/\/av.arbeaumont.eu\/wp-content\/uploads\/2020\/04\/AFFICHE-LUPU-STEFANIA-3TTR-2-300x200.jpg 300w, https:\/\/av.arbeaumont.eu\/wp-content\/uploads\/2020\/04\/AFFICHE-LUPU-STEFANIA-3TTR-2-768x512.jpg 768w, https:\/\/av.arbeaumont.eu\/wp-content\/uploads\/2020\/04\/AFFICHE-LUPU-STEFANIA-3TTR-2-1536x1024.jpg 1536w, https:\/\/av.arbeaumont.eu\/wp-content\/uploads\/2020\/04\/AFFICHE-LUPU-STEFANIA-3TTR-2-scaled.jpg 2048w, https:\/\/av.arbeaumont.eu\/wp-content\/uploads\/2020\/04\/AFFICHE-LUPU-STEFANIA-3TTR-2-696x464.jpg 696w, https:\/\/av.arbeaumont.eu\/wp-content\/uploads\/2020\/04\/AFFICHE-LUPU-STEFANIA-3TTR-2-1068x712.jpg 1068w, https:\/\/av.arbeaumont.eu\/wp-content\/uploads\/2020\/04\/AFFICHE-LUPU-STEFANIA-3TTR-2-630x420.jpg 630w\" sizes=\"auto, (max-width: 1024px) 100vw, 1024px\" \/><figcaption class=\"blocks-gallery-item__caption\">St\u00e9fania 3e<\/figcaption><\/figure><\/li><li class=\"blocks-gallery-item\"><figure><img loading=\"lazy\" decoding=\"async\" width=\"1024\" height=\"595\" data-attachment-id=\"2044\" data-permalink=\"https:\/\/av.arbeaumont.eu\/helyne-guisoland-harcelement\/\" data-orig-file=\"https:\/\/av.arbeaumont.eu\/wp-content\/uploads\/2020\/04\/h\u00e9lyne-guisoland-harc\u00e8lement-.jpg\" data-orig-size=\"2048,1189\" data-comments-opened=\"1\" data-image-meta=\"{&quot;aperture&quot;:&quot;0&quot;,&quot;credit&quot;:&quot;&quot;,&quot;camera&quot;:&quot;&quot;,&quot;caption&quot;:&quot;&quot;,&quot;created_timestamp&quot;:&quot;1579773287&quot;,&quot;copyright&quot;:&quot;&quot;,&quot;focal_length&quot;:&quot;0&quot;,&quot;iso&quot;:&quot;0&quot;,&quot;shutter_speed&quot;:&quot;0&quot;,&quot;title&quot;:&quot;&quot;,&quot;orientation&quot;:&quot;0&quot;}\" data-image-title=\"h\u00e9lyne guisoland harc\u00e8lement\" data-image-description=\"\" data-image-caption=\"&lt;p&gt;H\u00e9lyne 3e&lt;\/p&gt;\n\" data-medium-file=\"https:\/\/av.arbeaumont.eu\/wp-content\/uploads\/2020\/04\/h\u00e9lyne-guisoland-harc\u00e8lement--300x174.jpg\" data-large-file=\"https:\/\/av.arbeaumont.eu\/wp-content\/uploads\/2020\/04\/h\u00e9lyne-guisoland-harc\u00e8lement--1024x595.jpg\" src=\"https:\/\/av.arbeaumont.eu\/wp-content\/uploads\/2020\/04\/h\u00e9lyne-guisoland-harc\u00e8lement--1024x595.jpg\" alt=\"\" data-id=\"2044\" data-full-url=\"https:\/\/av.arbeaumont.eu\/wp-content\/uploads\/2020\/04\/h\u00e9lyne-guisoland-harc\u00e8lement-.jpg\" data-link=\"https:\/\/av.arbeaumont.eu\/helyne-guisoland-harcelement\/\" class=\"wp-image-2044\" srcset=\"https:\/\/av.arbeaumont.eu\/wp-content\/uploads\/2020\/04\/h\u00e9lyne-guisoland-harc\u00e8lement--1024x595.jpg 1024w, https:\/\/av.arbeaumont.eu\/wp-content\/uploads\/2020\/04\/h\u00e9lyne-guisoland-harc\u00e8lement--300x174.jpg 300w, https:\/\/av.arbeaumont.eu\/wp-content\/uploads\/2020\/04\/h\u00e9lyne-guisoland-harc\u00e8lement--768x446.jpg 768w, https:\/\/av.arbeaumont.eu\/wp-content\/uploads\/2020\/04\/h\u00e9lyne-guisoland-harc\u00e8lement--1536x892.jpg 1536w, https:\/\/av.arbeaumont.eu\/wp-content\/uploads\/2020\/04\/h\u00e9lyne-guisoland-harc\u00e8lement-.jpg 2048w, https:\/\/av.arbeaumont.eu\/wp-content\/uploads\/2020\/04\/h\u00e9lyne-guisoland-harc\u00e8lement--696x404.jpg 696w, https:\/\/av.arbeaumont.eu\/wp-content\/uploads\/2020\/04\/h\u00e9lyne-guisoland-harc\u00e8lement--1068x620.jpg 1068w, https:\/\/av.arbeaumont.eu\/wp-content\/uploads\/2020\/04\/h\u00e9lyne-guisoland-harc\u00e8lement--723x420.jpg 723w\" sizes=\"auto, (max-width: 1024px) 100vw, 1024px\" \/><figcaption class=\"blocks-gallery-item__caption\">H\u00e9lyne 3e<\/figcaption><\/figure><\/li><li class=\"blocks-gallery-item\"><figure><img loading=\"lazy\" decoding=\"async\" width=\"1024\" height=\"683\" data-attachment-id=\"2043\" data-permalink=\"https:\/\/av.arbeaumont.eu\/harcelement-anouk-massala\/\" data-orig-file=\"https:\/\/av.arbeaumont.eu\/wp-content\/uploads\/2020\/04\/harc\u00e8lement-anouk-massala-scaled.jpg\" data-orig-size=\"2048,1366\" data-comments-opened=\"1\" data-image-meta=\"{&quot;aperture&quot;:&quot;0&quot;,&quot;credit&quot;:&quot;&quot;,&quot;camera&quot;:&quot;&quot;,&quot;caption&quot;:&quot;&quot;,&quot;created_timestamp&quot;:&quot;1579176042&quot;,&quot;copyright&quot;:&quot;&quot;,&quot;focal_length&quot;:&quot;0&quot;,&quot;iso&quot;:&quot;0&quot;,&quot;shutter_speed&quot;:&quot;0&quot;,&quot;title&quot;:&quot;&quot;,&quot;orientation&quot;:&quot;0&quot;}\" data-image-title=\"harc\u00e8lement anouk massala\" data-image-description=\"\" data-image-caption=\"&lt;p&gt;Anouk 3e&lt;\/p&gt;\n\" data-medium-file=\"https:\/\/av.arbeaumont.eu\/wp-content\/uploads\/2020\/04\/harc\u00e8lement-anouk-massala-300x200.jpg\" data-large-file=\"https:\/\/av.arbeaumont.eu\/wp-content\/uploads\/2020\/04\/harc\u00e8lement-anouk-massala-1024x683.jpg\" src=\"https:\/\/av.arbeaumont.eu\/wp-content\/uploads\/2020\/04\/harc\u00e8lement-anouk-massala-1024x683.jpg\" alt=\"\" data-id=\"2043\" data-full-url=\"https:\/\/av.arbeaumont.eu\/wp-content\/uploads\/2020\/04\/harc\u00e8lement-anouk-massala-scaled.jpg\" data-link=\"https:\/\/av.arbeaumont.eu\/harcelement-anouk-massala\/\" class=\"wp-image-2043\" srcset=\"https:\/\/av.arbeaumont.eu\/wp-content\/uploads\/2020\/04\/harc\u00e8lement-anouk-massala-1024x683.jpg 1024w, https:\/\/av.arbeaumont.eu\/wp-content\/uploads\/2020\/04\/harc\u00e8lement-anouk-massala-300x200.jpg 300w, https:\/\/av.arbeaumont.eu\/wp-content\/uploads\/2020\/04\/harc\u00e8lement-anouk-massala-768x512.jpg 768w, https:\/\/av.arbeaumont.eu\/wp-content\/uploads\/2020\/04\/harc\u00e8lement-anouk-massala-1536x1024.jpg 1536w, https:\/\/av.arbeaumont.eu\/wp-content\/uploads\/2020\/04\/harc\u00e8lement-anouk-massala-scaled.jpg 2048w, https:\/\/av.arbeaumont.eu\/wp-content\/uploads\/2020\/04\/harc\u00e8lement-anouk-massala-696x464.jpg 696w, https:\/\/av.arbeaumont.eu\/wp-content\/uploads\/2020\/04\/harc\u00e8lement-anouk-massala-1068x712.jpg 1068w, https:\/\/av.arbeaumont.eu\/wp-content\/uploads\/2020\/04\/harc\u00e8lement-anouk-massala-630x420.jpg 630w\" sizes=\"auto, (max-width: 1024px) 100vw, 1024px\" \/><figcaption class=\"blocks-gallery-item__caption\">Anouk 3e<\/figcaption><\/figure><\/li><li class=\"blocks-gallery-item\"><figure><img loading=\"lazy\" decoding=\"async\" width=\"1024\" height=\"683\" data-attachment-id=\"2037\" data-permalink=\"https:\/\/av.arbeaumont.eu\/belotheloiseharcelement1\/\" data-orig-file=\"https:\/\/av.arbeaumont.eu\/wp-content\/uploads\/2020\/04\/belotheloiseharcelement1.jpg\" data-orig-size=\"2048,1365\" data-comments-opened=\"1\" data-image-meta=\"{&quot;aperture&quot;:&quot;0&quot;,&quot;credit&quot;:&quot;&quot;,&quot;camera&quot;:&quot;&quot;,&quot;caption&quot;:&quot;&quot;,&quot;created_timestamp&quot;:&quot;1578566562&quot;,&quot;copyright&quot;:&quot;&quot;,&quot;focal_length&quot;:&quot;0&quot;,&quot;iso&quot;:&quot;0&quot;,&quot;shutter_speed&quot;:&quot;0&quot;,&quot;title&quot;:&quot;&quot;,&quot;orientation&quot;:&quot;0&quot;}\" data-image-title=\"belotheloiseharcelement1\" data-image-description=\"\" data-image-caption=\"&lt;p&gt;Elo\u00efse 3e&lt;\/p&gt;\n\" data-medium-file=\"https:\/\/av.arbeaumont.eu\/wp-content\/uploads\/2020\/04\/belotheloiseharcelement1-300x200.jpg\" data-large-file=\"https:\/\/av.arbeaumont.eu\/wp-content\/uploads\/2020\/04\/belotheloiseharcelement1-1024x683.jpg\" src=\"https:\/\/av.arbeaumont.eu\/wp-content\/uploads\/2020\/04\/belotheloiseharcelement1-1024x683.jpg\" alt=\"\" data-id=\"2037\" data-full-url=\"https:\/\/av.arbeaumont.eu\/wp-content\/uploads\/2020\/04\/belotheloiseharcelement1.jpg\" data-link=\"https:\/\/av.arbeaumont.eu\/belotheloiseharcelement1\/\" class=\"wp-image-2037\" srcset=\"https:\/\/av.arbeaumont.eu\/wp-content\/uploads\/2020\/04\/belotheloiseharcelement1-1024x683.jpg 1024w, https:\/\/av.arbeaumont.eu\/wp-content\/uploads\/2020\/04\/belotheloiseharcelement1-300x200.jpg 300w, https:\/\/av.arbeaumont.eu\/wp-content\/uploads\/2020\/04\/belotheloiseharcelement1-768x512.jpg 768w, https:\/\/av.arbeaumont.eu\/wp-content\/uploads\/2020\/04\/belotheloiseharcelement1-1536x1024.jpg 1536w, https:\/\/av.arbeaumont.eu\/wp-content\/uploads\/2020\/04\/belotheloiseharcelement1.jpg 2048w, https:\/\/av.arbeaumont.eu\/wp-content\/uploads\/2020\/04\/belotheloiseharcelement1-696x464.jpg 696w, https:\/\/av.arbeaumont.eu\/wp-content\/uploads\/2020\/04\/belotheloiseharcelement1-1068x712.jpg 1068w, https:\/\/av.arbeaumont.eu\/wp-content\/uploads\/2020\/04\/belotheloiseharcelement1-630x420.jpg 630w\" sizes=\"auto, (max-width: 1024px) 100vw, 1024px\" \/><figcaption class=\"blocks-gallery-item__caption\">Elo\u00efse 3e<\/figcaption><\/figure><\/li><li class=\"blocks-gallery-item\"><figure><img loading=\"lazy\" decoding=\"async\" width=\"697\" height=\"1024\" data-attachment-id=\"2047\" data-permalink=\"https:\/\/av.arbeaumont.eu\/qassem-amira-affiche-harcelement\/\" data-orig-file=\"https:\/\/av.arbeaumont.eu\/wp-content\/uploads\/2020\/04\/QASSEM-Amira-affiche-harc\u00e8lement.jpg\" data-orig-size=\"1395,2048\" data-comments-opened=\"1\" data-image-meta=\"{&quot;aperture&quot;:&quot;0&quot;,&quot;credit&quot;:&quot;&quot;,&quot;camera&quot;:&quot;&quot;,&quot;caption&quot;:&quot;&quot;,&quot;created_timestamp&quot;:&quot;0&quot;,&quot;copyright&quot;:&quot;&quot;,&quot;focal_length&quot;:&quot;0&quot;,&quot;iso&quot;:&quot;0&quot;,&quot;shutter_speed&quot;:&quot;0&quot;,&quot;title&quot;:&quot;&quot;,&quot;orientation&quot;:&quot;0&quot;}\" data-image-title=\"QASSEM Amira affiche harc\u00e8lement\" data-image-description=\"\" data-image-caption=\"&lt;p&gt;Amira 3e&lt;\/p&gt;\n\" data-medium-file=\"https:\/\/av.arbeaumont.eu\/wp-content\/uploads\/2020\/04\/QASSEM-Amira-affiche-harc\u00e8lement-204x300.jpg\" data-large-file=\"https:\/\/av.arbeaumont.eu\/wp-content\/uploads\/2020\/04\/QASSEM-Amira-affiche-harc\u00e8lement-697x1024.jpg\" src=\"https:\/\/av.arbeaumont.eu\/wp-content\/uploads\/2020\/04\/QASSEM-Amira-affiche-harc\u00e8lement-697x1024.jpg\" alt=\"\" data-id=\"2047\" data-full-url=\"https:\/\/av.arbeaumont.eu\/wp-content\/uploads\/2020\/04\/QASSEM-Amira-affiche-harc\u00e8lement.jpg\" data-link=\"https:\/\/av.arbeaumont.eu\/qassem-amira-affiche-harcelement\/\" class=\"wp-image-2047\" srcset=\"https:\/\/av.arbeaumont.eu\/wp-content\/uploads\/2020\/04\/QASSEM-Amira-affiche-harc\u00e8lement-697x1024.jpg 697w, https:\/\/av.arbeaumont.eu\/wp-content\/uploads\/2020\/04\/QASSEM-Amira-affiche-harc\u00e8lement-204x300.jpg 204w, https:\/\/av.arbeaumont.eu\/wp-content\/uploads\/2020\/04\/QASSEM-Amira-affiche-harc\u00e8lement-768x1128.jpg 768w, https:\/\/av.arbeaumont.eu\/wp-content\/uploads\/2020\/04\/QASSEM-Amira-affiche-harc\u00e8lement-1046x1536.jpg 1046w, https:\/\/av.arbeaumont.eu\/wp-content\/uploads\/2020\/04\/QASSEM-Amira-affiche-harc\u00e8lement.jpg 1395w, https:\/\/av.arbeaumont.eu\/wp-content\/uploads\/2020\/04\/QASSEM-Amira-affiche-harc\u00e8lement-696x1022.jpg 696w, https:\/\/av.arbeaumont.eu\/wp-content\/uploads\/2020\/04\/QASSEM-Amira-affiche-harc\u00e8lement-1068x1568.jpg 1068w, https:\/\/av.arbeaumont.eu\/wp-content\/uploads\/2020\/04\/QASSEM-Amira-affiche-harc\u00e8lement-286x420.jpg 286w\" sizes=\"auto, (max-width: 697px) 100vw, 697px\" \/><figcaption class=\"blocks-gallery-item__caption\">Amira 3e<\/figcaption><\/figure><\/li><li class=\"blocks-gallery-item\"><figure><img loading=\"lazy\" decoding=\"async\" width=\"724\" height=\"1024\" data-attachment-id=\"2039\" data-permalink=\"https:\/\/av.arbeaumont.eu\/colin\/\" data-orig-file=\"https:\/\/av.arbeaumont.eu\/wp-content\/uploads\/2020\/04\/Colin.jpg\" data-orig-size=\"1448,2048\" data-comments-opened=\"1\" data-image-meta=\"{&quot;aperture&quot;:&quot;0&quot;,&quot;credit&quot;:&quot;&quot;,&quot;camera&quot;:&quot;&quot;,&quot;caption&quot;:&quot;&quot;,&quot;created_timestamp&quot;:&quot;0&quot;,&quot;copyright&quot;:&quot;&quot;,&quot;focal_length&quot;:&quot;0&quot;,&quot;iso&quot;:&quot;0&quot;,&quot;shutter_speed&quot;:&quot;0&quot;,&quot;title&quot;:&quot;&quot;,&quot;orientation&quot;:&quot;0&quot;}\" data-image-title=\"Colin\" data-image-description=\"\" data-image-caption=\"&lt;p&gt;Colin 3e&lt;\/p&gt;\n\" data-medium-file=\"https:\/\/av.arbeaumont.eu\/wp-content\/uploads\/2020\/04\/Colin-212x300.jpg\" data-large-file=\"https:\/\/av.arbeaumont.eu\/wp-content\/uploads\/2020\/04\/Colin-724x1024.jpg\" src=\"https:\/\/av.arbeaumont.eu\/wp-content\/uploads\/2020\/04\/Colin-724x1024.jpg\" alt=\"\" data-id=\"2039\" data-full-url=\"https:\/\/av.arbeaumont.eu\/wp-content\/uploads\/2020\/04\/Colin.jpg\" data-link=\"https:\/\/av.arbeaumont.eu\/colin\/\" class=\"wp-image-2039\" srcset=\"https:\/\/av.arbeaumont.eu\/wp-content\/uploads\/2020\/04\/Colin-724x1024.jpg 724w, https:\/\/av.arbeaumont.eu\/wp-content\/uploads\/2020\/04\/Colin-212x300.jpg 212w, https:\/\/av.arbeaumont.eu\/wp-content\/uploads\/2020\/04\/Colin-768x1086.jpg 768w, https:\/\/av.arbeaumont.eu\/wp-content\/uploads\/2020\/04\/Colin-1086x1536.jpg 1086w, https:\/\/av.arbeaumont.eu\/wp-content\/uploads\/2020\/04\/Colin.jpg 1448w, https:\/\/av.arbeaumont.eu\/wp-content\/uploads\/2020\/04\/Colin-696x984.jpg 696w, https:\/\/av.arbeaumont.eu\/wp-content\/uploads\/2020\/04\/Colin-1068x1511.jpg 1068w, https:\/\/av.arbeaumont.eu\/wp-content\/uploads\/2020\/04\/Colin-297x420.jpg 297w\" sizes=\"auto, (max-width: 724px) 100vw, 724px\" \/><figcaption class=\"blocks-gallery-item__caption\">Colin 3e<\/figcaption><\/figure><\/li><li class=\"blocks-gallery-item\"><figure><img loading=\"lazy\" decoding=\"async\" width=\"1024\" height=\"724\" data-attachment-id=\"2046\" data-permalink=\"https:\/\/av.arbeaumont.eu\/laurine\/\" data-orig-file=\"https:\/\/av.arbeaumont.eu\/wp-content\/uploads\/2020\/04\/laurine-scaled.jpg\" data-orig-size=\"2048,1449\" data-comments-opened=\"1\" data-image-meta=\"{&quot;aperture&quot;:&quot;0&quot;,&quot;credit&quot;:&quot;&quot;,&quot;camera&quot;:&quot;&quot;,&quot;caption&quot;:&quot;&quot;,&quot;created_timestamp&quot;:&quot;0&quot;,&quot;copyright&quot;:&quot;&quot;,&quot;focal_length&quot;:&quot;0&quot;,&quot;iso&quot;:&quot;0&quot;,&quot;shutter_speed&quot;:&quot;0&quot;,&quot;title&quot;:&quot;&quot;,&quot;orientation&quot;:&quot;0&quot;}\" data-image-title=\"laurine\" data-image-description=\"\" data-image-caption=\"&lt;p&gt;Laurine 3e&lt;\/p&gt;\n\" data-medium-file=\"https:\/\/av.arbeaumont.eu\/wp-content\/uploads\/2020\/04\/laurine-300x212.jpg\" data-large-file=\"https:\/\/av.arbeaumont.eu\/wp-content\/uploads\/2020\/04\/laurine-1024x724.jpg\" src=\"https:\/\/av.arbeaumont.eu\/wp-content\/uploads\/2020\/04\/laurine-1024x724.jpg\" alt=\"\" data-id=\"2046\" data-full-url=\"https:\/\/av.arbeaumont.eu\/wp-content\/uploads\/2020\/04\/laurine-scaled.jpg\" data-link=\"https:\/\/av.arbeaumont.eu\/laurine\/\" class=\"wp-image-2046\" srcset=\"https:\/\/av.arbeaumont.eu\/wp-content\/uploads\/2020\/04\/laurine-1024x724.jpg 1024w, https:\/\/av.arbeaumont.eu\/wp-content\/uploads\/2020\/04\/laurine-300x212.jpg 300w, https:\/\/av.arbeaumont.eu\/wp-content\/uploads\/2020\/04\/laurine-768x543.jpg 768w, https:\/\/av.arbeaumont.eu\/wp-content\/uploads\/2020\/04\/laurine-1536x1086.jpg 1536w, https:\/\/av.arbeaumont.eu\/wp-content\/uploads\/2020\/04\/laurine-scaled.jpg 2048w, https:\/\/av.arbeaumont.eu\/wp-content\/uploads\/2020\/04\/laurine-696x492.jpg 696w, https:\/\/av.arbeaumont.eu\/wp-content\/uploads\/2020\/04\/laurine-1068x755.jpg 1068w, https:\/\/av.arbeaumont.eu\/wp-content\/uploads\/2020\/04\/laurine-594x420.jpg 594w, https:\/\/av.arbeaumont.eu\/wp-content\/uploads\/2020\/04\/laurine-100x70.jpg 100w\" sizes=\"auto, (max-width: 1024px) 100vw, 1024px\" \/><figcaption class=\"blocks-gallery-item__caption\">Laurine 3e<\/figcaption><\/figure><\/li><li class=\"blocks-gallery-item\"><figure><img loading=\"lazy\" decoding=\"async\" width=\"1024\" height=\"724\" data-attachment-id=\"2041\" data-permalink=\"https:\/\/av.arbeaumont.eu\/gardey-madison-affiche-harcelement\/\" data-orig-file=\"https:\/\/av.arbeaumont.eu\/wp-content\/uploads\/2020\/04\/Gardey-Madison-affiche-harc\u00e9lement-scaled.jpg\" data-orig-size=\"2048,1448\" data-comments-opened=\"1\" data-image-meta=\"{&quot;aperture&quot;:&quot;0&quot;,&quot;credit&quot;:&quot;&quot;,&quot;camera&quot;:&quot;&quot;,&quot;caption&quot;:&quot;&quot;,&quot;created_timestamp&quot;:&quot;0&quot;,&quot;copyright&quot;:&quot;&quot;,&quot;focal_length&quot;:&quot;0&quot;,&quot;iso&quot;:&quot;0&quot;,&quot;shutter_speed&quot;:&quot;0&quot;,&quot;title&quot;:&quot;&quot;,&quot;orientation&quot;:&quot;0&quot;}\" data-image-title=\"Gardey Madison affiche harc\u00e9lement\" data-image-description=\"\" data-image-caption=\"&lt;p&gt;Madison 3e&lt;\/p&gt;\n\" data-medium-file=\"https:\/\/av.arbeaumont.eu\/wp-content\/uploads\/2020\/04\/Gardey-Madison-affiche-harc\u00e9lement-300x212.jpg\" data-large-file=\"https:\/\/av.arbeaumont.eu\/wp-content\/uploads\/2020\/04\/Gardey-Madison-affiche-harc\u00e9lement-1024x724.jpg\" src=\"https:\/\/av.arbeaumont.eu\/wp-content\/uploads\/2020\/04\/Gardey-Madison-affiche-harc\u00e9lement-1024x724.jpg\" alt=\"\" data-id=\"2041\" data-full-url=\"https:\/\/av.arbeaumont.eu\/wp-content\/uploads\/2020\/04\/Gardey-Madison-affiche-harc\u00e9lement-scaled.jpg\" data-link=\"https:\/\/av.arbeaumont.eu\/gardey-madison-affiche-harcelement\/\" class=\"wp-image-2041\" srcset=\"https:\/\/av.arbeaumont.eu\/wp-content\/uploads\/2020\/04\/Gardey-Madison-affiche-harc\u00e9lement-1024x724.jpg 1024w, https:\/\/av.arbeaumont.eu\/wp-content\/uploads\/2020\/04\/Gardey-Madison-affiche-harc\u00e9lement-300x212.jpg 300w, https:\/\/av.arbeaumont.eu\/wp-content\/uploads\/2020\/04\/Gardey-Madison-affiche-harc\u00e9lement-768x543.jpg 768w, https:\/\/av.arbeaumont.eu\/wp-content\/uploads\/2020\/04\/Gardey-Madison-affiche-harc\u00e9lement-1536x1086.jpg 1536w, https:\/\/av.arbeaumont.eu\/wp-content\/uploads\/2020\/04\/Gardey-Madison-affiche-harc\u00e9lement-scaled.jpg 2048w, https:\/\/av.arbeaumont.eu\/wp-content\/uploads\/2020\/04\/Gardey-Madison-affiche-harc\u00e9lement-696x492.jpg 696w, https:\/\/av.arbeaumont.eu\/wp-content\/uploads\/2020\/04\/Gardey-Madison-affiche-harc\u00e9lement-1068x755.jpg 1068w, https:\/\/av.arbeaumont.eu\/wp-content\/uploads\/2020\/04\/Gardey-Madison-affiche-harc\u00e9lement-594x420.jpg 594w, https:\/\/av.arbeaumont.eu\/wp-content\/uploads\/2020\/04\/Gardey-Madison-affiche-harc\u00e9lement-100x70.jpg 100w\" sizes=\"auto, (max-width: 1024px) 100vw, 1024px\" \/><figcaption class=\"blocks-gallery-item__caption\">Madison 3e<\/figcaption><\/figure><\/li><li class=\"blocks-gallery-item\"><figure><img loading=\"lazy\" decoding=\"async\" width=\"1024\" height=\"724\" data-attachment-id=\"2045\" data-permalink=\"https:\/\/av.arbeaumont.eu\/jewell-jaunart-affiche\/\" data-orig-file=\"https:\/\/av.arbeaumont.eu\/wp-content\/uploads\/2020\/04\/jewell-jaunart-affiche.jpg\" data-orig-size=\"2048,1448\" data-comments-opened=\"1\" data-image-meta=\"{&quot;aperture&quot;:&quot;0&quot;,&quot;credit&quot;:&quot;&quot;,&quot;camera&quot;:&quot;&quot;,&quot;caption&quot;:&quot;&quot;,&quot;created_timestamp&quot;:&quot;0&quot;,&quot;copyright&quot;:&quot;&quot;,&quot;focal_length&quot;:&quot;0&quot;,&quot;iso&quot;:&quot;0&quot;,&quot;shutter_speed&quot;:&quot;0&quot;,&quot;title&quot;:&quot;&quot;,&quot;orientation&quot;:&quot;0&quot;}\" data-image-title=\"jewell jaunart affiche\" data-image-description=\"\" data-image-caption=\"&lt;p&gt;Jewell 3e&lt;\/p&gt;\n\" data-medium-file=\"https:\/\/av.arbeaumont.eu\/wp-content\/uploads\/2020\/04\/jewell-jaunart-affiche-300x212.jpg\" data-large-file=\"https:\/\/av.arbeaumont.eu\/wp-content\/uploads\/2020\/04\/jewell-jaunart-affiche-1024x724.jpg\" src=\"https:\/\/av.arbeaumont.eu\/wp-content\/uploads\/2020\/04\/jewell-jaunart-affiche-1024x724.jpg\" alt=\"\" data-id=\"2045\" data-full-url=\"https:\/\/av.arbeaumont.eu\/wp-content\/uploads\/2020\/04\/jewell-jaunart-affiche.jpg\" data-link=\"https:\/\/av.arbeaumont.eu\/jewell-jaunart-affiche\/\" class=\"wp-image-2045\" srcset=\"https:\/\/av.arbeaumont.eu\/wp-content\/uploads\/2020\/04\/jewell-jaunart-affiche-1024x724.jpg 1024w, https:\/\/av.arbeaumont.eu\/wp-content\/uploads\/2020\/04\/jewell-jaunart-affiche-300x212.jpg 300w, https:\/\/av.arbeaumont.eu\/wp-content\/uploads\/2020\/04\/jewell-jaunart-affiche-768x543.jpg 768w, https:\/\/av.arbeaumont.eu\/wp-content\/uploads\/2020\/04\/jewell-jaunart-affiche-1536x1086.jpg 1536w, https:\/\/av.arbeaumont.eu\/wp-content\/uploads\/2020\/04\/jewell-jaunart-affiche.jpg 2048w, https:\/\/av.arbeaumont.eu\/wp-content\/uploads\/2020\/04\/jewell-jaunart-affiche-696x492.jpg 696w, https:\/\/av.arbeaumont.eu\/wp-content\/uploads\/2020\/04\/jewell-jaunart-affiche-1068x755.jpg 1068w, https:\/\/av.arbeaumont.eu\/wp-content\/uploads\/2020\/04\/jewell-jaunart-affiche-594x420.jpg 594w, https:\/\/av.arbeaumont.eu\/wp-content\/uploads\/2020\/04\/jewell-jaunart-affiche-100x70.jpg 100w\" sizes=\"auto, (max-width: 1024px) 100vw, 1024px\" \/><figcaption class=\"blocks-gallery-item__caption\">Jewell 3e<\/figcaption><\/figure><\/li><li class=\"blocks-gallery-item\"><figure><img loading=\"lazy\" decoding=\"async\" width=\"1024\" height=\"724\" data-attachment-id=\"2038\" data-permalink=\"https:\/\/av.arbeaumont.eu\/bilal-taarkoubt\/\" data-orig-file=\"https:\/\/av.arbeaumont.eu\/wp-content\/uploads\/2020\/04\/Bilal-TAARKOUBT.jpg\" data-orig-size=\"2048,1448\" data-comments-opened=\"1\" data-image-meta=\"{&quot;aperture&quot;:&quot;0&quot;,&quot;credit&quot;:&quot;&quot;,&quot;camera&quot;:&quot;&quot;,&quot;caption&quot;:&quot;&quot;,&quot;created_timestamp&quot;:&quot;0&quot;,&quot;copyright&quot;:&quot;&quot;,&quot;focal_length&quot;:&quot;0&quot;,&quot;iso&quot;:&quot;0&quot;,&quot;shutter_speed&quot;:&quot;0&quot;,&quot;title&quot;:&quot;&quot;,&quot;orientation&quot;:&quot;0&quot;}\" data-image-title=\"Bilal TAARKOUBT\" data-image-description=\"\" data-image-caption=\"&lt;p&gt;Bilal 3e&lt;\/p&gt;\n\" data-medium-file=\"https:\/\/av.arbeaumont.eu\/wp-content\/uploads\/2020\/04\/Bilal-TAARKOUBT-300x212.jpg\" data-large-file=\"https:\/\/av.arbeaumont.eu\/wp-content\/uploads\/2020\/04\/Bilal-TAARKOUBT-1024x724.jpg\" src=\"https:\/\/av.arbeaumont.eu\/wp-content\/uploads\/2020\/04\/Bilal-TAARKOUBT-1024x724.jpg\" alt=\"\" data-id=\"2038\" data-full-url=\"https:\/\/av.arbeaumont.eu\/wp-content\/uploads\/2020\/04\/Bilal-TAARKOUBT.jpg\" data-link=\"https:\/\/av.arbeaumont.eu\/bilal-taarkoubt\/\" class=\"wp-image-2038\" srcset=\"https:\/\/av.arbeaumont.eu\/wp-content\/uploads\/2020\/04\/Bilal-TAARKOUBT-1024x724.jpg 1024w, https:\/\/av.arbeaumont.eu\/wp-content\/uploads\/2020\/04\/Bilal-TAARKOUBT-300x212.jpg 300w, https:\/\/av.arbeaumont.eu\/wp-content\/uploads\/2020\/04\/Bilal-TAARKOUBT-768x543.jpg 768w, https:\/\/av.arbeaumont.eu\/wp-content\/uploads\/2020\/04\/Bilal-TAARKOUBT-1536x1086.jpg 1536w, https:\/\/av.arbeaumont.eu\/wp-content\/uploads\/2020\/04\/Bilal-TAARKOUBT.jpg 2048w, https:\/\/av.arbeaumont.eu\/wp-content\/uploads\/2020\/04\/Bilal-TAARKOUBT-696x492.jpg 696w, https:\/\/av.arbeaumont.eu\/wp-content\/uploads\/2020\/04\/Bilal-TAARKOUBT-1068x755.jpg 1068w, https:\/\/av.arbeaumont.eu\/wp-content\/uploads\/2020\/04\/Bilal-TAARKOUBT-594x420.jpg 594w, https:\/\/av.arbeaumont.eu\/wp-content\/uploads\/2020\/04\/Bilal-TAARKOUBT-100x70.jpg 100w\" sizes=\"auto, (max-width: 1024px) 100vw, 1024px\" \/><figcaption class=\"blocks-gallery-item__caption\">Bilal 3e<\/figcaption><\/figure><\/li><li class=\"blocks-gallery-item\"><figure><img loading=\"lazy\" decoding=\"async\" width=\"1024\" height=\"724\" data-attachment-id=\"2048\" data-permalink=\"https:\/\/av.arbeaumont.eu\/tom-delhoux-affiche-contre-le-harcelement2\/\" data-orig-file=\"https:\/\/av.arbeaumont.eu\/wp-content\/uploads\/2020\/04\/tom-delhoux-affiche-contre-le-harc\u00e8lement2.jpg\" data-orig-size=\"2048,1448\" data-comments-opened=\"1\" data-image-meta=\"{&quot;aperture&quot;:&quot;0&quot;,&quot;credit&quot;:&quot;&quot;,&quot;camera&quot;:&quot;&quot;,&quot;caption&quot;:&quot;&quot;,&quot;created_timestamp&quot;:&quot;0&quot;,&quot;copyright&quot;:&quot;&quot;,&quot;focal_length&quot;:&quot;0&quot;,&quot;iso&quot;:&quot;0&quot;,&quot;shutter_speed&quot;:&quot;0&quot;,&quot;title&quot;:&quot;&quot;,&quot;orientation&quot;:&quot;0&quot;}\" data-image-title=\"tom delhoux affiche contre le harc\u00e8lement2\" data-image-description=\"\" data-image-caption=\"&lt;p&gt;Tom 3e&lt;\/p&gt;\n\" data-medium-file=\"https:\/\/av.arbeaumont.eu\/wp-content\/uploads\/2020\/04\/tom-delhoux-affiche-contre-le-harc\u00e8lement2-300x212.jpg\" data-large-file=\"https:\/\/av.arbeaumont.eu\/wp-content\/uploads\/2020\/04\/tom-delhoux-affiche-contre-le-harc\u00e8lement2-1024x724.jpg\" src=\"https:\/\/av.arbeaumont.eu\/wp-content\/uploads\/2020\/04\/tom-delhoux-affiche-contre-le-harc\u00e8lement2-1024x724.jpg\" alt=\"\" data-id=\"2048\" data-full-url=\"https:\/\/av.arbeaumont.eu\/wp-content\/uploads\/2020\/04\/tom-delhoux-affiche-contre-le-harc\u00e8lement2.jpg\" data-link=\"https:\/\/av.arbeaumont.eu\/tom-delhoux-affiche-contre-le-harcelement2\/\" class=\"wp-image-2048\" srcset=\"https:\/\/av.arbeaumont.eu\/wp-content\/uploads\/2020\/04\/tom-delhoux-affiche-contre-le-harc\u00e8lement2-1024x724.jpg 1024w, https:\/\/av.arbeaumont.eu\/wp-content\/uploads\/2020\/04\/tom-delhoux-affiche-contre-le-harc\u00e8lement2-300x212.jpg 300w, https:\/\/av.arbeaumont.eu\/wp-content\/uploads\/2020\/04\/tom-delhoux-affiche-contre-le-harc\u00e8lement2-768x543.jpg 768w, https:\/\/av.arbeaumont.eu\/wp-content\/uploads\/2020\/04\/tom-delhoux-affiche-contre-le-harc\u00e8lement2-1536x1086.jpg 1536w, https:\/\/av.arbeaumont.eu\/wp-content\/uploads\/2020\/04\/tom-delhoux-affiche-contre-le-harc\u00e8lement2.jpg 2048w, https:\/\/av.arbeaumont.eu\/wp-content\/uploads\/2020\/04\/tom-delhoux-affiche-contre-le-harc\u00e8lement2-696x492.jpg 696w, https:\/\/av.arbeaumont.eu\/wp-content\/uploads\/2020\/04\/tom-delhoux-affiche-contre-le-harc\u00e8lement2-1068x755.jpg 1068w, https:\/\/av.arbeaumont.eu\/wp-content\/uploads\/2020\/04\/tom-delhoux-affiche-contre-le-harc\u00e8lement2-594x420.jpg 594w, https:\/\/av.arbeaumont.eu\/wp-content\/uploads\/2020\/04\/tom-delhoux-affiche-contre-le-harc\u00e8lement2-100x70.jpg 100w\" sizes=\"auto, (max-width: 1024px) 100vw, 1024px\" \/><figcaption class=\"blocks-gallery-item__caption\">Tom 3e<\/figcaption><\/figure><\/li><li class=\"blocks-gallery-item\"><figure><img loading=\"lazy\" decoding=\"async\" width=\"1024\" height=\"724\" data-attachment-id=\"2036\" data-permalink=\"https:\/\/av.arbeaumont.eu\/afficheharcelementsimondorval\/\" data-orig-file=\"https:\/\/av.arbeaumont.eu\/wp-content\/uploads\/2020\/04\/AfficheHarc\u00e9lementsimondorval.jpg\" data-orig-size=\"2048,1448\" data-comments-opened=\"1\" data-image-meta=\"{&quot;aperture&quot;:&quot;0&quot;,&quot;credit&quot;:&quot;&quot;,&quot;camera&quot;:&quot;&quot;,&quot;caption&quot;:&quot;&quot;,&quot;created_timestamp&quot;:&quot;0&quot;,&quot;copyright&quot;:&quot;&quot;,&quot;focal_length&quot;:&quot;0&quot;,&quot;iso&quot;:&quot;0&quot;,&quot;shutter_speed&quot;:&quot;0&quot;,&quot;title&quot;:&quot;&quot;,&quot;orientation&quot;:&quot;0&quot;}\" data-image-title=\"AfficheHarc\u00e9lementsimondorval\" data-image-description=\"\" data-image-caption=\"&lt;p&gt;Simon 3e&lt;\/p&gt;\n\" data-medium-file=\"https:\/\/av.arbeaumont.eu\/wp-content\/uploads\/2020\/04\/AfficheHarc\u00e9lementsimondorval-300x212.jpg\" data-large-file=\"https:\/\/av.arbeaumont.eu\/wp-content\/uploads\/2020\/04\/AfficheHarc\u00e9lementsimondorval-1024x724.jpg\" src=\"https:\/\/av.arbeaumont.eu\/wp-content\/uploads\/2020\/04\/AfficheHarc\u00e9lementsimondorval-1024x724.jpg\" alt=\"\" data-id=\"2036\" data-full-url=\"https:\/\/av.arbeaumont.eu\/wp-content\/uploads\/2020\/04\/AfficheHarc\u00e9lementsimondorval.jpg\" data-link=\"https:\/\/av.arbeaumont.eu\/afficheharcelementsimondorval\/\" class=\"wp-image-2036\" srcset=\"https:\/\/av.arbeaumont.eu\/wp-content\/uploads\/2020\/04\/AfficheHarc\u00e9lementsimondorval-1024x724.jpg 1024w, https:\/\/av.arbeaumont.eu\/wp-content\/uploads\/2020\/04\/AfficheHarc\u00e9lementsimondorval-300x212.jpg 300w, https:\/\/av.arbeaumont.eu\/wp-content\/uploads\/2020\/04\/AfficheHarc\u00e9lementsimondorval-768x543.jpg 768w, https:\/\/av.arbeaumont.eu\/wp-content\/uploads\/2020\/04\/AfficheHarc\u00e9lementsimondorval-1536x1086.jpg 1536w, https:\/\/av.arbeaumont.eu\/wp-content\/uploads\/2020\/04\/AfficheHarc\u00e9lementsimondorval.jpg 2048w, https:\/\/av.arbeaumont.eu\/wp-content\/uploads\/2020\/04\/AfficheHarc\u00e9lementsimondorval-696x492.jpg 696w, https:\/\/av.arbeaumont.eu\/wp-content\/uploads\/2020\/04\/AfficheHarc\u00e9lementsimondorval-1068x755.jpg 1068w, https:\/\/av.arbeaumont.eu\/wp-content\/uploads\/2020\/04\/AfficheHarc\u00e9lementsimondorval-594x420.jpg 594w, https:\/\/av.arbeaumont.eu\/wp-content\/uploads\/2020\/04\/AfficheHarc\u00e9lementsimondorval-100x70.jpg 100w\" sizes=\"auto, (max-width: 1024px) 100vw, 1024px\" \/><figcaption class=\"blocks-gallery-item__caption\">Simon 3e<\/figcaption><\/figure><\/li><\/ul><\/figure>\n\n\n\n<p>Voici le clip vid\u00e9o r\u00e9alis\u00e9 par les 6e.<\/p>\n\n\n\n<figure class=\"wp-block-embed is-type-video is-provider-youtube wp-block-embed-youtube wp-embed-aspect-16-9 wp-has-aspect-ratio\"><div class=\"wp-block-embed__wrapper\">\n<span class=\"embed-youtube\" style=\"text-align:center; display: block;\"><iframe loading=\"lazy\" class=\"youtube-player\" width=\"696\" height=\"392\" src=\"https:\/\/www.youtube.com\/embed\/0fV_xFD-y0U?version=3&#038;rel=1&#038;showsearch=0&#038;showinfo=1&#038;iv_load_policy=1&#038;fs=1&#038;hl=fr-FR&#038;autohide=2&#038;start=49&#038;wmode=transparent\" allowfullscreen=\"true\" style=\"border:0;\" sandbox=\"allow-scripts allow-same-origin allow-popups allow-presentation\"><\/iframe><\/span>\n<\/div><figcaption>Clip vid\u00e9o r\u00e9alis\u00e9 par les \u00e9l\u00e8ves de 6e audiovisuel<\/figcaption><\/figure>\n\n\n\n<figure class=\"wp-block-embed is-type-video is-provider-youtube wp-block-embed-youtube wp-embed-aspect-16-9 wp-has-aspect-ratio\"><div class=\"wp-block-embed__wrapper\">\n<span class=\"embed-youtube\" style=\"text-align:center; display: block;\"><iframe loading=\"lazy\" class=\"youtube-player\" width=\"696\" height=\"392\" src=\"https:\/\/www.youtube.com\/embed\/dEXtpwn__fk?version=3&#038;rel=1&#038;showsearch=0&#038;showinfo=1&#038;iv_load_policy=1&#038;fs=1&#038;hl=fr-FR&#038;autohide=2&#038;wmode=transparent\" allowfullscreen=\"true\" style=\"border:0;\" sandbox=\"allow-scripts allow-same-origin allow-popups allow-presentation\"><\/iframe><\/span>\n<\/div><figcaption>Making off du tournage<\/figcaption><\/figure>\n\n\n\n<p>Voici les affiches des \u00e9l\u00e8ves de 4e audiovisuel.<\/p>\n\n\n\n<figure data-carousel-extra='{\"blog_id\":1,\"permalink\":\"https:\\\/\\\/av.arbeaumont.eu\\\/index.php\\\/2020\\\/04\\\/16\\\/campagne-contre-le-harcelement\\\/\"}'  class=\"wp-block-gallery aligncenter columns-1 is-cropped wp-block-gallery-2 is-layout-flex wp-block-gallery-is-layout-flex\"><ul class=\"blocks-gallery-grid\"><li class=\"blocks-gallery-item\"><figure><img loading=\"lazy\" decoding=\"async\" width=\"1024\" height=\"683\" data-attachment-id=\"2056\" data-permalink=\"https:\/\/av.arbeaumont.eu\/index.php\/2020\/04\/16\/campagne-contre-le-harcelement\/affiche-florine-compressee\/\" data-orig-file=\"https:\/\/av.arbeaumont.eu\/wp-content\/uploads\/2020\/04\/Affiche-Florine-compress\u00e9e.png\" data-orig-size=\"2048,1366\" data-comments-opened=\"1\" data-image-meta=\"{&quot;aperture&quot;:&quot;0&quot;,&quot;credit&quot;:&quot;&quot;,&quot;camera&quot;:&quot;&quot;,&quot;caption&quot;:&quot;&quot;,&quot;created_timestamp&quot;:&quot;0&quot;,&quot;copyright&quot;:&quot;&quot;,&quot;focal_length&quot;:&quot;0&quot;,&quot;iso&quot;:&quot;0&quot;,&quot;shutter_speed&quot;:&quot;0&quot;,&quot;title&quot;:&quot;&quot;,&quot;orientation&quot;:&quot;0&quot;}\" data-image-title=\"Affiche-Florine-compress\u00e9e\" data-image-description=\"\" data-image-caption=\"\" data-medium-file=\"https:\/\/av.arbeaumont.eu\/wp-content\/uploads\/2020\/04\/Affiche-Florine-compress\u00e9e-300x200.png\" data-large-file=\"https:\/\/av.arbeaumont.eu\/wp-content\/uploads\/2020\/04\/Affiche-Florine-compress\u00e9e-1024x683.png\" src=\"https:\/\/av.arbeaumont.eu\/wp-content\/uploads\/2020\/04\/Affiche-Florine-compress\u00e9e-1024x683.png\" alt=\"\" data-id=\"2056\" data-link=\"https:\/\/av.arbeaumont.eu\/?attachment_id=2056\" class=\"wp-image-2056\" srcset=\"https:\/\/av.arbeaumont.eu\/wp-content\/uploads\/2020\/04\/Affiche-Florine-compress\u00e9e-1024x683.png 1024w, https:\/\/av.arbeaumont.eu\/wp-content\/uploads\/2020\/04\/Affiche-Florine-compress\u00e9e-300x200.png 300w, https:\/\/av.arbeaumont.eu\/wp-content\/uploads\/2020\/04\/Affiche-Florine-compress\u00e9e-768x512.png 768w, https:\/\/av.arbeaumont.eu\/wp-content\/uploads\/2020\/04\/Affiche-Florine-compress\u00e9e-1536x1024.png 1536w, https:\/\/av.arbeaumont.eu\/wp-content\/uploads\/2020\/04\/Affiche-Florine-compress\u00e9e.png 2048w, https:\/\/av.arbeaumont.eu\/wp-content\/uploads\/2020\/04\/Affiche-Florine-compress\u00e9e-696x464.png 696w, https:\/\/av.arbeaumont.eu\/wp-content\/uploads\/2020\/04\/Affiche-Florine-compress\u00e9e-1068x712.png 1068w, https:\/\/av.arbeaumont.eu\/wp-content\/uploads\/2020\/04\/Affiche-Florine-compress\u00e9e-630x420.png 630w\" sizes=\"auto, (max-width: 1024px) 100vw, 1024px\" \/><\/figure><\/li><li class=\"blocks-gallery-item\"><figure><img loading=\"lazy\" decoding=\"async\" width=\"724\" height=\"1024\" data-attachment-id=\"2057\" data-permalink=\"https:\/\/av.arbeaumont.eu\/index.php\/2020\/04\/16\/campagne-contre-le-harcelement\/projet-finale\/\" data-orig-file=\"https:\/\/av.arbeaumont.eu\/wp-content\/uploads\/2020\/04\/Projet-finale-scaled.jpg\" data-orig-size=\"1448,2048\" data-comments-opened=\"1\" data-image-meta=\"{&quot;aperture&quot;:&quot;0&quot;,&quot;credit&quot;:&quot;&quot;,&quot;camera&quot;:&quot;&quot;,&quot;caption&quot;:&quot;&quot;,&quot;created_timestamp&quot;:&quot;0&quot;,&quot;copyright&quot;:&quot;&quot;,&quot;focal_length&quot;:&quot;0&quot;,&quot;iso&quot;:&quot;0&quot;,&quot;shutter_speed&quot;:&quot;0&quot;,&quot;title&quot;:&quot;&quot;,&quot;orientation&quot;:&quot;0&quot;}\" data-image-title=\"Projet-finale\" data-image-description=\"\" data-image-caption=\"\" data-medium-file=\"https:\/\/av.arbeaumont.eu\/wp-content\/uploads\/2020\/04\/Projet-finale-212x300.jpg\" data-large-file=\"https:\/\/av.arbeaumont.eu\/wp-content\/uploads\/2020\/04\/Projet-finale-724x1024.jpg\" src=\"https:\/\/av.arbeaumont.eu\/wp-content\/uploads\/2020\/04\/Projet-finale-724x1024.jpg\" alt=\"\" data-id=\"2057\" data-link=\"https:\/\/av.arbeaumont.eu\/?attachment_id=2057\" class=\"wp-image-2057\" srcset=\"https:\/\/av.arbeaumont.eu\/wp-content\/uploads\/2020\/04\/Projet-finale-724x1024.jpg 724w, https:\/\/av.arbeaumont.eu\/wp-content\/uploads\/2020\/04\/Projet-finale-212x300.jpg 212w, https:\/\/av.arbeaumont.eu\/wp-content\/uploads\/2020\/04\/Projet-finale-768x1086.jpg 768w, https:\/\/av.arbeaumont.eu\/wp-content\/uploads\/2020\/04\/Projet-finale-1086x1536.jpg 1086w, https:\/\/av.arbeaumont.eu\/wp-content\/uploads\/2020\/04\/Projet-finale-scaled.jpg 1448w, https:\/\/av.arbeaumont.eu\/wp-content\/uploads\/2020\/04\/Projet-finale-696x984.jpg 696w, https:\/\/av.arbeaumont.eu\/wp-content\/uploads\/2020\/04\/Projet-finale-1068x1510.jpg 1068w, https:\/\/av.arbeaumont.eu\/wp-content\/uploads\/2020\/04\/Projet-finale-297x420.jpg 297w\" sizes=\"auto, (max-width: 724px) 100vw, 724px\" \/><\/figure><\/li><li class=\"blocks-gallery-item\"><figure><img loading=\"lazy\" decoding=\"async\" width=\"1024\" height=\"683\" data-attachment-id=\"2058\" data-permalink=\"https:\/\/av.arbeaumont.eu\/index.php\/2020\/04\/16\/campagne-contre-le-harcelement\/affiche-contre-hcrl-fini\/\" data-orig-file=\"https:\/\/av.arbeaumont.eu\/wp-content\/uploads\/2020\/04\/Affiche-contre-HCRL-FINI-scaled.jpg\" data-orig-size=\"2048,1366\" data-comments-opened=\"1\" data-image-meta=\"{&quot;aperture&quot;:&quot;0&quot;,&quot;credit&quot;:&quot;&quot;,&quot;camera&quot;:&quot;&quot;,&quot;caption&quot;:&quot;&quot;,&quot;created_timestamp&quot;:&quot;0&quot;,&quot;copyright&quot;:&quot;&quot;,&quot;focal_length&quot;:&quot;0&quot;,&quot;iso&quot;:&quot;0&quot;,&quot;shutter_speed&quot;:&quot;0&quot;,&quot;title&quot;:&quot;&quot;,&quot;orientation&quot;:&quot;0&quot;}\" data-image-title=\"Affiche-contre-HCRL-FINI\" data-image-description=\"\" data-image-caption=\"\" data-medium-file=\"https:\/\/av.arbeaumont.eu\/wp-content\/uploads\/2020\/04\/Affiche-contre-HCRL-FINI-300x200.jpg\" data-large-file=\"https:\/\/av.arbeaumont.eu\/wp-content\/uploads\/2020\/04\/Affiche-contre-HCRL-FINI-1024x683.jpg\" src=\"https:\/\/av.arbeaumont.eu\/wp-content\/uploads\/2020\/04\/Affiche-contre-HCRL-FINI-1024x683.jpg\" alt=\"\" data-id=\"2058\" data-link=\"https:\/\/av.arbeaumont.eu\/?attachment_id=2058\" class=\"wp-image-2058\" srcset=\"https:\/\/av.arbeaumont.eu\/wp-content\/uploads\/2020\/04\/Affiche-contre-HCRL-FINI-1024x683.jpg 1024w, https:\/\/av.arbeaumont.eu\/wp-content\/uploads\/2020\/04\/Affiche-contre-HCRL-FINI-300x200.jpg 300w, https:\/\/av.arbeaumont.eu\/wp-content\/uploads\/2020\/04\/Affiche-contre-HCRL-FINI-768x512.jpg 768w, https:\/\/av.arbeaumont.eu\/wp-content\/uploads\/2020\/04\/Affiche-contre-HCRL-FINI-1536x1024.jpg 1536w, https:\/\/av.arbeaumont.eu\/wp-content\/uploads\/2020\/04\/Affiche-contre-HCRL-FINI-scaled.jpg 2048w, https:\/\/av.arbeaumont.eu\/wp-content\/uploads\/2020\/04\/Affiche-contre-HCRL-FINI-696x464.jpg 696w, https:\/\/av.arbeaumont.eu\/wp-content\/uploads\/2020\/04\/Affiche-contre-HCRL-FINI-1068x712.jpg 1068w, https:\/\/av.arbeaumont.eu\/wp-content\/uploads\/2020\/04\/Affiche-contre-HCRL-FINI-630x420.jpg 630w\" sizes=\"auto, (max-width: 1024px) 100vw, 1024px\" \/><\/figure><\/li><li class=\"blocks-gallery-item\"><figure><img loading=\"lazy\" decoding=\"async\" width=\"595\" height=\"842\" data-attachment-id=\"2060\" data-permalink=\"https:\/\/av.arbeaumont.eu\/index.php\/2020\/04\/16\/campagne-contre-le-harcelement\/affiche-pour-le-harcelement-terminee\/\" data-orig-file=\"https:\/\/av.arbeaumont.eu\/wp-content\/uploads\/2020\/04\/affiche-pour-le-harc\u00e8lement-TERMINEE.jpg\" data-orig-size=\"595,842\" data-comments-opened=\"1\" data-image-meta=\"{&quot;aperture&quot;:&quot;0&quot;,&quot;credit&quot;:&quot;&quot;,&quot;camera&quot;:&quot;&quot;,&quot;caption&quot;:&quot;&quot;,&quot;created_timestamp&quot;:&quot;0&quot;,&quot;copyright&quot;:&quot;&quot;,&quot;focal_length&quot;:&quot;0&quot;,&quot;iso&quot;:&quot;0&quot;,&quot;shutter_speed&quot;:&quot;0&quot;,&quot;title&quot;:&quot;&quot;,&quot;orientation&quot;:&quot;0&quot;}\" data-image-title=\"affiche-pour-le-harc\u00e8lement-TERMINEE\" data-image-description=\"\" data-image-caption=\"\" data-medium-file=\"https:\/\/av.arbeaumont.eu\/wp-content\/uploads\/2020\/04\/affiche-pour-le-harc\u00e8lement-TERMINEE-212x300.jpg\" data-large-file=\"https:\/\/av.arbeaumont.eu\/wp-content\/uploads\/2020\/04\/affiche-pour-le-harc\u00e8lement-TERMINEE.jpg\" src=\"https:\/\/av.arbeaumont.eu\/wp-content\/uploads\/2020\/04\/affiche-pour-le-harc\u00e8lement-TERMINEE.jpg\" alt=\"\" data-id=\"2060\" data-link=\"https:\/\/av.arbeaumont.eu\/?attachment_id=2060\" class=\"wp-image-2060\" srcset=\"https:\/\/av.arbeaumont.eu\/wp-content\/uploads\/2020\/04\/affiche-pour-le-harc\u00e8lement-TERMINEE.jpg 595w, https:\/\/av.arbeaumont.eu\/wp-content\/uploads\/2020\/04\/affiche-pour-le-harc\u00e8lement-TERMINEE-212x300.jpg 212w, https:\/\/av.arbeaumont.eu\/wp-content\/uploads\/2020\/04\/affiche-pour-le-harc\u00e8lement-TERMINEE-297x420.jpg 297w\" sizes=\"auto, (max-width: 595px) 100vw, 595px\" \/><\/figure><\/li><li class=\"blocks-gallery-item\"><figure><img loading=\"lazy\" decoding=\"async\" width=\"1024\" height=\"682\" data-attachment-id=\"2062\" data-permalink=\"https:\/\/av.arbeaumont.eu\/index.php\/2020\/04\/16\/campagne-contre-le-harcelement\/90242789_1304241413101370_8582938987922980864_o\/\" data-orig-file=\"https:\/\/av.arbeaumont.eu\/wp-content\/uploads\/2020\/04\/90242789_1304241413101370_8582938987922980864_o.jpg\" data-orig-size=\"1772,1181\" data-comments-opened=\"1\" data-image-meta=\"{&quot;aperture&quot;:&quot;0&quot;,&quot;credit&quot;:&quot;&quot;,&quot;camera&quot;:&quot;&quot;,&quot;caption&quot;:&quot;&quot;,&quot;created_timestamp&quot;:&quot;0&quot;,&quot;copyright&quot;:&quot;&quot;,&quot;focal_length&quot;:&quot;0&quot;,&quot;iso&quot;:&quot;0&quot;,&quot;shutter_speed&quot;:&quot;0&quot;,&quot;title&quot;:&quot;&quot;,&quot;orientation&quot;:&quot;0&quot;}\" data-image-title=\"90242789_1304241413101370_8582938987922980864_o\" data-image-description=\"\" data-image-caption=\"\" data-medium-file=\"https:\/\/av.arbeaumont.eu\/wp-content\/uploads\/2020\/04\/90242789_1304241413101370_8582938987922980864_o-300x200.jpg\" data-large-file=\"https:\/\/av.arbeaumont.eu\/wp-content\/uploads\/2020\/04\/90242789_1304241413101370_8582938987922980864_o-1024x682.jpg\" src=\"https:\/\/av.arbeaumont.eu\/wp-content\/uploads\/2020\/04\/90242789_1304241413101370_8582938987922980864_o-1024x682.jpg\" alt=\"\" data-id=\"2062\" data-link=\"https:\/\/av.arbeaumont.eu\/?attachment_id=2062\" class=\"wp-image-2062\" srcset=\"https:\/\/av.arbeaumont.eu\/wp-content\/uploads\/2020\/04\/90242789_1304241413101370_8582938987922980864_o-1024x682.jpg 1024w, https:\/\/av.arbeaumont.eu\/wp-content\/uploads\/2020\/04\/90242789_1304241413101370_8582938987922980864_o-300x200.jpg 300w, https:\/\/av.arbeaumont.eu\/wp-content\/uploads\/2020\/04\/90242789_1304241413101370_8582938987922980864_o-768x512.jpg 768w, https:\/\/av.arbeaumont.eu\/wp-content\/uploads\/2020\/04\/90242789_1304241413101370_8582938987922980864_o-1536x1024.jpg 1536w, https:\/\/av.arbeaumont.eu\/wp-content\/uploads\/2020\/04\/90242789_1304241413101370_8582938987922980864_o-696x464.jpg 696w, https:\/\/av.arbeaumont.eu\/wp-content\/uploads\/2020\/04\/90242789_1304241413101370_8582938987922980864_o-1068x712.jpg 1068w, https:\/\/av.arbeaumont.eu\/wp-content\/uploads\/2020\/04\/90242789_1304241413101370_8582938987922980864_o-630x420.jpg 630w, https:\/\/av.arbeaumont.eu\/wp-content\/uploads\/2020\/04\/90242789_1304241413101370_8582938987922980864_o.jpg 1772w\" sizes=\"auto, (max-width: 1024px) 100vw, 1024px\" \/><\/figure><\/li><li class=\"blocks-gallery-item\"><figure><img loading=\"lazy\" decoding=\"async\" width=\"720\" height=\"959\" data-attachment-id=\"2063\" data-permalink=\"https:\/\/av.arbeaumont.eu\/index.php\/2020\/04\/16\/campagne-contre-le-harcelement\/90234130_1304241549768023_2884872882104565760_n\/\" data-orig-file=\"https:\/\/av.arbeaumont.eu\/wp-content\/uploads\/2020\/04\/90234130_1304241549768023_2884872882104565760_n.jpg\" data-orig-size=\"720,959\" data-comments-opened=\"1\" data-image-meta=\"{&quot;aperture&quot;:&quot;0&quot;,&quot;credit&quot;:&quot;Nathalie Papleux&quot;,&quot;camera&quot;:&quot;&quot;,&quot;caption&quot;:&quot;&quot;,&quot;created_timestamp&quot;:&quot;0&quot;,&quot;copyright&quot;:&quot;Nathalie Papleux&quot;,&quot;focal_length&quot;:&quot;0&quot;,&quot;iso&quot;:&quot;0&quot;,&quot;shutter_speed&quot;:&quot;0&quot;,&quot;title&quot;:&quot;&quot;,&quot;orientation&quot;:&quot;0&quot;}\" data-image-title=\"90234130_1304241549768023_2884872882104565760_n\" data-image-description=\"\" data-image-caption=\"\" data-medium-file=\"https:\/\/av.arbeaumont.eu\/wp-content\/uploads\/2020\/04\/90234130_1304241549768023_2884872882104565760_n-225x300.jpg\" data-large-file=\"https:\/\/av.arbeaumont.eu\/wp-content\/uploads\/2020\/04\/90234130_1304241549768023_2884872882104565760_n.jpg\" src=\"https:\/\/av.arbeaumont.eu\/wp-content\/uploads\/2020\/04\/90234130_1304241549768023_2884872882104565760_n.jpg\" alt=\"\" data-id=\"2063\" data-full-url=\"https:\/\/av.arbeaumont.eu\/wp-content\/uploads\/2020\/04\/90234130_1304241549768023_2884872882104565760_n.jpg\" data-link=\"https:\/\/av.arbeaumont.eu\/?attachment_id=2063\" class=\"wp-image-2063\" srcset=\"https:\/\/av.arbeaumont.eu\/wp-content\/uploads\/2020\/04\/90234130_1304241549768023_2884872882104565760_n.jpg 720w, https:\/\/av.arbeaumont.eu\/wp-content\/uploads\/2020\/04\/90234130_1304241549768023_2884872882104565760_n-225x300.jpg 225w, https:\/\/av.arbeaumont.eu\/wp-content\/uploads\/2020\/04\/90234130_1304241549768023_2884872882104565760_n-696x927.jpg 696w, https:\/\/av.arbeaumont.eu\/wp-content\/uploads\/2020\/04\/90234130_1304241549768023_2884872882104565760_n-315x420.jpg 315w\" sizes=\"auto, (max-width: 720px) 100vw, 720px\" \/><\/figure><\/li><\/ul><\/figure>\n","protected":false},"excerpt":{"rendered":"<p>En d\u00e9but d&rsquo;ann\u00e9e, les classes de 3e, 4e et 6e audiovisuel se sont lanc\u00e9es dans un vaste projet relatif au harc\u00e8lement. L&rsquo;id\u00e9e \u00e9tait de sensibiliser le public \u00e0 cette probl\u00e9matique au travers de la r\u00e9alisation d&rsquo;affiches et de spots publicitaires. La fermeture des \u00e9coles en raison du confinement ne nous a pas permis d&rsquo;aller totalement [&hellip;]<\/p>\n","protected":false},"author":1,"featured_media":2035,"comment_status":"open","ping_status":"closed","sticky":false,"template":"","format":"standard","meta":{"jetpack_post_was_ever_published":false,"footnotes":""},"categories":[25],"tags":[],"class_list":{"0":"post-2052","1":"post","2":"type-post","3":"status-publish","4":"format-standard","5":"has-post-thumbnail","7":"category-affiches"},"jetpack_featured_media_url":"https:\/\/av.arbeaumont.eu\/wp-content\/uploads\/2020\/04\/AFFICHE-LUPU-STEFANIA-3TTR-2-scaled.jpg","jetpack_sharing_enabled":true,"jetpack_shortlink":"https:\/\/wp.me\/p8Dhaa-x6","jetpack_likes_enabled":true,"jetpack-related-posts":[{"id":3252,"url":"https:\/\/av.arbeaumont.eu\/index.php\/2026\/03\/14\/organiser-un-concert-de-a-a-z\/","url_meta":{"origin":2052,"position":0},"title":"Organiser un concert de A \u00e0 Z","date":"14 mars 2026","format":false,"excerpt":"Un nouveau d\u00e9fi audiovisuel en collaboration avec la Maison des Jeunes de Beaumont Organiser un concert de musique, c'est \u00e0 priori tr\u00e8s simple. Il suffit de contacter des groupes, de fixer une date, de trouver une salle, de remplir un peu de paperasse administrative pour la s\u00e9curit\u00e9 et pour les\u2026","rel":"","context":"Dans &quot;Concert de A \u00e0 Z&quot;","img":{"alt_text":"","src":"https:\/\/i0.wp.com\/av.arbeaumont.eu\/wp-content\/uploads\/2026\/03\/DSC_0075.jpg?resize=350%2C200&ssl=1","width":350,"height":200},"classes":[]},{"id":1830,"url":"https:\/\/av.arbeaumont.eu\/index.php\/2020\/03\/08\/non-au-harcelement\/","url_meta":{"origin":2052,"position":1},"title":"Non au harc\u00e8lement !","date":"8 mars 2020","format":false,"excerpt":"Le harc\u00e8lement nous touche, Nous, les jeunes d\u00e8s le plus jeune \u00e2ge.\u00a0 Nous devrions pouvoir profiter pleinement de la vie malheureusement certains individus choisissent de la transformer en enfer.\u00a0 Trop de jeunes, t\u00e9moins, regardent et laissent faire.\u00a0 A l\u2019avenir, changeons notre attitude et agissons pour mettre un terme au harc\u00e8lement.\u2026","rel":"","context":"Dans &quot;Les courts-m\u00e9trages&quot;","img":{"alt_text":"","src":"https:\/\/i0.wp.com\/av.arbeaumont.eu\/wp-content\/uploads\/2020\/03\/Capture-d\u2019\u00e9cran-2020-03-08-\u00e0-18.10.17.png?resize=350%2C200&ssl=1","width":350,"height":200},"classes":[]},{"id":503,"url":"https:\/\/av.arbeaumont.eu\/index.php\/2017\/12\/17\/jogging-de-lathenee\/","url_meta":{"origin":2052,"position":2},"title":"Jogging de l&rsquo;ath\u00e9n\u00e9e","date":"17 d\u00e9cembre 2017","format":false,"excerpt":"Toute la section audiovisuelle sur le pont! Vous n'avez pas pu les rater, les \u00e9l\u00e8ves de la section audiovisuelle \u00e9taient partout lors du jogging de l'ath\u00e9n\u00e9e. \u00a0A l'affut pour prendre des photos, saisir les plus belles \u00e9motions, enregistrer vos r\u00e9actions ou encore r\u00e9aliser des reportages. \u00a0L'approche des examens ne leur\u2026","rel":"","context":"Dans &quot;Photos&quot;","img":{"alt_text":"","src":"https:\/\/i0.wp.com\/av.arbeaumont.eu\/wp-content\/uploads\/2017\/12\/Equipe-2-18.jpg?resize=350%2C200&ssl=1","width":350,"height":200},"classes":[]},{"id":630,"url":"https:\/\/av.arbeaumont.eu\/index.php\/2018\/01\/24\/collaboration-entre-la-maison-des-jeunes-de-beaumont-et-lathenee\/","url_meta":{"origin":2052,"position":3},"title":"La s\u00e9curit\u00e9 sur la route et sur internet","date":"24 janvier 2018","format":"video","excerpt":"La publicit\u00e9 en question Comment construire un message publicitaire ? \u00a0Quels sont les trucs utilis\u00e9s par les soci\u00e9t\u00e9s de marketing pour nous pi\u00e9ger? \u00a0Cherche-t-on \u00e0 nous mentir et \u00e0 nous manipuler? \u00a0Quelle vision de la soci\u00e9t\u00e9 la publicit\u00e9 nous renvoie-elle? \u00a0Toutes ces questions, nous les avons examin\u00e9es avec les 4e\u2026","rel":"","context":"Dans &quot;Affiches&quot;","img":{"alt_text":"","src":"https:\/\/i0.wp.com\/av.arbeaumont.eu\/wp-content\/uploads\/2018\/01\/BERNARD-Noah-Pub.jpg?resize=350%2C200&ssl=1","width":350,"height":200},"classes":[]},{"id":481,"url":"https:\/\/av.arbeaumont.eu\/index.php\/2017\/06\/03\/samuser-en-decouvrant-les-coins-insolites-de-beaumont\/","url_meta":{"origin":2052,"position":4},"title":"S&rsquo;amuser en d\u00e9couvrant les coins insolites de Beaumont","date":"3 juin 2017","format":false,"excerpt":"Un webdocumentaire r\u00e9alis\u00e9 par les \u00e9l\u00e8ves de 3e audiovisuel En 2016-2017, l'ath\u00e9n\u00e9e royal de Beaumont a ouvert une option audiovisuel. \u00a0Une quinzaine \u00e9l\u00e8ves ont inaugur\u00e9 la section et dans la foul\u00e9e, ils ont \u00e9t\u00e9 laur\u00e9ats d'un appel \u00e0 projet lanc\u00e9 par le Conseil Sup\u00e9rieur de l'Education aux M\u00e9dias (CSEM). \u00a0Le\u2026","rel":"","context":"Dans &quot;Documentaires&quot;","img":{"alt_text":"","src":"https:\/\/i0.wp.com\/av.arbeaumont.eu\/wp-content\/uploads\/2017\/06\/Capture-d\u2019\u00e9cran-2017-06-03-\u00e0-22.36.33.png?resize=350%2C200&ssl=1","width":350,"height":200},"classes":[]},{"id":3399,"url":"https:\/\/av.arbeaumont.eu\/index.php\/2026\/03\/14\/viens-je-tapprends-a-faire-du-lightpainting\/","url_meta":{"origin":2052,"position":5},"title":"Viens, je t&rsquo;apprends \u00e0 faire du lightpainting","date":"14 mars 2026","format":false,"excerpt":"Un projet collaboratif entre les \u00e9l\u00e8ves de 2e et les 4e audiovisuel Pour sensibiliser les \u00e9l\u00e8ves de 2e \u00e0 l'audiovisuel et pour amener les \u00e9l\u00e8ves \u00e0 collaborer entre eux, nous avons organis\u00e9 un atelier de lightpainting. L'occasion d'apprendre quelques bases de la photo tout en exprimant sa cr\u00e9ativit\u00e9.","rel":"","context":"Dans &quot;Les photos&quot;","img":{"alt_text":"","src":"https:\/\/i0.wp.com\/av.arbeaumont.eu\/wp-content\/uploads\/2026\/03\/Devloppement-3.jpg?resize=350%2C200&ssl=1","width":350,"height":200},"classes":[]}],"amp_enabled":true,"_links":{"self":[{"href":"https:\/\/av.arbeaumont.eu\/index.php\/wp-json\/wp\/v2\/posts\/2052","targetHints":{"allow":["GET"]}}],"collection":[{"href":"https:\/\/av.arbeaumont.eu\/index.php\/wp-json\/wp\/v2\/posts"}],"about":[{"href":"https:\/\/av.arbeaumont.eu\/index.php\/wp-json\/wp\/v2\/types\/post"}],"author":[{"embeddable":true,"href":"https:\/\/av.arbeaumont.eu\/index.php\/wp-json\/wp\/v2\/users\/1"}],"replies":[{"embeddable":true,"href":"https:\/\/av.arbeaumont.eu\/index.php\/wp-json\/wp\/v2\/comments?post=2052"}],"version-history":[{"count":7,"href":"https:\/\/av.arbeaumont.eu\/index.php\/wp-json\/wp\/v2\/posts\/2052\/revisions"}],"predecessor-version":[{"id":2462,"href":"https:\/\/av.arbeaumont.eu\/index.php\/wp-json\/wp\/v2\/posts\/2052\/revisions\/2462"}],"wp:featuredmedia":[{"embeddable":true,"href":"https:\/\/av.arbeaumont.eu\/index.php\/wp-json\/wp\/v2\/media\/2035"}],"wp:attachment":[{"href":"https:\/\/av.arbeaumont.eu\/index.php\/wp-json\/wp\/v2\/media?parent=2052"}],"wp:term":[{"taxonomy":"category","embeddable":true,"href":"https:\/\/av.arbeaumont.eu\/index.php\/wp-json\/wp\/v2\/categories?post=2052"},{"taxonomy":"post_tag","embeddable":true,"href":"https:\/\/av.arbeaumont.eu\/index.php\/wp-json\/wp\/v2\/tags?post=2052"}],"curies":[{"name":"wp","href":"https:\/\/api.w.org\/{rel}","templated":true}]}}