{"id":2170,"date":"2021-04-01T17:01:55","date_gmt":"2021-04-01T15:01:55","guid":{"rendered":"https:\/\/av.arbeaumont.eu\/?p=2170"},"modified":"2021-04-06T16:34:44","modified_gmt":"2021-04-06T14:34:44","slug":"barrieres-le-court-metrage-des-5e-mis-a-lhonneur-dans-la-presse","status":"publish","type":"post","link":"https:\/\/av.arbeaumont.eu\/index.php\/2021\/04\/01\/barrieres-le-court-metrage-des-5e-mis-a-lhonneur-dans-la-presse\/","title":{"rendered":"Barri\u00e8res, le court-m\u00e9trage des 5e remarqu\u00e9 par la presse"},"content":{"rendered":"\n<figure class=\"wp-block-image size-large\"><img loading=\"lazy\" decoding=\"async\" width=\"731\" height=\"1024\" data-attachment-id=\"2172\" data-permalink=\"https:\/\/av.arbeaumont.eu\/index.php\/2021\/04\/01\/barrieres-le-court-metrage-des-5e-mis-a-lhonneur-dans-la-presse\/avenir-2\/\" data-orig-file=\"https:\/\/av.arbeaumont.eu\/wp-content\/uploads\/2021\/04\/Avenir-2.jpg\" data-orig-size=\"750,1050\" data-comments-opened=\"1\" data-image-meta=\"{&quot;aperture&quot;:&quot;0&quot;,&quot;credit&quot;:&quot;&quot;,&quot;camera&quot;:&quot;&quot;,&quot;caption&quot;:&quot;&quot;,&quot;created_timestamp&quot;:&quot;0&quot;,&quot;copyright&quot;:&quot;&quot;,&quot;focal_length&quot;:&quot;0&quot;,&quot;iso&quot;:&quot;0&quot;,&quot;shutter_speed&quot;:&quot;0&quot;,&quot;title&quot;:&quot;&quot;,&quot;orientation&quot;:&quot;0&quot;}\" data-image-title=\"Avenir-2\" data-image-description=\"\" data-image-caption=\"\" data-medium-file=\"https:\/\/av.arbeaumont.eu\/wp-content\/uploads\/2021\/04\/Avenir-2-214x300.jpg\" data-large-file=\"https:\/\/av.arbeaumont.eu\/wp-content\/uploads\/2021\/04\/Avenir-2-731x1024.jpg\" src=\"https:\/\/av.arbeaumont.eu\/wp-content\/uploads\/2021\/04\/Avenir-2-731x1024.jpg\" alt=\"\" class=\"wp-image-2172\" srcset=\"https:\/\/av.arbeaumont.eu\/wp-content\/uploads\/2021\/04\/Avenir-2-731x1024.jpg 731w, https:\/\/av.arbeaumont.eu\/wp-content\/uploads\/2021\/04\/Avenir-2-214x300.jpg 214w, https:\/\/av.arbeaumont.eu\/wp-content\/uploads\/2021\/04\/Avenir-2-696x974.jpg 696w, https:\/\/av.arbeaumont.eu\/wp-content\/uploads\/2021\/04\/Avenir-2-300x420.jpg 300w, https:\/\/av.arbeaumont.eu\/wp-content\/uploads\/2021\/04\/Avenir-2.jpg 750w\" sizes=\"auto, (max-width: 731px) 100vw, 731px\" \/><\/figure>\n","protected":false},"excerpt":{"rendered":"","protected":false},"author":1,"featured_media":2172,"comment_status":"open","ping_status":"closed","sticky":false,"template":"","format":"standard","meta":{"jetpack_post_was_ever_published":false,"footnotes":""},"categories":[18],"tags":[],"class_list":{"0":"post-2170","1":"post","2":"type-post","3":"status-publish","4":"format-standard","5":"has-post-thumbnail","7":"category-la-section-audiovisuel-dans-les-medias"},"jetpack_featured_media_url":"https:\/\/av.arbeaumont.eu\/wp-content\/uploads\/2021\/04\/Avenir-2.jpg","jetpack_sharing_enabled":true,"jetpack_shortlink":"https:\/\/wp.me\/p8Dhaa-z0","jetpack_likes_enabled":true,"jetpack-related-posts":[{"id":1559,"url":"https:\/\/av.arbeaumont.eu\/index.php\/2019\/04\/10\/education-aux-medias-1-heure\/","url_meta":{"origin":2170,"position":0},"title":"Education aux m\u00e9dias (1 heure)","date":"10 avril 2019","format":false,"excerpt":"Objectifs g\u00e9n\u00e9raux Apprendre \u00e0 percevoir (regarder, lire, \u00e9couter), \u00e0 analyser et \u00e0 appr\u00e9cier une production audiovisuelle, m\u00e9diatique, en d\u00e9terminer le genre, le but, les moyens techniques et psychologiques utilis\u00e9s par les producteurs et les r\u00e9alisateurs pour int\u00e9resser ou convaincre le r\u00e9cepteur, notamment dans les domaines de la presse \u00e9crite, de\u2026","rel":"","context":"Dans &quot;5e ann\u00e9e&quot;","img":{"alt_text":"","src":"https:\/\/i0.wp.com\/av.arbeaumont.eu\/wp-content\/uploads\/2018\/06\/Capture-d\u2019\u00e9cran-2018-06-11-\u00e0-21.43.10.png?resize=350%2C200&ssl=1","width":350,"height":200},"classes":[]},{"id":3367,"url":"https:\/\/av.arbeaumont.eu\/index.php\/2024\/12\/26\/le-pac-recompense-des-eleves-de-loption-audiovisuel-pour-leurs-photos\/","url_meta":{"origin":2170,"position":1},"title":"Le PAC r\u00e9compense des \u00e9l\u00e8ves de l&rsquo;option audiovisuel pour leurs photos","date":"26 d\u00e9cembre 2024","format":false,"excerpt":"Chaque ann\u00e9e, le PAC Beaumont organise un concours photo ouvert \u00e0 tous. Un de nos \u00e9l\u00e8ves s'est distingu\u00e9 gr\u00e2ce \u00e0 l'une de ses photos, r\u00e9alis\u00e9e dans une ferme de l'entit\u00e9. Une reconnaissance salu\u00e9e par la presse locale.","rel":"","context":"Dans &quot;La section audiovisuelle dans les m\u00e9dias&quot;","img":{"alt_text":"","src":"https:\/\/i0.wp.com\/av.arbeaumont.eu\/wp-content\/uploads\/2026\/03\/PAC-concours-e1773508672707.jpg?resize=350%2C200&ssl=1","width":350,"height":200},"classes":[]},{"id":1561,"url":"https:\/\/av.arbeaumont.eu\/index.php\/2019\/04\/10\/education-aux-medias-1-heure-2\/","url_meta":{"origin":2170,"position":2},"title":"Education aux m\u00e9dias (1 heure)","date":"10 avril 2019","format":false,"excerpt":"Objectifs g\u00e9n\u00e9raux Approfondir les savoirs, savoir-faire et savoir-\u00eatre abord\u00e9s dans ce m\u00eame cours en cinqui\u00e8me ann\u00e9e, notamment : Apprendre \u00e0 percevoir (regarder, lire, \u00e9couter), \u00e0 analyser et \u00e0 appr\u00e9cier une production audiovisuelle, m\u00e9diatique, en d\u00e9terminer le genre, le but, les moyens techniques et psychologiques utilis\u00e9s par les producteurs et les\u2026","rel":"","context":"Dans &quot;6e ann\u00e9e&quot;","img":{"alt_text":"","src":"https:\/\/i0.wp.com\/av.arbeaumont.eu\/wp-content\/uploads\/2019\/04\/Amok-26resize.jpg?resize=350%2C200&ssl=1","width":350,"height":200},"classes":[]},{"id":493,"url":"https:\/\/av.arbeaumont.eu\/index.php\/2017\/06\/19\/notre-web-documentaire-la-presse-en-parle\/","url_meta":{"origin":2170,"position":3},"title":"Notre web documentaire, la presse en parle","date":"19 juin 2017","format":false,"excerpt":"Juin 2017, les 3e audiovisuel sont\u00a0mis \u00e0 l'honneur dans la presse gr\u00e2ce au web documentaire sur les c\u00f4t\u00e9s insolites de Beaumont. \u00a0Une page compl\u00e8te du journal leur est consacr\u00e9e. \u00a0Lire l'article sur le site de l'Avenir. http:\/\/www.lavenir.net\/cnt\/dmf20170618_01020011\/la-ville-insolite-au-coeur-d-un-webdocumentaire \u00a0","rel":"","context":"Dans &quot;La section audiovisuelle dans les m\u00e9dias&quot;","img":{"alt_text":"","src":"https:\/\/i0.wp.com\/av.arbeaumont.eu\/wp-content\/uploads\/2017\/06\/Capture-ecran-2017-06-19-\u00e0-12.46.09.png?resize=350%2C200&ssl=1","width":350,"height":200},"classes":[]},{"id":462,"url":"https:\/\/av.arbeaumont.eu\/index.php\/2017\/04\/17\/nouveau-ouverture-de-loption-audiovisuel-en-5e-annee-secondaire\/","url_meta":{"origin":2170,"position":4},"title":"Nouveau! Ouverture de l&rsquo;option audiovisuel en 5e ann\u00e9e secondaire","date":"17 avril 2017","format":"video","excerpt":"Vu l'engouement provoqu\u00e9 par l'ouverture de l'option audiovisuel en 3e ann\u00e9e secondaire, l'ath\u00e9n\u00e9e royal de Beaumont a d\u00e9cid\u00e9 d'ouvrir, d\u00e8s le mois de septembre 2017, l'option audiovisuel en 5e ann\u00e9e secondaire. \u00a0Au programme, sept heures de cours r\u00e9parties entre l'\u00e9ducation aux m\u00e9dias, la technologie, la psychop\u00e9dagogie de l'audiovisuel, l'image fixe\u2026","rel":"","context":"Dans &quot;5e ann\u00e9e&quot;","img":{"alt_text":"","src":"https:\/\/i0.wp.com\/av.arbeaumont.eu\/wp-content\/uploads\/2017\/04\/maxresdefault-1.jpg?resize=350%2C200&ssl=1","width":350,"height":200},"classes":[]},{"id":3342,"url":"https:\/\/av.arbeaumont.eu\/index.php\/2026\/03\/14\/deux-de-nos-eleves-relevent-un-defi-lance-par-telesambre\/","url_meta":{"origin":2170,"position":5},"title":"Deux de nos \u00e9l\u00e8ves rel\u00e8vent un d\u00e9fi lanc\u00e9 par T\u00e9l\u00e9sambre","date":"14 mars 2026","format":false,"excerpt":"R\u00e9aliser un reportage professionnel pour l'\u00e9mission des Correspondants locaux. Le d\u00e9fi n'est pas simple mais d'embl\u00e9e, deux \u00e9l\u00e8ves acceptent de se lancer dans l'exp\u00e9rience. Ils doivent trouver un reportage d'actualit\u00e9, prendre les contacts, aller sur le terrain, tourner eux-m\u00eames les images, monter la vid\u00e9o, \u00e9crire un commentaire, le lire et\u2026","rel":"","context":"Dans &quot;La section audiovisuelle dans les m\u00e9dias&quot;","img":{"alt_text":"","src":"https:\/\/i0.wp.com\/av.arbeaumont.eu\/wp-content\/uploads\/2026\/03\/Capture-decran-2026-03-14-a-17.00.32.jpg?resize=350%2C200&ssl=1","width":350,"height":200},"classes":[]}],"amp_enabled":true,"_links":{"self":[{"href":"https:\/\/av.arbeaumont.eu\/index.php\/wp-json\/wp\/v2\/posts\/2170","targetHints":{"allow":["GET"]}}],"collection":[{"href":"https:\/\/av.arbeaumont.eu\/index.php\/wp-json\/wp\/v2\/posts"}],"about":[{"href":"https:\/\/av.arbeaumont.eu\/index.php\/wp-json\/wp\/v2\/types\/post"}],"author":[{"embeddable":true,"href":"https:\/\/av.arbeaumont.eu\/index.php\/wp-json\/wp\/v2\/users\/1"}],"replies":[{"embeddable":true,"href":"https:\/\/av.arbeaumont.eu\/index.php\/wp-json\/wp\/v2\/comments?post=2170"}],"version-history":[{"count":2,"href":"https:\/\/av.arbeaumont.eu\/index.php\/wp-json\/wp\/v2\/posts\/2170\/revisions"}],"predecessor-version":[{"id":2174,"href":"https:\/\/av.arbeaumont.eu\/index.php\/wp-json\/wp\/v2\/posts\/2170\/revisions\/2174"}],"wp:featuredmedia":[{"embeddable":true,"href":"https:\/\/av.arbeaumont.eu\/index.php\/wp-json\/wp\/v2\/media\/2172"}],"wp:attachment":[{"href":"https:\/\/av.arbeaumont.eu\/index.php\/wp-json\/wp\/v2\/media?parent=2170"}],"wp:term":[{"taxonomy":"category","embeddable":true,"href":"https:\/\/av.arbeaumont.eu\/index.php\/wp-json\/wp\/v2\/categories?post=2170"},{"taxonomy":"post_tag","embeddable":true,"href":"https:\/\/av.arbeaumont.eu\/index.php\/wp-json\/wp\/v2\/tags?post=2170"}],"curies":[{"name":"wp","href":"https:\/\/api.w.org\/{rel}","templated":true}]}}