{"id":2188,"date":"2018-11-01T21:15:23","date_gmt":"2018-11-01T20:15:23","guid":{"rendered":"https:\/\/av.arbeaumont.eu\/?p=2188"},"modified":"2021-04-01T21:15:44","modified_gmt":"2021-04-01T19:15:44","slug":"raid-dingue-de-ce-parcours-la","status":"publish","type":"post","link":"https:\/\/av.arbeaumont.eu\/index.php\/2018\/11\/01\/raid-dingue-de-ce-parcours-la\/","title":{"rendered":"Raid dingue de ce parcours-l\u00e0!"},"content":{"rendered":"\n<figure class=\"wp-block-embed-youtube wp-block-embed is-type-video is-provider-youtube wp-embed-aspect-4-3 wp-has-aspect-ratio\"><div class=\"wp-block-embed__wrapper\">\n<span class=\"embed-youtube\" style=\"text-align:center; display: block;\"><iframe loading=\"lazy\" class=\"youtube-player\" width=\"696\" height=\"392\" src=\"https:\/\/www.youtube.com\/embed\/JXcNva1xdfA?version=3&#038;rel=1&#038;showsearch=0&#038;showinfo=1&#038;iv_load_policy=1&#038;fs=1&#038;hl=fr-FR&#038;autohide=2&#038;wmode=transparent&#038;enablejsapi=1\" allowfullscreen=\"true\" style=\"border:0;\" sandbox=\"allow-scripts allow-same-origin allow-popups allow-presentation\"><\/iframe><\/span>\n<\/div><\/figure>\n","protected":false},"excerpt":{"rendered":"","protected":false},"author":1,"featured_media":2189,"comment_status":"open","ping_status":"closed","sticky":false,"template":"","format":"standard","meta":{"jetpack_post_was_ever_published":false,"footnotes":""},"categories":[16],"tags":[],"class_list":{"0":"post-2188","1":"post","2":"type-post","3":"status-publish","4":"format-standard","5":"has-post-thumbnail","7":"category-reportages-videos"},"jetpack_featured_media_url":"https:\/\/av.arbeaumont.eu\/wp-content\/uploads\/2021\/04\/Capture-decran-2021-04-01-a-21.05.44.png","jetpack_sharing_enabled":true,"jetpack_shortlink":"https:\/\/wp.me\/p8Dhaa-zi","jetpack_likes_enabled":true,"jetpack-related-posts":[{"id":3317,"url":"https:\/\/av.arbeaumont.eu\/index.php\/2026\/03\/14\/la-journee-de-la-mobilite-a-beaumont\/","url_meta":{"origin":2188,"position":0},"title":"La journ\u00e9e de la mobilit\u00e9 \u00e0 Beaumont","date":"14 mars 2026","format":false,"excerpt":"Chaque ann\u00e9e, la Ville de Beaumont organise, comme beaucoup d'autres, une journ\u00e9e de la mobilit\u00e9. L'occasion de faire la promotion d'autres moyens de locomotion que la voiture. V\u00e9lo, marche, trottinette et de d\u00e9couvrir les parcours am\u00e9nag\u00e9s dans notre r\u00e9gion. Un reportage sign\u00e9 L\u00e9ane Herman et Gatien P\u00e9trisot https:\/\/youtu.be\/4H5C7B-FJL8","rel":"","context":"Dans &quot;Reportages&quot;","img":{"alt_text":"","src":"https:\/\/i0.wp.com\/av.arbeaumont.eu\/wp-content\/uploads\/2026\/03\/Capture-decran-2026-03-14-a-15.01.21.jpg?resize=350%2C200&ssl=1","width":350,"height":200},"classes":[]},{"id":682,"url":"https:\/\/av.arbeaumont.eu\/index.php\/2018\/04\/01\/le-jogging-de-lathenee-2018-en-video\/","url_meta":{"origin":2188,"position":1},"title":"Le jogging de l&rsquo;ath\u00e9n\u00e9e 2017 en vid\u00e9o","date":"1 avril 2018","format":false,"excerpt":"Voici les reportages r\u00e9alis\u00e9s cette ann\u00e9e par les \u00e9l\u00e8ves de la section audiovisuelle. \u00a0Ils vous relatent l'ambiance, le d\u00e9roulement de la course et les pr\u00e9paratifs. https:\/\/youtu.be\/8_SgEllJOi0 https:\/\/youtu.be\/AN31Xnaorlk https:\/\/youtu.be\/bbXHkAEUG7A","rel":"","context":"Dans &quot;Reportages&quot;","img":{"alt_text":"","src":"https:\/\/i0.wp.com\/av.arbeaumont.eu\/wp-content\/uploads\/2018\/04\/Jogging-2017-6.jpg?resize=350%2C200&ssl=1","width":350,"height":200},"classes":[]},{"id":705,"url":"https:\/\/av.arbeaumont.eu\/index.php\/2018\/05\/24\/destination-pitchipoi\/","url_meta":{"origin":2188,"position":2},"title":"Destination Pitchipo\u00ef","date":"24 mai 2018","format":false,"excerpt":"Un documentaire poignant sur la d\u00e9portation de Simone Weil \u00e0 Auschwitz Au coeur de la deuxi\u00e8me guerre mondiale, peu de gens savent exactement ce qui se passe \u00e0 Auschwitz.\u00a0Lorsque notre h\u00e9ro\u00efne est arr\u00eat\u00e9e \u00e0 Nice en 44, elle ignore tout du sort et de la destination qui l\u2019attendent. Les Juifs\u2026","rel":"","context":"Dans &quot;Reportages&quot;","img":{"alt_text":"","src":"https:\/\/i0.wp.com\/av.arbeaumont.eu\/wp-content\/uploads\/2018\/05\/Auschwitz-2-4.jpg?resize=350%2C200&ssl=1","width":350,"height":200},"classes":[]},{"id":1066,"url":"https:\/\/av.arbeaumont.eu\/index.php\/2018\/11\/29\/lathenee-seveille-du-mois-doctobre\/","url_meta":{"origin":2188,"position":3},"title":"L&rsquo;ath\u00e9n\u00e9e s&rsquo;\u00e9veille du mois d&rsquo;octobre 2018","date":"29 novembre 2018","format":"video","excerpt":"L'ath\u00e9n\u00e9e change de nom et devient l'ath\u00e9n\u00e9e royal Simone Veil. \u00a0Regardez le magazine pour revivre cette journ\u00e9e de f\u00eate en pr\u00e9sence de la ministre de l'enseignement Marie-Martine Schyns. \u00a0D'autres infos \u00e9galement avec le Raid Dingue, des ateliers sur les valeurs d\u00e9fendues sur Simone Veil, Tana\u00e9 et le rappeur Badi... https:\/\/www.youtube.com\/watch?v=so5Iq4A10Cs&t=6s","rel":"","context":"Dans &quot;Les magazines&quot;","img":{"alt_text":"","src":"https:\/\/i0.wp.com\/av.arbeaumont.eu\/wp-content\/uploads\/2018\/11\/Capture-d\u2019\u00e9cran-2018-11-29-\u00e0-22.45.53.png?resize=350%2C200&ssl=1","width":350,"height":200},"classes":[]},{"id":2184,"url":"https:\/\/av.arbeaumont.eu\/index.php\/2018\/12\/01\/nos-reportages-du-jogging-edition-2018\/","url_meta":{"origin":2188,"position":4},"title":"Nos reportages du jogging, \u00e9dition 2018","date":"1 d\u00e9cembre 2018","format":false,"excerpt":"https:\/\/youtu.be\/_UYyvJ7UYsU https:\/\/youtu.be\/jFqyLVJarAM","rel":"","context":"Dans &quot;Reportages&quot;","img":{"alt_text":"","src":"https:\/\/i0.wp.com\/av.arbeaumont.eu\/wp-content\/uploads\/2021\/04\/Capture-decran-2021-04-01-a-20.49.21.png?resize=350%2C200&ssl=1","width":350,"height":200},"classes":[]},{"id":355,"url":"https:\/\/av.arbeaumont.eu\/index.php\/2017\/03\/25\/menuisier\/","url_meta":{"origin":2188,"position":5},"title":"Menuisier","date":"25 mars 2017","format":false,"excerpt":"Des petits aux grands travaux, de la passion \u00e0 la perfection, le m\u00e9tier de menuisier est \u00e9panouissant. \u00a0Th\u00e9o Lorette a rencontr\u00e9, Alain, un professionnel qui lui dresse le portrait de son parcours. \u00a0","rel":"","context":"Dans &quot;M\u00e9tiers-passions&quot;","img":{"alt_text":"","src":"https:\/\/i0.wp.com\/av.arbeaumont.eu\/wp-content\/uploads\/2017\/03\/Photo-chapeau.jpg?resize=350%2C200&ssl=1","width":350,"height":200},"classes":[]}],"amp_enabled":true,"_links":{"self":[{"href":"https:\/\/av.arbeaumont.eu\/index.php\/wp-json\/wp\/v2\/posts\/2188","targetHints":{"allow":["GET"]}}],"collection":[{"href":"https:\/\/av.arbeaumont.eu\/index.php\/wp-json\/wp\/v2\/posts"}],"about":[{"href":"https:\/\/av.arbeaumont.eu\/index.php\/wp-json\/wp\/v2\/types\/post"}],"author":[{"embeddable":true,"href":"https:\/\/av.arbeaumont.eu\/index.php\/wp-json\/wp\/v2\/users\/1"}],"replies":[{"embeddable":true,"href":"https:\/\/av.arbeaumont.eu\/index.php\/wp-json\/wp\/v2\/comments?post=2188"}],"version-history":[{"count":1,"href":"https:\/\/av.arbeaumont.eu\/index.php\/wp-json\/wp\/v2\/posts\/2188\/revisions"}],"predecessor-version":[{"id":2190,"href":"https:\/\/av.arbeaumont.eu\/index.php\/wp-json\/wp\/v2\/posts\/2188\/revisions\/2190"}],"wp:featuredmedia":[{"embeddable":true,"href":"https:\/\/av.arbeaumont.eu\/index.php\/wp-json\/wp\/v2\/media\/2189"}],"wp:attachment":[{"href":"https:\/\/av.arbeaumont.eu\/index.php\/wp-json\/wp\/v2\/media?parent=2188"}],"wp:term":[{"taxonomy":"category","embeddable":true,"href":"https:\/\/av.arbeaumont.eu\/index.php\/wp-json\/wp\/v2\/categories?post=2188"},{"taxonomy":"post_tag","embeddable":true,"href":"https:\/\/av.arbeaumont.eu\/index.php\/wp-json\/wp\/v2\/tags?post=2188"}],"curies":[{"name":"wp","href":"https:\/\/api.w.org\/{rel}","templated":true}]}}