{"id":2488,"date":"2022-01-08T09:35:52","date_gmt":"2022-01-08T08:35:52","guid":{"rendered":"https:\/\/av.arbeaumont.eu\/?p=2488"},"modified":"2022-01-08T09:35:57","modified_gmt":"2022-01-08T08:35:57","slug":"comment-realiser-une-bonne-interview","status":"publish","type":"post","link":"https:\/\/av.arbeaumont.eu\/index.php\/2022\/01\/08\/comment-realiser-une-bonne-interview\/","title":{"rendered":"Comment r\u00e9aliser une bonne interview ?"},"content":{"rendered":"\n<p>Vous ne savez pas comment interroger quelqu&rsquo;un?  O\u00f9 placer la cam\u00e9ra, comment tenir le micro, comment cadrer?  Ce tutoriel devrait vous aider.  L&rsquo;interview pour les Nuls est r\u00e9alis\u00e9e par les \u00e9l\u00e8ves de rh\u00e9to (2020).<\/p>\n\n\n\n<figure class=\"wp-block-embed is-type-rich is-provider-prise-en-charge-des-contenus-embarques wp-block-embed-prise-en-charge-des-contenus-embarques wp-embed-aspect-16-9 wp-has-aspect-ratio\"><div class=\"wp-block-embed__wrapper\">\n<span class=\"embed-youtube\" style=\"text-align:center; display: block;\"><iframe loading=\"lazy\" class=\"youtube-player\" width=\"696\" height=\"392\" src=\"https:\/\/www.youtube.com\/embed\/XytI8gSo-uQ?version=3&#038;rel=1&#038;showsearch=0&#038;showinfo=1&#038;iv_load_policy=1&#038;fs=1&#038;hl=fr-FR&#038;autohide=2&#038;wmode=transparent\" allowfullscreen=\"true\" style=\"border:0;\" sandbox=\"allow-scripts allow-same-origin allow-popups allow-presentation\"><\/iframe><\/span>\n<\/div><\/figure>\n","protected":false},"excerpt":{"rendered":"<p>Vous ne savez pas comment interroger quelqu&rsquo;un? O\u00f9 placer la cam\u00e9ra, comment tenir le micro, comment cadrer? Ce tutoriel devrait vous aider. L&rsquo;interview pour les Nuls est r\u00e9alis\u00e9e par les \u00e9l\u00e8ves de rh\u00e9to (2020).<\/p>\n","protected":false},"author":1,"featured_media":2489,"comment_status":"open","ping_status":"closed","sticky":false,"template":"","format":"standard","meta":{"jetpack_post_was_ever_published":false,"footnotes":""},"categories":[23],"tags":[],"class_list":{"0":"post-2488","1":"post","2":"type-post","3":"status-publish","4":"format-standard","5":"has-post-thumbnail","7":"category-les-courts-metrages"},"jetpack_featured_media_url":"https:\/\/av.arbeaumont.eu\/wp-content\/uploads\/2022\/01\/Capture-decran-2020-11-18-a-12.32.57.png","jetpack_sharing_enabled":true,"jetpack_shortlink":"https:\/\/wp.me\/p8Dhaa-E8","jetpack_likes_enabled":true,"jetpack-related-posts":[{"id":2596,"url":"https:\/\/av.arbeaumont.eu\/index.php\/2022\/01\/08\/le-suedage-ou-comment-faire-un-film-en-2-minutes\/","url_meta":{"origin":2488,"position":0},"title":"Le su\u00e9dage ou comment faire un film en 2 minutes","date":"8 janvier 2022","format":false,"excerpt":"En octobre 2021, nous avons eu l'occasion de nous rendre au FIFF Namur. Apr\u00e8s une belle matin\u00e9e de courts-m\u00e9trages sur les migrations, nous avons test\u00e9 un nouvel atelier : le su\u00e9dage. En quoi \u00e7a consiste? L\u00e9a Laurent et Alexis Bosi vous expliquent. https:\/\/youtu.be\/W5HqztRAf5o","rel":"","context":"Dans &quot;Reportages&quot;","img":{"alt_text":"","src":"https:\/\/i0.wp.com\/av.arbeaumont.eu\/wp-content\/uploads\/2022\/01\/Capture-decran-2022-01-08-a-14.25.41.png?resize=350%2C200&ssl=1","width":350,"height":200},"classes":[]},{"id":881,"url":"https:\/\/av.arbeaumont.eu\/index.php\/2018\/06\/11\/les-3-auvergnats\/","url_meta":{"origin":2488,"position":1},"title":"LES 3 AUVERGNATS","date":"11 juin 2018","format":false,"excerpt":"Le caf\u00e9 culturel Ancien professeur de morale, Geoffroy, barman au caf\u00e9 culturel \u00ab\u00a0Les 3 auvergnats\u00a0\u00bb, a d\u00e9cid\u00e9 d\u2019arr\u00eater l\u2019enseignement pour ouvrir un caf\u00e9 tr\u00e8s particulier. Passionn\u00e9 de musique depuis plus de 18 ans, il r\u00eavait d\u2019ouvrir cet \u00e9tablissement o\u00f9 les concerts sont source de bonheur chaque semaine. PROPOS RECUEILLIS PAR\u2026","rel":"","context":"Dans &quot;En radio&quot;","img":{"alt_text":"","src":"https:\/\/i0.wp.com\/av.arbeaumont.eu\/wp-content\/uploads\/2018\/06\/photo-16-examen_.jpg?resize=350%2C200&ssl=1","width":350,"height":200},"classes":[]},{"id":2204,"url":"https:\/\/av.arbeaumont.eu\/index.php\/2021\/03\/30\/linterview-pour-les-nuls\/","url_meta":{"origin":2488,"position":2},"title":"L&rsquo;interview pour les nuls","date":"30 mars 2021","format":false,"excerpt":"Tu veux r\u00e9aliser une interview et tu ne sais pas comment t'y prendre? Regarde la le\u00e7on r\u00e9alis\u00e9e par les \u00e9l\u00e8ves de rh\u00e9tos. Ils te donnent tous les trucs et astuces pour r\u00e9aliser la meilleure interview possible. https:\/\/www.youtube.com\/watch?v=ktmpaxYOEIs","rel":"","context":"Dans &quot;Les courts-m\u00e9trages&quot;","img":{"alt_text":"","src":"https:\/\/i0.wp.com\/av.arbeaumont.eu\/wp-content\/uploads\/2021\/04\/Capture-decran-2021-04-02-a-12.14.18-1.png?resize=350%2C200&ssl=1","width":350,"height":200},"classes":[]},{"id":856,"url":"https:\/\/av.arbeaumont.eu\/index.php\/2018\/06\/11\/l-art-du-snack\/","url_meta":{"origin":2488,"position":3},"title":"IL A LA FRITE !","date":"11 juin 2018","format":false,"excerpt":"Lo\u00efs Cordisco, jeune restaurateur, tient la friterie du Parc, bien connue des habitants de la r\u00e9gion.\u00a0 Juste en face du parc de Beaumont, elle est appr\u00e9ci\u00e9e pour la qualit\u00e9 du service.\u00a0Nous sommes partis \u00e0 la rencontre du g\u00e9rant.\u00a0 Il nous d\u00e9crit ses journ\u00e9es, ses \u00e9tudes mais aussi les sp\u00e9cificit\u00e9s du\u2026","rel":"","context":"Dans &quot;En radio&quot;","img":{"alt_text":"","src":"https:\/\/i0.wp.com\/av.arbeaumont.eu\/wp-content\/uploads\/2018\/06\/portrait.jpg?resize=350%2C200&ssl=1","width":350,"height":200},"classes":[]},{"id":2491,"url":"https:\/\/av.arbeaumont.eu\/index.php\/2022\/01\/08\/je-ne-suis-pas-comme-les-autres\/","url_meta":{"origin":2488,"position":4},"title":"Je ne suis pas comme les autres","date":"8 janvier 2022","format":false,"excerpt":"A-t-on le droit d'\u00eatre diff\u00e9rent? Comment l'assumer, accepter le regard des autres et se sentir bien dans sa peau? Qui sommes-nous vraiment? Un court-m\u00e9trage r\u00e9alis\u00e9 par Oph\u00e9lia Ottelet. https:\/\/youtu.be\/bU32rej3Nzk","rel":"","context":"Dans &quot;Les courts-m\u00e9trages&quot;","img":{"alt_text":"","src":"https:\/\/i0.wp.com\/av.arbeaumont.eu\/wp-content\/uploads\/2022\/01\/Capture-decran-2022-01-08-a-09.42.21.png?resize=350%2C200&ssl=1","width":350,"height":200},"classes":[]},{"id":2123,"url":"https:\/\/av.arbeaumont.eu\/index.php\/2021\/04\/01\/un-jour-tu-comprendras\/","url_meta":{"origin":2488,"position":5},"title":"Un jour, tu comprendras","date":"1 avril 2021","format":false,"excerpt":"Si tu apprends \u00e0 regarder au-del\u00e0 des apparences et \u00e0 vivre pleinement ta diff\u00e9rence, un jour, tu pourras te r\u00e9v\u00e9ler.\u00a0\u00a0Ce jour-l\u00e0, tu comprendras comment \u00eatre toi. https:\/\/youtu.be\/1vBVTdVwIPk","rel":"","context":"Dans &quot;Les courts-m\u00e9trages&quot;","img":{"alt_text":"","src":"https:\/\/i0.wp.com\/av.arbeaumont.eu\/wp-content\/uploads\/2021\/04\/Capture-decran-2021-04-01-a-13.45.26.png?resize=350%2C200&ssl=1","width":350,"height":200},"classes":[]}],"amp_enabled":true,"_links":{"self":[{"href":"https:\/\/av.arbeaumont.eu\/index.php\/wp-json\/wp\/v2\/posts\/2488","targetHints":{"allow":["GET"]}}],"collection":[{"href":"https:\/\/av.arbeaumont.eu\/index.php\/wp-json\/wp\/v2\/posts"}],"about":[{"href":"https:\/\/av.arbeaumont.eu\/index.php\/wp-json\/wp\/v2\/types\/post"}],"author":[{"embeddable":true,"href":"https:\/\/av.arbeaumont.eu\/index.php\/wp-json\/wp\/v2\/users\/1"}],"replies":[{"embeddable":true,"href":"https:\/\/av.arbeaumont.eu\/index.php\/wp-json\/wp\/v2\/comments?post=2488"}],"version-history":[{"count":1,"href":"https:\/\/av.arbeaumont.eu\/index.php\/wp-json\/wp\/v2\/posts\/2488\/revisions"}],"predecessor-version":[{"id":2490,"href":"https:\/\/av.arbeaumont.eu\/index.php\/wp-json\/wp\/v2\/posts\/2488\/revisions\/2490"}],"wp:featuredmedia":[{"embeddable":true,"href":"https:\/\/av.arbeaumont.eu\/index.php\/wp-json\/wp\/v2\/media\/2489"}],"wp:attachment":[{"href":"https:\/\/av.arbeaumont.eu\/index.php\/wp-json\/wp\/v2\/media?parent=2488"}],"wp:term":[{"taxonomy":"category","embeddable":true,"href":"https:\/\/av.arbeaumont.eu\/index.php\/wp-json\/wp\/v2\/categories?post=2488"},{"taxonomy":"post_tag","embeddable":true,"href":"https:\/\/av.arbeaumont.eu\/index.php\/wp-json\/wp\/v2\/tags?post=2488"}],"curies":[{"name":"wp","href":"https:\/\/api.w.org\/{rel}","templated":true}]}}