{"id":2591,"date":"2022-01-08T14:02:54","date_gmt":"2022-01-08T13:02:54","guid":{"rendered":"https:\/\/av.arbeaumont.eu\/?p=2591"},"modified":"2022-01-08T14:02:59","modified_gmt":"2022-01-08T13:02:59","slug":"house-system","status":"publish","type":"post","link":"https:\/\/av.arbeaumont.eu\/index.php\/2022\/01\/08\/house-system\/","title":{"rendered":"House system"},"content":{"rendered":"\n<p>R\u00e9partir les \u00e9l\u00e8ves en maisons comme chez Harry Potter et vivre des d\u00e9fis toute l&rsquo;ann\u00e9e dans l&rsquo;objectif d&rsquo;am\u00e9liorer la pratique des langues, c&rsquo;est le principe du House system. Reportage en immersion avec Dorian Charles et Laura Menten.<\/p>\n\n\n\n<figure class=\"wp-block-embed is-type-video is-provider-youtube wp-block-embed-youtube wp-embed-aspect-16-9 wp-has-aspect-ratio\"><div class=\"wp-block-embed__wrapper\">\n<span class=\"embed-youtube\" style=\"text-align:center; display: block;\"><iframe loading=\"lazy\" class=\"youtube-player\" width=\"696\" height=\"392\" src=\"https:\/\/www.youtube.com\/embed\/qAvRkwrMg_o?version=3&#038;rel=1&#038;showsearch=0&#038;showinfo=1&#038;iv_load_policy=1&#038;fs=1&#038;hl=fr-FR&#038;autohide=2&#038;wmode=transparent\" allowfullscreen=\"true\" style=\"border:0;\" sandbox=\"allow-scripts allow-same-origin allow-popups allow-presentation\"><\/iframe><\/span>\n<\/div><\/figure>\n","protected":false},"excerpt":{"rendered":"<p>R\u00e9partir les \u00e9l\u00e8ves en maisons comme chez Harry Potter et vivre des d\u00e9fis toute l&rsquo;ann\u00e9e dans l&rsquo;objectif d&rsquo;am\u00e9liorer la pratique des langues, c&rsquo;est le principe du House system. Reportage en immersion avec Dorian Charles et Laura Menten.<\/p>\n","protected":false},"author":1,"featured_media":2592,"comment_status":"open","ping_status":"closed","sticky":false,"template":"","format":"standard","meta":{"jetpack_post_was_ever_published":false,"footnotes":""},"categories":[16],"tags":[],"class_list":{"0":"post-2591","1":"post","2":"type-post","3":"status-publish","4":"format-standard","5":"has-post-thumbnail","7":"category-reportages-videos"},"jetpack_featured_media_url":"https:\/\/av.arbeaumont.eu\/wp-content\/uploads\/2022\/01\/Capture-decran-2022-01-08-a-14.01.49.png","jetpack_sharing_enabled":true,"jetpack_shortlink":"https:\/\/wp.me\/p8Dhaa-FN","jetpack_likes_enabled":true,"jetpack-related-posts":[{"id":1557,"url":"https:\/\/av.arbeaumont.eu\/index.php\/2019\/04\/10\/technologie-des-appareils-audiovisuels\/","url_meta":{"origin":2591,"position":0},"title":"Technologie des appareils audiovisuels (1 heure)","date":"10 avril 2019","format":false,"excerpt":"Objectifs g\u00e9n\u00e9raux D\u00e9couverte- ou r\u00e9vision pour certains \u00e9l\u00e8ves- des techniques et des appareils audiovisuels de base ;\u00a0acqu\u00e9rir et m\u00e9moriser le vocabulaire technique pratiqu\u00e9 dans le domaine de l\u2019image (fixe et anim\u00e9e) et du son ; Comprendre et assimiler les techniques de base et les possibilit\u00e9s des diff\u00e9rents mat\u00e9riels ; Faire\u2026","rel":"","context":"Dans &quot;5e ann\u00e9e&quot;","img":{"alt_text":"","src":"https:\/\/i0.wp.com\/av.arbeaumont.eu\/wp-content\/uploads\/2019\/04\/Amok-3resize.jpg?resize=350%2C200&ssl=1","width":350,"height":200},"classes":[]},{"id":1553,"url":"https:\/\/av.arbeaumont.eu\/index.php\/2019\/04\/10\/psychopedagogie-de-limage-1-heure\/","url_meta":{"origin":2591,"position":1},"title":"Psychop\u00e9dagogie de l&rsquo;image (1 heure)","date":"10 avril 2019","format":false,"excerpt":"Objectifs g\u00e9n\u00e9raux Prendre conscience d\u2019un langage de et par l\u2019image, de et par le son. Analyser des productions \u00e0 partir de trois axes compl\u00e9mentaires : La d\u00e9notation et la connotation des images et des sons. L\u2019aspect technique et l\u2019aspect esth\u00e9tique de la r\u00e9alisation ; Le volet communication et\/ou expression dans\u2026","rel":"","context":"Dans &quot;5e ann\u00e9e&quot;","img":{"alt_text":"","src":"https:\/\/i0.wp.com\/av.arbeaumont.eu\/wp-content\/uploads\/2019\/04\/Technologie-3resize.jpg?resize=350%2C200&ssl=1","width":350,"height":200},"classes":[]},{"id":1531,"url":"https:\/\/av.arbeaumont.eu\/index.php\/2019\/04\/10\/laboratoire-et-technologie\/","url_meta":{"origin":2591,"position":2},"title":"Laboratoire et technologie (3 heures)","date":"10 avril 2019","format":false,"excerpt":"Objectifs g\u00e9n\u00e9raux Il s\u2019agit ici essentiellement de mettre en pratique les diff\u00e9rentes notions vues au cours (plus th\u00e9orique) de Technologie, par le biais de travaux individuels ou de groupes r\u00e9pondant \u00e0 des exigences \u00e0 la fois techniques et artistiques, mais si possible aussi \u00e0 des finalit\u00e9s concr\u00e8tes et motivantes pour\u2026","rel":"","context":"Dans &quot;3e ann\u00e9e&quot;","img":{"alt_text":"","src":"https:\/\/i0.wp.com\/av.arbeaumont.eu\/wp-content\/uploads\/2019\/04\/Hiver-TTR-7resize.jpg?resize=350%2C200&ssl=1","width":350,"height":200},"classes":[]},{"id":1521,"url":"https:\/\/av.arbeaumont.eu\/index.php\/2019\/04\/10\/dessin-decoratif-3e-annee\/","url_meta":{"origin":2591,"position":3},"title":"Dessin d\u00e9coratif  (2 heures)","date":"10 avril 2019","format":false,"excerpt":"Objectifs g\u00e9n\u00e9raux Perfectionner l\u2019observation et le rendu, par la ligne, la valeur, la couleur, la mati\u00e8re des \u00e9l\u00e9ments de la r\u00e9alit\u00e9. Exp\u00e9rimenter des techniques vari\u00e9es permettant de mat\u00e9rialiser des repr\u00e9sentations ou des cr\u00e9ations dans le domaine plastique. D\u00e9velopper la cr\u00e9ativit\u00e9 et l\u2019expression personnelle. Etablir une continuit\u00e9 entre le 1er degr\u00e9\u2026","rel":"","context":"Dans &quot;3e ann\u00e9e&quot;","img":{"alt_text":"","src":"","width":0,"height":0},"classes":[]},{"id":1566,"url":"https:\/\/av.arbeaumont.eu\/index.php\/2019\/04\/10\/productions-audiovisuelles-4-heures\/","url_meta":{"origin":2591,"position":4},"title":"Productions audiovisuelles (4 heures)","date":"10 avril 2019","format":false,"excerpt":"Objectifs g\u00e9n\u00e9raux Mettre en application l\u2019ensemble des apprentissages effectu\u00e9s dans les diff\u00e9rents cours de la formation (cours d\u2019Image fixe, d\u2019Image anim\u00e9e et de Technologie des appareils audiovisuels notamment) en menant \u00e0 bien un projet complet, individuel ou collectif, multidisciplinaire et innovant. Exp\u00e9rimenter et\/ou approfondir les techniques de montages audiovisuels. Apprendre\u2026","rel":"","context":"Dans &quot;6e ann\u00e9e&quot;","img":{"alt_text":"","src":"https:\/\/i0.wp.com\/av.arbeaumont.eu\/wp-content\/uploads\/2018\/06\/Auschwitz-2-3.jpg?resize=350%2C200&ssl=1","width":350,"height":200},"classes":[]},{"id":1555,"url":"https:\/\/av.arbeaumont.eu\/index.php\/2019\/04\/10\/psychopedagogie-de-limage-1-heure-2\/","url_meta":{"origin":2591,"position":5},"title":"Psychop\u00e9dagogie de l&rsquo;image (1 heure)","date":"10 avril 2019","format":false,"excerpt":"Objectifs g\u00e9n\u00e9raux Approfondir et\/ou nuancer les notions abord\u00e9es en cinqui\u00e8me dans les cours de Psychop\u00e9dagogie de l\u2019Audiovisuel et d\u2019Education aux m\u00e9dias, notamment : Conna\u00eetre les processus de communication en g\u00e9n\u00e9ral. Percevoir et analyser les m\u00e9canismes de manipulation utilis\u00e9s couramment par les m\u00e9dias, t\u00e9l\u00e9visuels surtout, et leurs cons\u00e9quences \u2013conscientes ou inconscientes-\u2026","rel":"","context":"Dans &quot;6e ann\u00e9e&quot;","img":{"alt_text":"","src":"https:\/\/i0.wp.com\/av.arbeaumont.eu\/wp-content\/uploads\/2019\/04\/DEL_4229resize.jpg?resize=350%2C200&ssl=1","width":350,"height":200},"classes":[]}],"amp_enabled":true,"_links":{"self":[{"href":"https:\/\/av.arbeaumont.eu\/index.php\/wp-json\/wp\/v2\/posts\/2591","targetHints":{"allow":["GET"]}}],"collection":[{"href":"https:\/\/av.arbeaumont.eu\/index.php\/wp-json\/wp\/v2\/posts"}],"about":[{"href":"https:\/\/av.arbeaumont.eu\/index.php\/wp-json\/wp\/v2\/types\/post"}],"author":[{"embeddable":true,"href":"https:\/\/av.arbeaumont.eu\/index.php\/wp-json\/wp\/v2\/users\/1"}],"replies":[{"embeddable":true,"href":"https:\/\/av.arbeaumont.eu\/index.php\/wp-json\/wp\/v2\/comments?post=2591"}],"version-history":[{"count":1,"href":"https:\/\/av.arbeaumont.eu\/index.php\/wp-json\/wp\/v2\/posts\/2591\/revisions"}],"predecessor-version":[{"id":2593,"href":"https:\/\/av.arbeaumont.eu\/index.php\/wp-json\/wp\/v2\/posts\/2591\/revisions\/2593"}],"wp:featuredmedia":[{"embeddable":true,"href":"https:\/\/av.arbeaumont.eu\/index.php\/wp-json\/wp\/v2\/media\/2592"}],"wp:attachment":[{"href":"https:\/\/av.arbeaumont.eu\/index.php\/wp-json\/wp\/v2\/media?parent=2591"}],"wp:term":[{"taxonomy":"category","embeddable":true,"href":"https:\/\/av.arbeaumont.eu\/index.php\/wp-json\/wp\/v2\/categories?post=2591"},{"taxonomy":"post_tag","embeddable":true,"href":"https:\/\/av.arbeaumont.eu\/index.php\/wp-json\/wp\/v2\/tags?post=2591"}],"curies":[{"name":"wp","href":"https:\/\/api.w.org\/{rel}","templated":true}]}}