{"id":2607,"date":"2022-01-08T14:47:28","date_gmt":"2022-01-08T13:47:28","guid":{"rendered":"https:\/\/av.arbeaumont.eu\/?p=2607"},"modified":"2022-01-08T14:47:32","modified_gmt":"2022-01-08T13:47:32","slug":"la-farce-de-noel","status":"publish","type":"post","link":"https:\/\/av.arbeaumont.eu\/index.php\/2022\/01\/08\/la-farce-de-noel\/","title":{"rendered":"La farce de No\u00ebl"},"content":{"rendered":"\n<p>Et si le P\u00e8re No\u00ebl vous jouait des tours au point de g\u00e2cher votre soir\u00e9e de No\u00ebl?  C&rsquo;est la m\u00e9saventure imagin\u00e9e par Molly Vandewinckel dans le cadre du Festival de No\u00ebl de Solre-sur-Sambre (2021).  Un court-m\u00e9trage qui lui a permis de remporter 5 place de cin\u00e9ma.  Bravo Molly!<\/p>\n\n\n\n<figure class=\"wp-block-embed is-type-video is-provider-youtube wp-block-embed-youtube wp-embed-aspect-16-9 wp-has-aspect-ratio\"><div class=\"wp-block-embed__wrapper\">\n<span class=\"embed-youtube\" style=\"text-align:center; display: block;\"><iframe loading=\"lazy\" class=\"youtube-player\" width=\"696\" height=\"392\" src=\"https:\/\/www.youtube.com\/embed\/4RexVmf18D4?version=3&#038;rel=1&#038;showsearch=0&#038;showinfo=1&#038;iv_load_policy=1&#038;fs=1&#038;hl=fr-FR&#038;autohide=2&#038;wmode=transparent\" allowfullscreen=\"true\" style=\"border:0;\" sandbox=\"allow-scripts allow-same-origin allow-popups allow-presentation\"><\/iframe><\/span>\n<\/div><\/figure>\n","protected":false},"excerpt":{"rendered":"<p>Et si le P\u00e8re No\u00ebl vous jouait des tours au point de g\u00e2cher votre soir\u00e9e de No\u00ebl? C&rsquo;est la m\u00e9saventure imagin\u00e9e par Molly Vandewinckel dans le cadre du Festival de No\u00ebl de Solre-sur-Sambre (2021). Un court-m\u00e9trage qui lui a permis de remporter 5 place de cin\u00e9ma. Bravo Molly!<\/p>\n","protected":false},"author":1,"featured_media":2608,"comment_status":"open","ping_status":"closed","sticky":false,"template":"","format":"standard","meta":{"jetpack_post_was_ever_published":false,"footnotes":""},"categories":[23],"tags":[],"class_list":{"0":"post-2607","1":"post","2":"type-post","3":"status-publish","4":"format-standard","5":"has-post-thumbnail","7":"category-les-courts-metrages"},"jetpack_featured_media_url":"https:\/\/av.arbeaumont.eu\/wp-content\/uploads\/2022\/01\/Capture-decran-2022-01-08-a-14.45.24.png","jetpack_sharing_enabled":true,"jetpack_shortlink":"https:\/\/wp.me\/p8Dhaa-G3","jetpack_likes_enabled":true,"jetpack-related-posts":[{"id":2603,"url":"https:\/\/av.arbeaumont.eu\/index.php\/2022\/01\/08\/un-noel-ordinaire\/","url_meta":{"origin":2607,"position":0},"title":"Un No\u00ebl ordinaire","date":"8 janvier 2022","format":false,"excerpt":"Dans le cadre du Festival de No\u00ebl de Solre-sur-Sambre (2021), certains \u00e9l\u00e8ves de 5e ont r\u00e9alis\u00e9 un court-m\u00e9trage sur le th\u00e8me d'un \"No\u00ebl pourri\". L\u00e9o Mabille a ainsi produit son premier court-m\u00e9trage sur le drame de la solitude. https:\/\/youtu.be\/JWMICCWpD4U","rel":"","context":"Dans &quot;Les courts-m\u00e9trages&quot;","img":{"alt_text":"","src":"https:\/\/i0.wp.com\/av.arbeaumont.eu\/wp-content\/uploads\/2022\/01\/Capture-decran-2022-01-08-a-14.40.09.png?resize=350%2C200&ssl=1","width":350,"height":200},"classes":[]},{"id":1834,"url":"https:\/\/av.arbeaumont.eu\/index.php\/2020\/03\/08\/la-feerie-de-noel-en-photos\/","url_meta":{"origin":2607,"position":1},"title":"La f\u00e9\u00e9rie de No\u00ebl en photos","date":"8 mars 2020","format":false,"excerpt":"","rel":"","context":"Dans &quot;Photos&quot;","img":{"alt_text":"","src":"https:\/\/i0.wp.com\/av.arbeaumont.eu\/wp-content\/uploads\/2020\/03\/sans-titre-12.jpg?resize=350%2C200&ssl=1","width":350,"height":200},"classes":[]},{"id":903,"url":"https:\/\/av.arbeaumont.eu\/index.php\/2018\/06\/10\/la-reference-du-chocolat-a-beaumont\/","url_meta":{"origin":2607,"position":2},"title":"LA REFERENCE DU CHOCOLAT","date":"10 juin 2018","format":false,"excerpt":"Alain Bressant est l\u2019un des principaux chocolatiers de la r\u00e9gion.\u00a0 Avec 25 ann\u00e9es de pratique \u00e0 son actif, Ce beaumontois d\u2019origine vous dit tout\u00a0sur l\u2019or noir! Propos recueillis par Maxime Stilmant, \u00e9l\u00e8ve de 3eaudiovisuel \u00e0 l\u2019ath\u00e9n\u00e9e royal de Beaumont. En quoi consiste votre m\u00e9tier\u00a0? Fabriquer du chocolat, des pralines, des\u2026","rel":"","context":"Dans &quot;En radio&quot;","img":{"alt_text":"","src":"https:\/\/i0.wp.com\/av.arbeaumont.eu\/wp-content\/uploads\/2018\/06\/photo-19.jpg?resize=350%2C200&ssl=1","width":350,"height":200},"classes":[]},{"id":2052,"url":"https:\/\/av.arbeaumont.eu\/index.php\/2020\/04\/16\/campagne-contre-le-harcelement\/","url_meta":{"origin":2607,"position":3},"title":"Campagne contre le harc\u00e8lement","date":"16 avril 2020","format":false,"excerpt":"En d\u00e9but d'ann\u00e9e, les classes de 3e, 4e et 6e audiovisuel se sont lanc\u00e9es dans un vaste projet relatif au harc\u00e8lement. L'id\u00e9e \u00e9tait de sensibiliser le public \u00e0 cette probl\u00e9matique au travers de la r\u00e9alisation d'affiches et de spots publicitaires. La fermeture des \u00e9coles en raison du confinement ne nous\u2026","rel":"","context":"Dans &quot;Affiches&quot;","img":{"alt_text":"","src":"https:\/\/i0.wp.com\/av.arbeaumont.eu\/wp-content\/uploads\/2020\/04\/AFFICHE-LUPU-STEFANIA-3TTR-2-scaled.jpg?resize=350%2C200&ssl=1","width":350,"height":200},"classes":[]}],"amp_enabled":true,"_links":{"self":[{"href":"https:\/\/av.arbeaumont.eu\/index.php\/wp-json\/wp\/v2\/posts\/2607","targetHints":{"allow":["GET"]}}],"collection":[{"href":"https:\/\/av.arbeaumont.eu\/index.php\/wp-json\/wp\/v2\/posts"}],"about":[{"href":"https:\/\/av.arbeaumont.eu\/index.php\/wp-json\/wp\/v2\/types\/post"}],"author":[{"embeddable":true,"href":"https:\/\/av.arbeaumont.eu\/index.php\/wp-json\/wp\/v2\/users\/1"}],"replies":[{"embeddable":true,"href":"https:\/\/av.arbeaumont.eu\/index.php\/wp-json\/wp\/v2\/comments?post=2607"}],"version-history":[{"count":2,"href":"https:\/\/av.arbeaumont.eu\/index.php\/wp-json\/wp\/v2\/posts\/2607\/revisions"}],"predecessor-version":[{"id":2610,"href":"https:\/\/av.arbeaumont.eu\/index.php\/wp-json\/wp\/v2\/posts\/2607\/revisions\/2610"}],"wp:featuredmedia":[{"embeddable":true,"href":"https:\/\/av.arbeaumont.eu\/index.php\/wp-json\/wp\/v2\/media\/2608"}],"wp:attachment":[{"href":"https:\/\/av.arbeaumont.eu\/index.php\/wp-json\/wp\/v2\/media?parent=2607"}],"wp:term":[{"taxonomy":"category","embeddable":true,"href":"https:\/\/av.arbeaumont.eu\/index.php\/wp-json\/wp\/v2\/categories?post=2607"},{"taxonomy":"post_tag","embeddable":true,"href":"https:\/\/av.arbeaumont.eu\/index.php\/wp-json\/wp\/v2\/tags?post=2607"}],"curies":[{"name":"wp","href":"https:\/\/api.w.org\/{rel}","templated":true}]}}