{"id":2819,"date":"2023-02-22T18:07:25","date_gmt":"2023-02-22T17:07:25","guid":{"rendered":"https:\/\/av.arbeaumont.eu\/?p=2819"},"modified":"2023-02-22T18:07:46","modified_gmt":"2023-02-22T17:07:46","slug":"un-moment-de-paix","status":"publish","type":"post","link":"https:\/\/av.arbeaumont.eu\/index.php\/2023\/02\/22\/un-moment-de-paix\/","title":{"rendered":"Un moment de paix"},"content":{"rendered":"\n<p>Un court-m\u00e9trage r\u00e9alis\u00e9 par Alexis Bosi 6TTR (2022)<\/p>\n\n\n\n<figure class=\"wp-block-embed is-type-video is-provider-youtube wp-block-embed-youtube wp-embed-aspect-16-9 wp-has-aspect-ratio\"><div class=\"wp-block-embed__wrapper\">\n<span class=\"embed-youtube\" style=\"text-align:center; display: block;\"><iframe loading=\"lazy\" class=\"youtube-player\" width=\"696\" height=\"392\" src=\"https:\/\/www.youtube.com\/embed\/2aag2Jm8Gto?version=3&#038;rel=1&#038;showsearch=0&#038;showinfo=1&#038;iv_load_policy=1&#038;fs=1&#038;hl=fr-FR&#038;autohide=2&#038;wmode=transparent\" allowfullscreen=\"true\" style=\"border:0;\" sandbox=\"allow-scripts allow-same-origin allow-popups allow-presentation\"><\/iframe><\/span>\n<\/div><\/figure>\n","protected":false},"excerpt":{"rendered":"<p>Un court-m\u00e9trage r\u00e9alis\u00e9 par Alexis Bosi 6TTR (2022)<\/p>\n","protected":false},"author":1,"featured_media":2821,"comment_status":"open","ping_status":"closed","sticky":false,"template":"","format":"standard","meta":{"jetpack_post_was_ever_published":false,"footnotes":""},"categories":[23],"tags":[],"class_list":{"0":"post-2819","1":"post","2":"type-post","3":"status-publish","4":"format-standard","5":"has-post-thumbnail","7":"category-les-courts-metrages"},"jetpack_featured_media_url":"https:\/\/av.arbeaumont.eu\/wp-content\/uploads\/2023\/02\/Capture-decran-2023-02-22-a-18.06.45.jpg","jetpack_sharing_enabled":true,"jetpack_shortlink":"https:\/\/wp.me\/p8Dhaa-Jt","jetpack_likes_enabled":true,"jetpack-related-posts":[{"id":2824,"url":"https:\/\/av.arbeaumont.eu\/index.php\/2023\/02\/22\/cauchemar\/","url_meta":{"origin":2819,"position":0},"title":"Cauchemar","date":"22 f\u00e9vrier 2023","format":false,"excerpt":"Un court-m\u00e9trage r\u00e9alis\u00e9 par Dorian Charles - 6TTR (2022) https:\/\/www.youtube.com\/watch?v=nmKsARewng0","rel":"","context":"Dans &quot;Les courts-m\u00e9trages&quot;","img":{"alt_text":"","src":"https:\/\/i0.wp.com\/av.arbeaumont.eu\/wp-content\/uploads\/2023\/02\/Capture-decran-2023-02-22-a-18.09.41.jpg?resize=350%2C200&ssl=1","width":350,"height":200},"classes":[]},{"id":2829,"url":"https:\/\/av.arbeaumont.eu\/index.php\/2023\/02\/22\/dependance\/","url_meta":{"origin":2819,"position":1},"title":"D\u00e9pendance","date":"22 f\u00e9vrier 2023","format":false,"excerpt":"Un court-m\u00e9trage r\u00e9alis\u00e9 par Lara Van Looy - 6TTR (2022) https:\/\/www.youtube.com\/watch?v=55Qajg-wWmo&t=1s","rel":"","context":"Dans &quot;Les courts-m\u00e9trages&quot;","img":{"alt_text":"","src":"https:\/\/i0.wp.com\/av.arbeaumont.eu\/wp-content\/uploads\/2023\/02\/Capture-decran-2023-02-22-a-18.13.57.jpg?resize=350%2C200&ssl=1","width":350,"height":200},"classes":[]},{"id":2508,"url":"https:\/\/av.arbeaumont.eu\/index.php\/2022\/01\/08\/taedium\/","url_meta":{"origin":2819,"position":2},"title":"Taedium","date":"8 janvier 2022","format":false,"excerpt":"Les jours se succ\u00e8dent et se ressemblent tous. Rien ne te donne envie d'avancer alors \u00e0 quoi bon. Un court-m\u00e9trage r\u00e9alis\u00e9 par Alexis Burnotte (2021) https:\/\/youtu.be\/VYAICiA-Sp8","rel":"","context":"Dans &quot;Les courts-m\u00e9trages&quot;","img":{"alt_text":"","src":"https:\/\/i0.wp.com\/av.arbeaumont.eu\/wp-content\/uploads\/2022\/01\/Capture-decran-2022-01-08-a-11.11.06.png?resize=350%2C200&ssl=1","width":350,"height":200},"classes":[]},{"id":2119,"url":"https:\/\/av.arbeaumont.eu\/index.php\/2021\/04\/01\/barrieres\/","url_meta":{"origin":2819,"position":3},"title":"Barri\u00e8res","date":"1 avril 2021","format":false,"excerpt":"Lors d\u2019un cours de yoga donn\u00e9 \u00e0 Barcelone, un groupe d\u2019\u00e9tudiants francophones se retrouve confront\u00e9 au malaise d\u2019un professeur espagnol.\u00a0\u00a0En pleine crise Covid-19, qui osera sauver\u00a0cette \u00e9trang\u00e8re qui ne parle pas leur langue ?\u00a0Un court-m\u00e9trage collectif r\u00e9alis\u00e9 par les \u00e9l\u00e8ves de 5e audiovisuel (2020-2021). https:\/\/www.youtube.com\/watch?v=trGXADyuj-Y","rel":"","context":"Dans &quot;Les courts-m\u00e9trages&quot;","img":{"alt_text":"","src":"https:\/\/i0.wp.com\/av.arbeaumont.eu\/wp-content\/uploads\/2021\/04\/Capture-decran-2021-04-01-a-13.34.53.png?resize=350%2C200&ssl=1","width":350,"height":200},"classes":[]},{"id":3196,"url":"https:\/\/av.arbeaumont.eu\/index.php\/2026\/03\/13\/cours-a-rebours\/","url_meta":{"origin":2819,"position":4},"title":"\u00ab\u00a0Cours \u00e0 rebours\u00a0\u00bb","date":"13 mars 2026","format":false,"excerpt":"Notre premier film au cin\u00e9ma ! En 2025, nous avons r\u00e9alis\u00e9 un court-m\u00e9trage de fiction en collaboration avec l'ITCF Erquelinnes. Les \u00e9l\u00e8ves de l'ITCF ont \u00e9crit le sc\u00e9nario avec l'aide de l'association Ithac et nous avons tourn\u00e9, mont\u00e9 et mix\u00e9 le court-m\u00e9trage. Un d\u00e9fi hors norme qui a n\u00e9cessit\u00e9 de\u2026","rel":"","context":"Dans &quot;Les courts-m\u00e9trages&quot;","img":{"alt_text":"","src":"https:\/\/i0.wp.com\/av.arbeaumont.eu\/wp-content\/uploads\/2026\/03\/Court-metrage-Erquelinnes.jpg?resize=350%2C200&ssl=1","width":350,"height":200},"classes":[]},{"id":2497,"url":"https:\/\/av.arbeaumont.eu\/index.php\/2022\/01\/08\/le-sport-mon-reve\/","url_meta":{"origin":2819,"position":5},"title":"Mon sport, mon r\u00eave","date":"8 janvier 2022","format":false,"excerpt":"Di\u00e9go est un grand sportif!? Vrai ou faux? A vous de le d\u00e9couvrir dans ce court-m\u00e9trage sign\u00e9 Nathan Tassin, 6TTR (2021) https:\/\/youtu.be\/MJEOt9M-PdI","rel":"","context":"Dans &quot;Les courts-m\u00e9trages&quot;","img":{"alt_text":"","src":"https:\/\/i0.wp.com\/av.arbeaumont.eu\/wp-content\/uploads\/2022\/01\/Capture-decran-2022-01-08-a-10.02.18.png?resize=350%2C200&ssl=1","width":350,"height":200},"classes":[]}],"amp_enabled":true,"_links":{"self":[{"href":"https:\/\/av.arbeaumont.eu\/index.php\/wp-json\/wp\/v2\/posts\/2819","targetHints":{"allow":["GET"]}}],"collection":[{"href":"https:\/\/av.arbeaumont.eu\/index.php\/wp-json\/wp\/v2\/posts"}],"about":[{"href":"https:\/\/av.arbeaumont.eu\/index.php\/wp-json\/wp\/v2\/types\/post"}],"author":[{"embeddable":true,"href":"https:\/\/av.arbeaumont.eu\/index.php\/wp-json\/wp\/v2\/users\/1"}],"replies":[{"embeddable":true,"href":"https:\/\/av.arbeaumont.eu\/index.php\/wp-json\/wp\/v2\/comments?post=2819"}],"version-history":[{"count":1,"href":"https:\/\/av.arbeaumont.eu\/index.php\/wp-json\/wp\/v2\/posts\/2819\/revisions"}],"predecessor-version":[{"id":2822,"href":"https:\/\/av.arbeaumont.eu\/index.php\/wp-json\/wp\/v2\/posts\/2819\/revisions\/2822"}],"wp:featuredmedia":[{"embeddable":true,"href":"https:\/\/av.arbeaumont.eu\/index.php\/wp-json\/wp\/v2\/media\/2821"}],"wp:attachment":[{"href":"https:\/\/av.arbeaumont.eu\/index.php\/wp-json\/wp\/v2\/media?parent=2819"}],"wp:term":[{"taxonomy":"category","embeddable":true,"href":"https:\/\/av.arbeaumont.eu\/index.php\/wp-json\/wp\/v2\/categories?post=2819"},{"taxonomy":"post_tag","embeddable":true,"href":"https:\/\/av.arbeaumont.eu\/index.php\/wp-json\/wp\/v2\/tags?post=2819"}],"curies":[{"name":"wp","href":"https:\/\/api.w.org\/{rel}","templated":true}]}}