{"id":2856,"date":"2023-02-22T20:12:07","date_gmt":"2023-02-22T19:12:07","guid":{"rendered":"https:\/\/av.arbeaumont.eu\/?p=2856"},"modified":"2023-02-22T20:16:53","modified_gmt":"2023-02-22T19:16:53","slug":"la-journee-sans-sac-en-photos","status":"publish","type":"post","link":"https:\/\/av.arbeaumont.eu\/index.php\/2023\/02\/22\/la-journee-sans-sac-en-photos\/","title":{"rendered":"La journ\u00e9e sans sac en photos"},"content":{"rendered":"\n<p>Cette ann\u00e9e, nous avons invit\u00e9 les \u00e9l\u00e8ves de rh\u00e9tos \u00e0 immortaliser \u00ab\u00a0la journ\u00e9e sans sac\u00a0\u00bb.   Voici les photos prises par les \u00e9l\u00e8ves de 5e audiovisuel (2023).<\/p>\n\n\n\n<figure data-carousel-extra='{\"blog_id\":1,\"permalink\":\"https:\\\/\\\/av.arbeaumont.eu\\\/index.php\\\/2023\\\/02\\\/22\\\/la-journee-sans-sac-en-photos\\\/\"}'  class=\"wp-block-gallery has-nested-images columns-default is-cropped wp-block-gallery-1 is-layout-flex wp-block-gallery-is-layout-flex\">\n<figure class=\"wp-block-image size-large\"><img loading=\"lazy\" decoding=\"async\" width=\"683\" height=\"1024\" data-attachment-id=\"2858\" data-permalink=\"https:\/\/av.arbeaumont.eu\/index.php\/2023\/02\/22\/la-journee-sans-sac-en-photos\/dsc_0009\/\" data-orig-file=\"https:\/\/av.arbeaumont.eu\/wp-content\/uploads\/2023\/02\/DSC_0009.jpg\" data-orig-size=\"1365,2048\" data-comments-opened=\"1\" data-image-meta=\"{&quot;aperture&quot;:&quot;0&quot;,&quot;credit&quot;:&quot;&quot;,&quot;camera&quot;:&quot;&quot;,&quot;caption&quot;:&quot;&quot;,&quot;created_timestamp&quot;:&quot;0&quot;,&quot;copyright&quot;:&quot;Nathalie Papleux&quot;,&quot;focal_length&quot;:&quot;0&quot;,&quot;iso&quot;:&quot;0&quot;,&quot;shutter_speed&quot;:&quot;0&quot;,&quot;title&quot;:&quot;&quot;,&quot;orientation&quot;:&quot;0&quot;}\" data-image-title=\"DSC_0009\" data-image-description=\"\" data-image-caption=\"\" data-medium-file=\"https:\/\/av.arbeaumont.eu\/wp-content\/uploads\/2023\/02\/DSC_0009-200x300.jpg\" data-large-file=\"https:\/\/av.arbeaumont.eu\/wp-content\/uploads\/2023\/02\/DSC_0009-683x1024.jpg\" data-id=\"2858\" src=\"https:\/\/av.arbeaumont.eu\/wp-content\/uploads\/2023\/02\/DSC_0009-683x1024.jpg\" alt=\"\" class=\"wp-image-2858\" srcset=\"https:\/\/av.arbeaumont.eu\/wp-content\/uploads\/2023\/02\/DSC_0009-683x1024.jpg 683w, https:\/\/av.arbeaumont.eu\/wp-content\/uploads\/2023\/02\/DSC_0009-200x300.jpg 200w, https:\/\/av.arbeaumont.eu\/wp-content\/uploads\/2023\/02\/DSC_0009-768x1152.jpg 768w, https:\/\/av.arbeaumont.eu\/wp-content\/uploads\/2023\/02\/DSC_0009-1024x1536.jpg 1024w, https:\/\/av.arbeaumont.eu\/wp-content\/uploads\/2023\/02\/DSC_0009-696x1044.jpg 696w, https:\/\/av.arbeaumont.eu\/wp-content\/uploads\/2023\/02\/DSC_0009-1068x1602.jpg 1068w, https:\/\/av.arbeaumont.eu\/wp-content\/uploads\/2023\/02\/DSC_0009-280x420.jpg 280w, https:\/\/av.arbeaumont.eu\/wp-content\/uploads\/2023\/02\/DSC_0009.jpg 1365w\" sizes=\"auto, (max-width: 683px) 100vw, 683px\" \/><\/figure>\n\n\n\n<figure class=\"wp-block-image size-large\"><img loading=\"lazy\" decoding=\"async\" width=\"683\" height=\"1024\" data-attachment-id=\"2859\" data-permalink=\"https:\/\/av.arbeaumont.eu\/index.php\/2023\/02\/22\/la-journee-sans-sac-en-photos\/dsc_0058\/\" data-orig-file=\"https:\/\/av.arbeaumont.eu\/wp-content\/uploads\/2023\/02\/DSC_0058.jpg\" data-orig-size=\"1365,2048\" data-comments-opened=\"1\" data-image-meta=\"{&quot;aperture&quot;:&quot;0&quot;,&quot;credit&quot;:&quot;&quot;,&quot;camera&quot;:&quot;&quot;,&quot;caption&quot;:&quot;&quot;,&quot;created_timestamp&quot;:&quot;0&quot;,&quot;copyright&quot;:&quot;Nathalie Papleux&quot;,&quot;focal_length&quot;:&quot;0&quot;,&quot;iso&quot;:&quot;0&quot;,&quot;shutter_speed&quot;:&quot;0&quot;,&quot;title&quot;:&quot;&quot;,&quot;orientation&quot;:&quot;0&quot;}\" data-image-title=\"DSC_0058\" data-image-description=\"\" data-image-caption=\"\" data-medium-file=\"https:\/\/av.arbeaumont.eu\/wp-content\/uploads\/2023\/02\/DSC_0058-200x300.jpg\" data-large-file=\"https:\/\/av.arbeaumont.eu\/wp-content\/uploads\/2023\/02\/DSC_0058-683x1024.jpg\" data-id=\"2859\" src=\"https:\/\/av.arbeaumont.eu\/wp-content\/uploads\/2023\/02\/DSC_0058-683x1024.jpg\" alt=\"\" class=\"wp-image-2859\" srcset=\"https:\/\/av.arbeaumont.eu\/wp-content\/uploads\/2023\/02\/DSC_0058-683x1024.jpg 683w, https:\/\/av.arbeaumont.eu\/wp-content\/uploads\/2023\/02\/DSC_0058-200x300.jpg 200w, https:\/\/av.arbeaumont.eu\/wp-content\/uploads\/2023\/02\/DSC_0058-768x1152.jpg 768w, https:\/\/av.arbeaumont.eu\/wp-content\/uploads\/2023\/02\/DSC_0058-1024x1536.jpg 1024w, https:\/\/av.arbeaumont.eu\/wp-content\/uploads\/2023\/02\/DSC_0058-696x1044.jpg 696w, https:\/\/av.arbeaumont.eu\/wp-content\/uploads\/2023\/02\/DSC_0058-1068x1602.jpg 1068w, https:\/\/av.arbeaumont.eu\/wp-content\/uploads\/2023\/02\/DSC_0058-280x420.jpg 280w, https:\/\/av.arbeaumont.eu\/wp-content\/uploads\/2023\/02\/DSC_0058.jpg 1365w\" sizes=\"auto, (max-width: 683px) 100vw, 683px\" \/><\/figure>\n\n\n\n<figure class=\"wp-block-image size-large\"><img loading=\"lazy\" decoding=\"async\" width=\"710\" height=\"1024\" data-attachment-id=\"2860\" data-permalink=\"https:\/\/av.arbeaumont.eu\/index.php\/2023\/02\/22\/la-journee-sans-sac-en-photos\/dsc_0060\/\" data-orig-file=\"https:\/\/av.arbeaumont.eu\/wp-content\/uploads\/2023\/02\/DSC_0060.jpg\" data-orig-size=\"1420,2048\" data-comments-opened=\"1\" data-image-meta=\"{&quot;aperture&quot;:&quot;0&quot;,&quot;credit&quot;:&quot;&quot;,&quot;camera&quot;:&quot;&quot;,&quot;caption&quot;:&quot;&quot;,&quot;created_timestamp&quot;:&quot;0&quot;,&quot;copyright&quot;:&quot;Nathalie Papleux&quot;,&quot;focal_length&quot;:&quot;0&quot;,&quot;iso&quot;:&quot;0&quot;,&quot;shutter_speed&quot;:&quot;0&quot;,&quot;title&quot;:&quot;&quot;,&quot;orientation&quot;:&quot;0&quot;}\" data-image-title=\"DSC_0060\" data-image-description=\"\" data-image-caption=\"\" data-medium-file=\"https:\/\/av.arbeaumont.eu\/wp-content\/uploads\/2023\/02\/DSC_0060-208x300.jpg\" data-large-file=\"https:\/\/av.arbeaumont.eu\/wp-content\/uploads\/2023\/02\/DSC_0060-710x1024.jpg\" data-id=\"2860\" src=\"https:\/\/av.arbeaumont.eu\/wp-content\/uploads\/2023\/02\/DSC_0060-710x1024.jpg\" alt=\"\" class=\"wp-image-2860\" srcset=\"https:\/\/av.arbeaumont.eu\/wp-content\/uploads\/2023\/02\/DSC_0060-710x1024.jpg 710w, https:\/\/av.arbeaumont.eu\/wp-content\/uploads\/2023\/02\/DSC_0060-208x300.jpg 208w, https:\/\/av.arbeaumont.eu\/wp-content\/uploads\/2023\/02\/DSC_0060-768x1108.jpg 768w, https:\/\/av.arbeaumont.eu\/wp-content\/uploads\/2023\/02\/DSC_0060-1065x1536.jpg 1065w, https:\/\/av.arbeaumont.eu\/wp-content\/uploads\/2023\/02\/DSC_0060-696x1004.jpg 696w, https:\/\/av.arbeaumont.eu\/wp-content\/uploads\/2023\/02\/DSC_0060-1068x1540.jpg 1068w, https:\/\/av.arbeaumont.eu\/wp-content\/uploads\/2023\/02\/DSC_0060-291x420.jpg 291w, https:\/\/av.arbeaumont.eu\/wp-content\/uploads\/2023\/02\/DSC_0060.jpg 1420w\" sizes=\"auto, (max-width: 710px) 100vw, 710px\" \/><\/figure>\n\n\n\n<figure class=\"wp-block-image size-large\"><img loading=\"lazy\" decoding=\"async\" width=\"672\" height=\"1024\" data-attachment-id=\"2861\" data-permalink=\"https:\/\/av.arbeaumont.eu\/index.php\/2023\/02\/22\/la-journee-sans-sac-en-photos\/dsc_0062\/\" data-orig-file=\"https:\/\/av.arbeaumont.eu\/wp-content\/uploads\/2023\/02\/DSC_0062.jpg\" data-orig-size=\"1344,2048\" data-comments-opened=\"1\" data-image-meta=\"{&quot;aperture&quot;:&quot;0&quot;,&quot;credit&quot;:&quot;&quot;,&quot;camera&quot;:&quot;&quot;,&quot;caption&quot;:&quot;&quot;,&quot;created_timestamp&quot;:&quot;0&quot;,&quot;copyright&quot;:&quot;Nathalie Papleux&quot;,&quot;focal_length&quot;:&quot;0&quot;,&quot;iso&quot;:&quot;0&quot;,&quot;shutter_speed&quot;:&quot;0&quot;,&quot;title&quot;:&quot;&quot;,&quot;orientation&quot;:&quot;0&quot;}\" data-image-title=\"DSC_0062\" data-image-description=\"\" data-image-caption=\"\" data-medium-file=\"https:\/\/av.arbeaumont.eu\/wp-content\/uploads\/2023\/02\/DSC_0062-197x300.jpg\" data-large-file=\"https:\/\/av.arbeaumont.eu\/wp-content\/uploads\/2023\/02\/DSC_0062-672x1024.jpg\" data-id=\"2861\" src=\"https:\/\/av.arbeaumont.eu\/wp-content\/uploads\/2023\/02\/DSC_0062-672x1024.jpg\" alt=\"\" class=\"wp-image-2861\" srcset=\"https:\/\/av.arbeaumont.eu\/wp-content\/uploads\/2023\/02\/DSC_0062-672x1024.jpg 672w, https:\/\/av.arbeaumont.eu\/wp-content\/uploads\/2023\/02\/DSC_0062-197x300.jpg 197w, https:\/\/av.arbeaumont.eu\/wp-content\/uploads\/2023\/02\/DSC_0062-768x1170.jpg 768w, https:\/\/av.arbeaumont.eu\/wp-content\/uploads\/2023\/02\/DSC_0062-1008x1536.jpg 1008w, https:\/\/av.arbeaumont.eu\/wp-content\/uploads\/2023\/02\/DSC_0062-696x1061.jpg 696w, https:\/\/av.arbeaumont.eu\/wp-content\/uploads\/2023\/02\/DSC_0062-1068x1627.jpg 1068w, https:\/\/av.arbeaumont.eu\/wp-content\/uploads\/2023\/02\/DSC_0062-276x420.jpg 276w, https:\/\/av.arbeaumont.eu\/wp-content\/uploads\/2023\/02\/DSC_0062.jpg 1344w\" sizes=\"auto, (max-width: 672px) 100vw, 672px\" \/><\/figure>\n\n\n\n<figure class=\"wp-block-image size-large\"><img loading=\"lazy\" decoding=\"async\" width=\"695\" height=\"1024\" data-attachment-id=\"2862\" data-permalink=\"https:\/\/av.arbeaumont.eu\/index.php\/2023\/02\/22\/la-journee-sans-sac-en-photos\/dsc_0065\/\" data-orig-file=\"https:\/\/av.arbeaumont.eu\/wp-content\/uploads\/2023\/02\/DSC_0065.jpg\" data-orig-size=\"1390,2048\" data-comments-opened=\"1\" data-image-meta=\"{&quot;aperture&quot;:&quot;0&quot;,&quot;credit&quot;:&quot;&quot;,&quot;camera&quot;:&quot;&quot;,&quot;caption&quot;:&quot;&quot;,&quot;created_timestamp&quot;:&quot;0&quot;,&quot;copyright&quot;:&quot;Nathalie Papleux&quot;,&quot;focal_length&quot;:&quot;0&quot;,&quot;iso&quot;:&quot;0&quot;,&quot;shutter_speed&quot;:&quot;0&quot;,&quot;title&quot;:&quot;&quot;,&quot;orientation&quot;:&quot;0&quot;}\" data-image-title=\"DSC_0065\" data-image-description=\"\" data-image-caption=\"\" data-medium-file=\"https:\/\/av.arbeaumont.eu\/wp-content\/uploads\/2023\/02\/DSC_0065-204x300.jpg\" data-large-file=\"https:\/\/av.arbeaumont.eu\/wp-content\/uploads\/2023\/02\/DSC_0065-695x1024.jpg\" data-id=\"2862\" src=\"https:\/\/av.arbeaumont.eu\/wp-content\/uploads\/2023\/02\/DSC_0065-695x1024.jpg\" alt=\"\" class=\"wp-image-2862\" srcset=\"https:\/\/av.arbeaumont.eu\/wp-content\/uploads\/2023\/02\/DSC_0065-695x1024.jpg 695w, https:\/\/av.arbeaumont.eu\/wp-content\/uploads\/2023\/02\/DSC_0065-204x300.jpg 204w, https:\/\/av.arbeaumont.eu\/wp-content\/uploads\/2023\/02\/DSC_0065-768x1132.jpg 768w, https:\/\/av.arbeaumont.eu\/wp-content\/uploads\/2023\/02\/DSC_0065-1043x1536.jpg 1043w, https:\/\/av.arbeaumont.eu\/wp-content\/uploads\/2023\/02\/DSC_0065-696x1025.jpg 696w, https:\/\/av.arbeaumont.eu\/wp-content\/uploads\/2023\/02\/DSC_0065-1068x1574.jpg 1068w, https:\/\/av.arbeaumont.eu\/wp-content\/uploads\/2023\/02\/DSC_0065-285x420.jpg 285w, https:\/\/av.arbeaumont.eu\/wp-content\/uploads\/2023\/02\/DSC_0065.jpg 1390w\" sizes=\"auto, (max-width: 695px) 100vw, 695px\" \/><\/figure>\n\n\n\n<figure class=\"wp-block-image size-large\"><img loading=\"lazy\" decoding=\"async\" width=\"683\" height=\"1024\" data-attachment-id=\"2863\" data-permalink=\"https:\/\/av.arbeaumont.eu\/index.php\/2023\/02\/22\/la-journee-sans-sac-en-photos\/dsc_0068\/\" data-orig-file=\"https:\/\/av.arbeaumont.eu\/wp-content\/uploads\/2023\/02\/DSC_0068.jpg\" data-orig-size=\"1365,2048\" data-comments-opened=\"1\" data-image-meta=\"{&quot;aperture&quot;:&quot;0&quot;,&quot;credit&quot;:&quot;&quot;,&quot;camera&quot;:&quot;&quot;,&quot;caption&quot;:&quot;&quot;,&quot;created_timestamp&quot;:&quot;0&quot;,&quot;copyright&quot;:&quot;Nathalie Papleux&quot;,&quot;focal_length&quot;:&quot;0&quot;,&quot;iso&quot;:&quot;0&quot;,&quot;shutter_speed&quot;:&quot;0&quot;,&quot;title&quot;:&quot;&quot;,&quot;orientation&quot;:&quot;0&quot;}\" data-image-title=\"DSC_0068\" data-image-description=\"\" data-image-caption=\"\" data-medium-file=\"https:\/\/av.arbeaumont.eu\/wp-content\/uploads\/2023\/02\/DSC_0068-200x300.jpg\" data-large-file=\"https:\/\/av.arbeaumont.eu\/wp-content\/uploads\/2023\/02\/DSC_0068-683x1024.jpg\" data-id=\"2863\" src=\"https:\/\/av.arbeaumont.eu\/wp-content\/uploads\/2023\/02\/DSC_0068-683x1024.jpg\" alt=\"\" class=\"wp-image-2863\" srcset=\"https:\/\/av.arbeaumont.eu\/wp-content\/uploads\/2023\/02\/DSC_0068-683x1024.jpg 683w, https:\/\/av.arbeaumont.eu\/wp-content\/uploads\/2023\/02\/DSC_0068-200x300.jpg 200w, https:\/\/av.arbeaumont.eu\/wp-content\/uploads\/2023\/02\/DSC_0068-768x1152.jpg 768w, https:\/\/av.arbeaumont.eu\/wp-content\/uploads\/2023\/02\/DSC_0068-1024x1536.jpg 1024w, https:\/\/av.arbeaumont.eu\/wp-content\/uploads\/2023\/02\/DSC_0068-696x1044.jpg 696w, https:\/\/av.arbeaumont.eu\/wp-content\/uploads\/2023\/02\/DSC_0068-1068x1602.jpg 1068w, https:\/\/av.arbeaumont.eu\/wp-content\/uploads\/2023\/02\/DSC_0068-280x420.jpg 280w, https:\/\/av.arbeaumont.eu\/wp-content\/uploads\/2023\/02\/DSC_0068.jpg 1365w\" sizes=\"auto, (max-width: 683px) 100vw, 683px\" \/><\/figure>\n\n\n\n<figure class=\"wp-block-image size-large\"><img loading=\"lazy\" decoding=\"async\" width=\"683\" height=\"1024\" data-attachment-id=\"2864\" data-permalink=\"https:\/\/av.arbeaumont.eu\/index.php\/2023\/02\/22\/la-journee-sans-sac-en-photos\/dsc_0074\/\" data-orig-file=\"https:\/\/av.arbeaumont.eu\/wp-content\/uploads\/2023\/02\/DSC_0074.jpg\" data-orig-size=\"1365,2048\" data-comments-opened=\"1\" data-image-meta=\"{&quot;aperture&quot;:&quot;0&quot;,&quot;credit&quot;:&quot;&quot;,&quot;camera&quot;:&quot;&quot;,&quot;caption&quot;:&quot;&quot;,&quot;created_timestamp&quot;:&quot;0&quot;,&quot;copyright&quot;:&quot;Nathalie Papleux&quot;,&quot;focal_length&quot;:&quot;0&quot;,&quot;iso&quot;:&quot;0&quot;,&quot;shutter_speed&quot;:&quot;0&quot;,&quot;title&quot;:&quot;&quot;,&quot;orientation&quot;:&quot;0&quot;}\" data-image-title=\"DSC_0074\" data-image-description=\"\" data-image-caption=\"\" data-medium-file=\"https:\/\/av.arbeaumont.eu\/wp-content\/uploads\/2023\/02\/DSC_0074-200x300.jpg\" data-large-file=\"https:\/\/av.arbeaumont.eu\/wp-content\/uploads\/2023\/02\/DSC_0074-683x1024.jpg\" data-id=\"2864\" src=\"https:\/\/av.arbeaumont.eu\/wp-content\/uploads\/2023\/02\/DSC_0074-683x1024.jpg\" alt=\"\" class=\"wp-image-2864\" srcset=\"https:\/\/av.arbeaumont.eu\/wp-content\/uploads\/2023\/02\/DSC_0074-683x1024.jpg 683w, https:\/\/av.arbeaumont.eu\/wp-content\/uploads\/2023\/02\/DSC_0074-200x300.jpg 200w, https:\/\/av.arbeaumont.eu\/wp-content\/uploads\/2023\/02\/DSC_0074-768x1152.jpg 768w, https:\/\/av.arbeaumont.eu\/wp-content\/uploads\/2023\/02\/DSC_0074-1024x1536.jpg 1024w, https:\/\/av.arbeaumont.eu\/wp-content\/uploads\/2023\/02\/DSC_0074-696x1044.jpg 696w, https:\/\/av.arbeaumont.eu\/wp-content\/uploads\/2023\/02\/DSC_0074-1068x1602.jpg 1068w, https:\/\/av.arbeaumont.eu\/wp-content\/uploads\/2023\/02\/DSC_0074-280x420.jpg 280w, https:\/\/av.arbeaumont.eu\/wp-content\/uploads\/2023\/02\/DSC_0074.jpg 1365w\" sizes=\"auto, (max-width: 683px) 100vw, 683px\" \/><\/figure>\n\n\n\n<figure class=\"wp-block-image size-large\"><img loading=\"lazy\" decoding=\"async\" width=\"683\" height=\"1024\" data-attachment-id=\"2865\" data-permalink=\"https:\/\/av.arbeaumont.eu\/index.php\/2023\/02\/22\/la-journee-sans-sac-en-photos\/dsc_0076\/\" data-orig-file=\"https:\/\/av.arbeaumont.eu\/wp-content\/uploads\/2023\/02\/DSC_0076.jpg\" data-orig-size=\"1365,2048\" data-comments-opened=\"1\" data-image-meta=\"{&quot;aperture&quot;:&quot;0&quot;,&quot;credit&quot;:&quot;&quot;,&quot;camera&quot;:&quot;&quot;,&quot;caption&quot;:&quot;&quot;,&quot;created_timestamp&quot;:&quot;0&quot;,&quot;copyright&quot;:&quot;Nathalie Papleux&quot;,&quot;focal_length&quot;:&quot;0&quot;,&quot;iso&quot;:&quot;0&quot;,&quot;shutter_speed&quot;:&quot;0&quot;,&quot;title&quot;:&quot;&quot;,&quot;orientation&quot;:&quot;0&quot;}\" data-image-title=\"DSC_0076\" data-image-description=\"\" data-image-caption=\"\" data-medium-file=\"https:\/\/av.arbeaumont.eu\/wp-content\/uploads\/2023\/02\/DSC_0076-200x300.jpg\" data-large-file=\"https:\/\/av.arbeaumont.eu\/wp-content\/uploads\/2023\/02\/DSC_0076-683x1024.jpg\" data-id=\"2865\" src=\"https:\/\/av.arbeaumont.eu\/wp-content\/uploads\/2023\/02\/DSC_0076-683x1024.jpg\" alt=\"\" class=\"wp-image-2865\" srcset=\"https:\/\/av.arbeaumont.eu\/wp-content\/uploads\/2023\/02\/DSC_0076-683x1024.jpg 683w, https:\/\/av.arbeaumont.eu\/wp-content\/uploads\/2023\/02\/DSC_0076-200x300.jpg 200w, https:\/\/av.arbeaumont.eu\/wp-content\/uploads\/2023\/02\/DSC_0076-768x1152.jpg 768w, https:\/\/av.arbeaumont.eu\/wp-content\/uploads\/2023\/02\/DSC_0076-1024x1536.jpg 1024w, https:\/\/av.arbeaumont.eu\/wp-content\/uploads\/2023\/02\/DSC_0076-696x1044.jpg 696w, https:\/\/av.arbeaumont.eu\/wp-content\/uploads\/2023\/02\/DSC_0076-1068x1602.jpg 1068w, https:\/\/av.arbeaumont.eu\/wp-content\/uploads\/2023\/02\/DSC_0076-280x420.jpg 280w, https:\/\/av.arbeaumont.eu\/wp-content\/uploads\/2023\/02\/DSC_0076.jpg 1365w\" sizes=\"auto, (max-width: 683px) 100vw, 683px\" \/><\/figure>\n\n\n\n<figure class=\"wp-block-image size-large\"><img loading=\"lazy\" decoding=\"async\" width=\"683\" height=\"1024\" data-attachment-id=\"2866\" data-permalink=\"https:\/\/av.arbeaumont.eu\/index.php\/2023\/02\/22\/la-journee-sans-sac-en-photos\/dsc_0080\/\" data-orig-file=\"https:\/\/av.arbeaumont.eu\/wp-content\/uploads\/2023\/02\/DSC_0080.jpg\" data-orig-size=\"1365,2048\" data-comments-opened=\"1\" data-image-meta=\"{&quot;aperture&quot;:&quot;0&quot;,&quot;credit&quot;:&quot;&quot;,&quot;camera&quot;:&quot;&quot;,&quot;caption&quot;:&quot;&quot;,&quot;created_timestamp&quot;:&quot;0&quot;,&quot;copyright&quot;:&quot;Nathalie Papleux&quot;,&quot;focal_length&quot;:&quot;0&quot;,&quot;iso&quot;:&quot;0&quot;,&quot;shutter_speed&quot;:&quot;0&quot;,&quot;title&quot;:&quot;&quot;,&quot;orientation&quot;:&quot;0&quot;}\" data-image-title=\"DSC_0080\" data-image-description=\"\" data-image-caption=\"\" data-medium-file=\"https:\/\/av.arbeaumont.eu\/wp-content\/uploads\/2023\/02\/DSC_0080-200x300.jpg\" data-large-file=\"https:\/\/av.arbeaumont.eu\/wp-content\/uploads\/2023\/02\/DSC_0080-683x1024.jpg\" data-id=\"2866\" src=\"https:\/\/av.arbeaumont.eu\/wp-content\/uploads\/2023\/02\/DSC_0080-683x1024.jpg\" alt=\"\" class=\"wp-image-2866\" srcset=\"https:\/\/av.arbeaumont.eu\/wp-content\/uploads\/2023\/02\/DSC_0080-683x1024.jpg 683w, https:\/\/av.arbeaumont.eu\/wp-content\/uploads\/2023\/02\/DSC_0080-200x300.jpg 200w, https:\/\/av.arbeaumont.eu\/wp-content\/uploads\/2023\/02\/DSC_0080-768x1152.jpg 768w, https:\/\/av.arbeaumont.eu\/wp-content\/uploads\/2023\/02\/DSC_0080-1024x1536.jpg 1024w, https:\/\/av.arbeaumont.eu\/wp-content\/uploads\/2023\/02\/DSC_0080-696x1044.jpg 696w, https:\/\/av.arbeaumont.eu\/wp-content\/uploads\/2023\/02\/DSC_0080-1068x1602.jpg 1068w, https:\/\/av.arbeaumont.eu\/wp-content\/uploads\/2023\/02\/DSC_0080-280x420.jpg 280w, https:\/\/av.arbeaumont.eu\/wp-content\/uploads\/2023\/02\/DSC_0080.jpg 1365w\" sizes=\"auto, (max-width: 683px) 100vw, 683px\" \/><\/figure>\n\n\n\n<figure class=\"wp-block-image size-large\"><img loading=\"lazy\" decoding=\"async\" width=\"696\" height=\"1024\" data-attachment-id=\"2867\" data-permalink=\"https:\/\/av.arbeaumont.eu\/index.php\/2023\/02\/22\/la-journee-sans-sac-en-photos\/dsc_0083-2\/\" data-orig-file=\"https:\/\/av.arbeaumont.eu\/wp-content\/uploads\/2023\/02\/DSC_0083.jpg\" data-orig-size=\"1392,2048\" data-comments-opened=\"1\" data-image-meta=\"{&quot;aperture&quot;:&quot;0&quot;,&quot;credit&quot;:&quot;&quot;,&quot;camera&quot;:&quot;&quot;,&quot;caption&quot;:&quot;&quot;,&quot;created_timestamp&quot;:&quot;0&quot;,&quot;copyright&quot;:&quot;Nathalie Papleux&quot;,&quot;focal_length&quot;:&quot;0&quot;,&quot;iso&quot;:&quot;0&quot;,&quot;shutter_speed&quot;:&quot;0&quot;,&quot;title&quot;:&quot;&quot;,&quot;orientation&quot;:&quot;0&quot;}\" data-image-title=\"DSC_0083\" data-image-description=\"\" data-image-caption=\"\" data-medium-file=\"https:\/\/av.arbeaumont.eu\/wp-content\/uploads\/2023\/02\/DSC_0083-204x300.jpg\" data-large-file=\"https:\/\/av.arbeaumont.eu\/wp-content\/uploads\/2023\/02\/DSC_0083-696x1024.jpg\" data-id=\"2867\" src=\"https:\/\/av.arbeaumont.eu\/wp-content\/uploads\/2023\/02\/DSC_0083-696x1024.jpg\" alt=\"\" class=\"wp-image-2867\" srcset=\"https:\/\/av.arbeaumont.eu\/wp-content\/uploads\/2023\/02\/DSC_0083-696x1024.jpg 696w, https:\/\/av.arbeaumont.eu\/wp-content\/uploads\/2023\/02\/DSC_0083-204x300.jpg 204w, https:\/\/av.arbeaumont.eu\/wp-content\/uploads\/2023\/02\/DSC_0083-768x1130.jpg 768w, https:\/\/av.arbeaumont.eu\/wp-content\/uploads\/2023\/02\/DSC_0083-1044x1536.jpg 1044w, https:\/\/av.arbeaumont.eu\/wp-content\/uploads\/2023\/02\/DSC_0083-1068x1571.jpg 1068w, https:\/\/av.arbeaumont.eu\/wp-content\/uploads\/2023\/02\/DSC_0083-285x420.jpg 285w, https:\/\/av.arbeaumont.eu\/wp-content\/uploads\/2023\/02\/DSC_0083.jpg 1392w\" sizes=\"auto, (max-width: 696px) 100vw, 696px\" \/><\/figure>\n\n\n\n<figure class=\"wp-block-image size-large\"><img loading=\"lazy\" decoding=\"async\" width=\"646\" height=\"1024\" data-attachment-id=\"2868\" data-permalink=\"https:\/\/av.arbeaumont.eu\/index.php\/2023\/02\/22\/la-journee-sans-sac-en-photos\/dsc_0085\/\" data-orig-file=\"https:\/\/av.arbeaumont.eu\/wp-content\/uploads\/2023\/02\/DSC_0085.jpg\" data-orig-size=\"1291,2048\" data-comments-opened=\"1\" data-image-meta=\"{&quot;aperture&quot;:&quot;0&quot;,&quot;credit&quot;:&quot;&quot;,&quot;camera&quot;:&quot;&quot;,&quot;caption&quot;:&quot;&quot;,&quot;created_timestamp&quot;:&quot;0&quot;,&quot;copyright&quot;:&quot;Nathalie Papleux&quot;,&quot;focal_length&quot;:&quot;0&quot;,&quot;iso&quot;:&quot;0&quot;,&quot;shutter_speed&quot;:&quot;0&quot;,&quot;title&quot;:&quot;&quot;,&quot;orientation&quot;:&quot;0&quot;}\" data-image-title=\"DSC_0085\" data-image-description=\"\" data-image-caption=\"\" data-medium-file=\"https:\/\/av.arbeaumont.eu\/wp-content\/uploads\/2023\/02\/DSC_0085-189x300.jpg\" data-large-file=\"https:\/\/av.arbeaumont.eu\/wp-content\/uploads\/2023\/02\/DSC_0085-646x1024.jpg\" data-id=\"2868\" src=\"https:\/\/av.arbeaumont.eu\/wp-content\/uploads\/2023\/02\/DSC_0085-646x1024.jpg\" alt=\"\" class=\"wp-image-2868\" srcset=\"https:\/\/av.arbeaumont.eu\/wp-content\/uploads\/2023\/02\/DSC_0085-646x1024.jpg 646w, https:\/\/av.arbeaumont.eu\/wp-content\/uploads\/2023\/02\/DSC_0085-189x300.jpg 189w, https:\/\/av.arbeaumont.eu\/wp-content\/uploads\/2023\/02\/DSC_0085-768x1218.jpg 768w, https:\/\/av.arbeaumont.eu\/wp-content\/uploads\/2023\/02\/DSC_0085-968x1536.jpg 968w, https:\/\/av.arbeaumont.eu\/wp-content\/uploads\/2023\/02\/DSC_0085-696x1104.jpg 696w, https:\/\/av.arbeaumont.eu\/wp-content\/uploads\/2023\/02\/DSC_0085-1068x1694.jpg 1068w, https:\/\/av.arbeaumont.eu\/wp-content\/uploads\/2023\/02\/DSC_0085-265x420.jpg 265w, https:\/\/av.arbeaumont.eu\/wp-content\/uploads\/2023\/02\/DSC_0085.jpg 1291w\" sizes=\"auto, (max-width: 646px) 100vw, 646px\" \/><\/figure>\n\n\n\n<figure class=\"wp-block-image size-large\"><img loading=\"lazy\" decoding=\"async\" width=\"725\" height=\"1024\" data-attachment-id=\"2869\" data-permalink=\"https:\/\/av.arbeaumont.eu\/index.php\/2023\/02\/22\/la-journee-sans-sac-en-photos\/dsc_0086\/\" data-orig-file=\"https:\/\/av.arbeaumont.eu\/wp-content\/uploads\/2023\/02\/DSC_0086.jpg\" data-orig-size=\"1449,2048\" data-comments-opened=\"1\" data-image-meta=\"{&quot;aperture&quot;:&quot;0&quot;,&quot;credit&quot;:&quot;&quot;,&quot;camera&quot;:&quot;&quot;,&quot;caption&quot;:&quot;&quot;,&quot;created_timestamp&quot;:&quot;0&quot;,&quot;copyright&quot;:&quot;Nathalie Papleux&quot;,&quot;focal_length&quot;:&quot;0&quot;,&quot;iso&quot;:&quot;0&quot;,&quot;shutter_speed&quot;:&quot;0&quot;,&quot;title&quot;:&quot;&quot;,&quot;orientation&quot;:&quot;0&quot;}\" data-image-title=\"DSC_0086\" data-image-description=\"\" data-image-caption=\"\" data-medium-file=\"https:\/\/av.arbeaumont.eu\/wp-content\/uploads\/2023\/02\/DSC_0086-212x300.jpg\" data-large-file=\"https:\/\/av.arbeaumont.eu\/wp-content\/uploads\/2023\/02\/DSC_0086-725x1024.jpg\" data-id=\"2869\" src=\"https:\/\/av.arbeaumont.eu\/wp-content\/uploads\/2023\/02\/DSC_0086-725x1024.jpg\" alt=\"\" class=\"wp-image-2869\" srcset=\"https:\/\/av.arbeaumont.eu\/wp-content\/uploads\/2023\/02\/DSC_0086-725x1024.jpg 725w, https:\/\/av.arbeaumont.eu\/wp-content\/uploads\/2023\/02\/DSC_0086-212x300.jpg 212w, https:\/\/av.arbeaumont.eu\/wp-content\/uploads\/2023\/02\/DSC_0086-768x1085.jpg 768w, https:\/\/av.arbeaumont.eu\/wp-content\/uploads\/2023\/02\/DSC_0086-1087x1536.jpg 1087w, https:\/\/av.arbeaumont.eu\/wp-content\/uploads\/2023\/02\/DSC_0086-696x984.jpg 696w, https:\/\/av.arbeaumont.eu\/wp-content\/uploads\/2023\/02\/DSC_0086-1068x1509.jpg 1068w, https:\/\/av.arbeaumont.eu\/wp-content\/uploads\/2023\/02\/DSC_0086-297x420.jpg 297w, https:\/\/av.arbeaumont.eu\/wp-content\/uploads\/2023\/02\/DSC_0086.jpg 1449w\" sizes=\"auto, (max-width: 725px) 100vw, 725px\" \/><\/figure>\n\n\n\n<figure class=\"wp-block-image size-large\"><img loading=\"lazy\" decoding=\"async\" width=\"683\" height=\"1024\" data-attachment-id=\"2870\" data-permalink=\"https:\/\/av.arbeaumont.eu\/index.php\/2023\/02\/22\/la-journee-sans-sac-en-photos\/dsc_0087\/\" data-orig-file=\"https:\/\/av.arbeaumont.eu\/wp-content\/uploads\/2023\/02\/DSC_0087.jpg\" data-orig-size=\"1365,2048\" data-comments-opened=\"1\" data-image-meta=\"{&quot;aperture&quot;:&quot;0&quot;,&quot;credit&quot;:&quot;&quot;,&quot;camera&quot;:&quot;&quot;,&quot;caption&quot;:&quot;&quot;,&quot;created_timestamp&quot;:&quot;0&quot;,&quot;copyright&quot;:&quot;Nathalie Papleux&quot;,&quot;focal_length&quot;:&quot;0&quot;,&quot;iso&quot;:&quot;0&quot;,&quot;shutter_speed&quot;:&quot;0&quot;,&quot;title&quot;:&quot;&quot;,&quot;orientation&quot;:&quot;0&quot;}\" data-image-title=\"DSC_0087\" data-image-description=\"\" data-image-caption=\"\" data-medium-file=\"https:\/\/av.arbeaumont.eu\/wp-content\/uploads\/2023\/02\/DSC_0087-200x300.jpg\" data-large-file=\"https:\/\/av.arbeaumont.eu\/wp-content\/uploads\/2023\/02\/DSC_0087-683x1024.jpg\" data-id=\"2870\" src=\"https:\/\/av.arbeaumont.eu\/wp-content\/uploads\/2023\/02\/DSC_0087-683x1024.jpg\" alt=\"\" class=\"wp-image-2870\" srcset=\"https:\/\/av.arbeaumont.eu\/wp-content\/uploads\/2023\/02\/DSC_0087-683x1024.jpg 683w, https:\/\/av.arbeaumont.eu\/wp-content\/uploads\/2023\/02\/DSC_0087-200x300.jpg 200w, https:\/\/av.arbeaumont.eu\/wp-content\/uploads\/2023\/02\/DSC_0087-768x1152.jpg 768w, https:\/\/av.arbeaumont.eu\/wp-content\/uploads\/2023\/02\/DSC_0087-1024x1536.jpg 1024w, https:\/\/av.arbeaumont.eu\/wp-content\/uploads\/2023\/02\/DSC_0087-696x1044.jpg 696w, https:\/\/av.arbeaumont.eu\/wp-content\/uploads\/2023\/02\/DSC_0087-1068x1602.jpg 1068w, https:\/\/av.arbeaumont.eu\/wp-content\/uploads\/2023\/02\/DSC_0087-280x420.jpg 280w, https:\/\/av.arbeaumont.eu\/wp-content\/uploads\/2023\/02\/DSC_0087.jpg 1365w\" sizes=\"auto, (max-width: 683px) 100vw, 683px\" \/><\/figure>\n\n\n\n<figure class=\"wp-block-image size-large\"><img loading=\"lazy\" decoding=\"async\" width=\"683\" height=\"1024\" data-attachment-id=\"2871\" data-permalink=\"https:\/\/av.arbeaumont.eu\/index.php\/2023\/02\/22\/la-journee-sans-sac-en-photos\/dsc_0088\/\" data-orig-file=\"https:\/\/av.arbeaumont.eu\/wp-content\/uploads\/2023\/02\/DSC_0088.jpg\" data-orig-size=\"1365,2048\" data-comments-opened=\"1\" data-image-meta=\"{&quot;aperture&quot;:&quot;0&quot;,&quot;credit&quot;:&quot;&quot;,&quot;camera&quot;:&quot;&quot;,&quot;caption&quot;:&quot;&quot;,&quot;created_timestamp&quot;:&quot;0&quot;,&quot;copyright&quot;:&quot;Nathalie Papleux&quot;,&quot;focal_length&quot;:&quot;0&quot;,&quot;iso&quot;:&quot;0&quot;,&quot;shutter_speed&quot;:&quot;0&quot;,&quot;title&quot;:&quot;&quot;,&quot;orientation&quot;:&quot;0&quot;}\" data-image-title=\"DSC_0088\" data-image-description=\"\" data-image-caption=\"\" data-medium-file=\"https:\/\/av.arbeaumont.eu\/wp-content\/uploads\/2023\/02\/DSC_0088-200x300.jpg\" data-large-file=\"https:\/\/av.arbeaumont.eu\/wp-content\/uploads\/2023\/02\/DSC_0088-683x1024.jpg\" data-id=\"2871\" src=\"https:\/\/av.arbeaumont.eu\/wp-content\/uploads\/2023\/02\/DSC_0088-683x1024.jpg\" alt=\"\" class=\"wp-image-2871\" srcset=\"https:\/\/av.arbeaumont.eu\/wp-content\/uploads\/2023\/02\/DSC_0088-683x1024.jpg 683w, https:\/\/av.arbeaumont.eu\/wp-content\/uploads\/2023\/02\/DSC_0088-200x300.jpg 200w, https:\/\/av.arbeaumont.eu\/wp-content\/uploads\/2023\/02\/DSC_0088-768x1152.jpg 768w, https:\/\/av.arbeaumont.eu\/wp-content\/uploads\/2023\/02\/DSC_0088-1024x1536.jpg 1024w, https:\/\/av.arbeaumont.eu\/wp-content\/uploads\/2023\/02\/DSC_0088-696x1044.jpg 696w, https:\/\/av.arbeaumont.eu\/wp-content\/uploads\/2023\/02\/DSC_0088-1068x1602.jpg 1068w, https:\/\/av.arbeaumont.eu\/wp-content\/uploads\/2023\/02\/DSC_0088-280x420.jpg 280w, https:\/\/av.arbeaumont.eu\/wp-content\/uploads\/2023\/02\/DSC_0088.jpg 1365w\" sizes=\"auto, (max-width: 683px) 100vw, 683px\" \/><\/figure>\n\n\n\n<figure class=\"wp-block-image size-large\"><img loading=\"lazy\" decoding=\"async\" width=\"683\" height=\"1024\" data-attachment-id=\"2872\" data-permalink=\"https:\/\/av.arbeaumont.eu\/index.php\/2023\/02\/22\/la-journee-sans-sac-en-photos\/dsc_0090\/\" data-orig-file=\"https:\/\/av.arbeaumont.eu\/wp-content\/uploads\/2023\/02\/DSC_0090.jpg\" data-orig-size=\"1365,2048\" data-comments-opened=\"1\" data-image-meta=\"{&quot;aperture&quot;:&quot;0&quot;,&quot;credit&quot;:&quot;&quot;,&quot;camera&quot;:&quot;&quot;,&quot;caption&quot;:&quot;&quot;,&quot;created_timestamp&quot;:&quot;0&quot;,&quot;copyright&quot;:&quot;Nathalie Papleux&quot;,&quot;focal_length&quot;:&quot;0&quot;,&quot;iso&quot;:&quot;0&quot;,&quot;shutter_speed&quot;:&quot;0&quot;,&quot;title&quot;:&quot;&quot;,&quot;orientation&quot;:&quot;0&quot;}\" data-image-title=\"DSC_0090\" data-image-description=\"\" data-image-caption=\"\" data-medium-file=\"https:\/\/av.arbeaumont.eu\/wp-content\/uploads\/2023\/02\/DSC_0090-200x300.jpg\" data-large-file=\"https:\/\/av.arbeaumont.eu\/wp-content\/uploads\/2023\/02\/DSC_0090-683x1024.jpg\" data-id=\"2872\" src=\"https:\/\/av.arbeaumont.eu\/wp-content\/uploads\/2023\/02\/DSC_0090-683x1024.jpg\" alt=\"\" class=\"wp-image-2872\" srcset=\"https:\/\/av.arbeaumont.eu\/wp-content\/uploads\/2023\/02\/DSC_0090-683x1024.jpg 683w, https:\/\/av.arbeaumont.eu\/wp-content\/uploads\/2023\/02\/DSC_0090-200x300.jpg 200w, https:\/\/av.arbeaumont.eu\/wp-content\/uploads\/2023\/02\/DSC_0090-768x1152.jpg 768w, https:\/\/av.arbeaumont.eu\/wp-content\/uploads\/2023\/02\/DSC_0090-1024x1536.jpg 1024w, https:\/\/av.arbeaumont.eu\/wp-content\/uploads\/2023\/02\/DSC_0090-696x1044.jpg 696w, https:\/\/av.arbeaumont.eu\/wp-content\/uploads\/2023\/02\/DSC_0090-1068x1602.jpg 1068w, https:\/\/av.arbeaumont.eu\/wp-content\/uploads\/2023\/02\/DSC_0090-280x420.jpg 280w, https:\/\/av.arbeaumont.eu\/wp-content\/uploads\/2023\/02\/DSC_0090.jpg 1365w\" sizes=\"auto, (max-width: 683px) 100vw, 683px\" \/><\/figure>\n\n\n\n<figure class=\"wp-block-image size-large\"><img loading=\"lazy\" decoding=\"async\" width=\"683\" height=\"1024\" data-attachment-id=\"2873\" data-permalink=\"https:\/\/av.arbeaumont.eu\/index.php\/2023\/02\/22\/la-journee-sans-sac-en-photos\/dsc_0092-2\/\" data-orig-file=\"https:\/\/av.arbeaumont.eu\/wp-content\/uploads\/2023\/02\/DSC_0092.jpg\" data-orig-size=\"1365,2048\" data-comments-opened=\"1\" data-image-meta=\"{&quot;aperture&quot;:&quot;0&quot;,&quot;credit&quot;:&quot;&quot;,&quot;camera&quot;:&quot;&quot;,&quot;caption&quot;:&quot;&quot;,&quot;created_timestamp&quot;:&quot;0&quot;,&quot;copyright&quot;:&quot;Nathalie Papleux&quot;,&quot;focal_length&quot;:&quot;0&quot;,&quot;iso&quot;:&quot;0&quot;,&quot;shutter_speed&quot;:&quot;0&quot;,&quot;title&quot;:&quot;&quot;,&quot;orientation&quot;:&quot;0&quot;}\" data-image-title=\"DSC_0092\" data-image-description=\"\" data-image-caption=\"\" data-medium-file=\"https:\/\/av.arbeaumont.eu\/wp-content\/uploads\/2023\/02\/DSC_0092-200x300.jpg\" data-large-file=\"https:\/\/av.arbeaumont.eu\/wp-content\/uploads\/2023\/02\/DSC_0092-683x1024.jpg\" data-id=\"2873\" src=\"https:\/\/av.arbeaumont.eu\/wp-content\/uploads\/2023\/02\/DSC_0092-683x1024.jpg\" alt=\"\" class=\"wp-image-2873\" srcset=\"https:\/\/av.arbeaumont.eu\/wp-content\/uploads\/2023\/02\/DSC_0092-683x1024.jpg 683w, https:\/\/av.arbeaumont.eu\/wp-content\/uploads\/2023\/02\/DSC_0092-200x300.jpg 200w, https:\/\/av.arbeaumont.eu\/wp-content\/uploads\/2023\/02\/DSC_0092-768x1152.jpg 768w, https:\/\/av.arbeaumont.eu\/wp-content\/uploads\/2023\/02\/DSC_0092-1024x1536.jpg 1024w, https:\/\/av.arbeaumont.eu\/wp-content\/uploads\/2023\/02\/DSC_0092-696x1044.jpg 696w, https:\/\/av.arbeaumont.eu\/wp-content\/uploads\/2023\/02\/DSC_0092-1068x1602.jpg 1068w, https:\/\/av.arbeaumont.eu\/wp-content\/uploads\/2023\/02\/DSC_0092-280x420.jpg 280w, https:\/\/av.arbeaumont.eu\/wp-content\/uploads\/2023\/02\/DSC_0092.jpg 1365w\" sizes=\"auto, (max-width: 683px) 100vw, 683px\" \/><\/figure>\n\n\n\n<figure class=\"wp-block-image size-large\"><img decoding=\"async\" data-attachment-id=\"2874\" data-permalink=\"https:\/\/av.arbeaumont.eu\/index.php\/2023\/02\/22\/la-journee-sans-sac-en-photos\/dsc_0095\/\" data-orig-file=\"https:\/\/av.arbeaumont.eu\/wp-content\/uploads\/2023\/02\/DSC_0095-e1677093462342.jpg\" data-orig-size=\"1331,1484\" data-comments-opened=\"1\" data-image-meta=\"{&quot;aperture&quot;:&quot;0&quot;,&quot;credit&quot;:&quot;&quot;,&quot;camera&quot;:&quot;&quot;,&quot;caption&quot;:&quot;&quot;,&quot;created_timestamp&quot;:&quot;0&quot;,&quot;copyright&quot;:&quot;Nathalie Papleux&quot;,&quot;focal_length&quot;:&quot;0&quot;,&quot;iso&quot;:&quot;0&quot;,&quot;shutter_speed&quot;:&quot;0&quot;,&quot;title&quot;:&quot;&quot;,&quot;orientation&quot;:&quot;0&quot;}\" data-image-title=\"DSC_0095\" data-image-description=\"\" data-image-caption=\"\" data-medium-file=\"https:\/\/av.arbeaumont.eu\/wp-content\/uploads\/2023\/02\/DSC_0095-e1677093462342-269x300.jpg\" data-large-file=\"https:\/\/av.arbeaumont.eu\/wp-content\/uploads\/2023\/02\/DSC_0095-e1677093462342-918x1024.jpg\" data-id=\"2874\" src=\"https:\/\/av.arbeaumont.eu\/wp-content\/uploads\/2023\/02\/DSC_0095-665x1024.jpg\" alt=\"\" class=\"wp-image-2874\"\/><\/figure>\n\n\n\n<figure class=\"wp-block-image size-large\"><img loading=\"lazy\" decoding=\"async\" width=\"669\" height=\"1024\" data-attachment-id=\"2875\" data-permalink=\"https:\/\/av.arbeaumont.eu\/index.php\/2023\/02\/22\/la-journee-sans-sac-en-photos\/dsc_0100\/\" data-orig-file=\"https:\/\/av.arbeaumont.eu\/wp-content\/uploads\/2023\/02\/DSC_0100.jpg\" data-orig-size=\"1338,2048\" data-comments-opened=\"1\" data-image-meta=\"{&quot;aperture&quot;:&quot;0&quot;,&quot;credit&quot;:&quot;&quot;,&quot;camera&quot;:&quot;&quot;,&quot;caption&quot;:&quot;&quot;,&quot;created_timestamp&quot;:&quot;0&quot;,&quot;copyright&quot;:&quot;Nathalie Papleux&quot;,&quot;focal_length&quot;:&quot;0&quot;,&quot;iso&quot;:&quot;0&quot;,&quot;shutter_speed&quot;:&quot;0&quot;,&quot;title&quot;:&quot;&quot;,&quot;orientation&quot;:&quot;0&quot;}\" data-image-title=\"DSC_0100\" data-image-description=\"\" data-image-caption=\"\" data-medium-file=\"https:\/\/av.arbeaumont.eu\/wp-content\/uploads\/2023\/02\/DSC_0100-196x300.jpg\" data-large-file=\"https:\/\/av.arbeaumont.eu\/wp-content\/uploads\/2023\/02\/DSC_0100-669x1024.jpg\" data-id=\"2875\" src=\"https:\/\/av.arbeaumont.eu\/wp-content\/uploads\/2023\/02\/DSC_0100-669x1024.jpg\" alt=\"\" class=\"wp-image-2875\" srcset=\"https:\/\/av.arbeaumont.eu\/wp-content\/uploads\/2023\/02\/DSC_0100-669x1024.jpg 669w, https:\/\/av.arbeaumont.eu\/wp-content\/uploads\/2023\/02\/DSC_0100-196x300.jpg 196w, https:\/\/av.arbeaumont.eu\/wp-content\/uploads\/2023\/02\/DSC_0100-768x1176.jpg 768w, https:\/\/av.arbeaumont.eu\/wp-content\/uploads\/2023\/02\/DSC_0100-1004x1536.jpg 1004w, https:\/\/av.arbeaumont.eu\/wp-content\/uploads\/2023\/02\/DSC_0100-696x1065.jpg 696w, https:\/\/av.arbeaumont.eu\/wp-content\/uploads\/2023\/02\/DSC_0100-1068x1635.jpg 1068w, https:\/\/av.arbeaumont.eu\/wp-content\/uploads\/2023\/02\/DSC_0100-274x420.jpg 274w, https:\/\/av.arbeaumont.eu\/wp-content\/uploads\/2023\/02\/DSC_0100.jpg 1338w\" sizes=\"auto, (max-width: 669px) 100vw, 669px\" \/><\/figure>\n\n\n\n<figure class=\"wp-block-image size-large\"><img loading=\"lazy\" decoding=\"async\" width=\"683\" height=\"1024\" data-attachment-id=\"2876\" data-permalink=\"https:\/\/av.arbeaumont.eu\/index.php\/2023\/02\/22\/la-journee-sans-sac-en-photos\/dsc_0105\/\" data-orig-file=\"https:\/\/av.arbeaumont.eu\/wp-content\/uploads\/2023\/02\/DSC_0105.jpg\" data-orig-size=\"1365,2048\" data-comments-opened=\"1\" data-image-meta=\"{&quot;aperture&quot;:&quot;0&quot;,&quot;credit&quot;:&quot;&quot;,&quot;camera&quot;:&quot;&quot;,&quot;caption&quot;:&quot;&quot;,&quot;created_timestamp&quot;:&quot;0&quot;,&quot;copyright&quot;:&quot;Nathalie Papleux&quot;,&quot;focal_length&quot;:&quot;0&quot;,&quot;iso&quot;:&quot;0&quot;,&quot;shutter_speed&quot;:&quot;0&quot;,&quot;title&quot;:&quot;&quot;,&quot;orientation&quot;:&quot;0&quot;}\" data-image-title=\"DSC_0105\" data-image-description=\"\" data-image-caption=\"\" data-medium-file=\"https:\/\/av.arbeaumont.eu\/wp-content\/uploads\/2023\/02\/DSC_0105-200x300.jpg\" data-large-file=\"https:\/\/av.arbeaumont.eu\/wp-content\/uploads\/2023\/02\/DSC_0105-683x1024.jpg\" data-id=\"2876\" src=\"https:\/\/av.arbeaumont.eu\/wp-content\/uploads\/2023\/02\/DSC_0105-683x1024.jpg\" alt=\"\" class=\"wp-image-2876\" srcset=\"https:\/\/av.arbeaumont.eu\/wp-content\/uploads\/2023\/02\/DSC_0105-683x1024.jpg 683w, https:\/\/av.arbeaumont.eu\/wp-content\/uploads\/2023\/02\/DSC_0105-200x300.jpg 200w, https:\/\/av.arbeaumont.eu\/wp-content\/uploads\/2023\/02\/DSC_0105-768x1152.jpg 768w, https:\/\/av.arbeaumont.eu\/wp-content\/uploads\/2023\/02\/DSC_0105-1024x1536.jpg 1024w, https:\/\/av.arbeaumont.eu\/wp-content\/uploads\/2023\/02\/DSC_0105-696x1044.jpg 696w, https:\/\/av.arbeaumont.eu\/wp-content\/uploads\/2023\/02\/DSC_0105-1068x1602.jpg 1068w, https:\/\/av.arbeaumont.eu\/wp-content\/uploads\/2023\/02\/DSC_0105-280x420.jpg 280w, https:\/\/av.arbeaumont.eu\/wp-content\/uploads\/2023\/02\/DSC_0105.jpg 1365w\" sizes=\"auto, (max-width: 683px) 100vw, 683px\" \/><\/figure>\n\n\n\n<figure class=\"wp-block-image size-large\"><img loading=\"lazy\" decoding=\"async\" width=\"660\" height=\"1024\" data-attachment-id=\"2877\" data-permalink=\"https:\/\/av.arbeaumont.eu\/index.php\/2023\/02\/22\/la-journee-sans-sac-en-photos\/dsc_0109\/\" data-orig-file=\"https:\/\/av.arbeaumont.eu\/wp-content\/uploads\/2023\/02\/DSC_0109.jpg\" data-orig-size=\"1319,2048\" data-comments-opened=\"1\" data-image-meta=\"{&quot;aperture&quot;:&quot;0&quot;,&quot;credit&quot;:&quot;&quot;,&quot;camera&quot;:&quot;&quot;,&quot;caption&quot;:&quot;&quot;,&quot;created_timestamp&quot;:&quot;0&quot;,&quot;copyright&quot;:&quot;Nathalie Papleux&quot;,&quot;focal_length&quot;:&quot;0&quot;,&quot;iso&quot;:&quot;0&quot;,&quot;shutter_speed&quot;:&quot;0&quot;,&quot;title&quot;:&quot;&quot;,&quot;orientation&quot;:&quot;0&quot;}\" data-image-title=\"DSC_0109\" data-image-description=\"\" data-image-caption=\"\" data-medium-file=\"https:\/\/av.arbeaumont.eu\/wp-content\/uploads\/2023\/02\/DSC_0109-193x300.jpg\" data-large-file=\"https:\/\/av.arbeaumont.eu\/wp-content\/uploads\/2023\/02\/DSC_0109-660x1024.jpg\" data-id=\"2877\" src=\"https:\/\/av.arbeaumont.eu\/wp-content\/uploads\/2023\/02\/DSC_0109-660x1024.jpg\" alt=\"\" class=\"wp-image-2877\" srcset=\"https:\/\/av.arbeaumont.eu\/wp-content\/uploads\/2023\/02\/DSC_0109-660x1024.jpg 660w, https:\/\/av.arbeaumont.eu\/wp-content\/uploads\/2023\/02\/DSC_0109-193x300.jpg 193w, https:\/\/av.arbeaumont.eu\/wp-content\/uploads\/2023\/02\/DSC_0109-768x1192.jpg 768w, https:\/\/av.arbeaumont.eu\/wp-content\/uploads\/2023\/02\/DSC_0109-989x1536.jpg 989w, https:\/\/av.arbeaumont.eu\/wp-content\/uploads\/2023\/02\/DSC_0109-696x1081.jpg 696w, https:\/\/av.arbeaumont.eu\/wp-content\/uploads\/2023\/02\/DSC_0109-1068x1658.jpg 1068w, https:\/\/av.arbeaumont.eu\/wp-content\/uploads\/2023\/02\/DSC_0109-270x420.jpg 270w, https:\/\/av.arbeaumont.eu\/wp-content\/uploads\/2023\/02\/DSC_0109.jpg 1319w\" sizes=\"auto, (max-width: 660px) 100vw, 660px\" \/><\/figure>\n\n\n\n<figure class=\"wp-block-image size-large\"><img loading=\"lazy\" decoding=\"async\" width=\"683\" height=\"1024\" data-attachment-id=\"2878\" data-permalink=\"https:\/\/av.arbeaumont.eu\/index.php\/2023\/02\/22\/la-journee-sans-sac-en-photos\/dsc_0111\/\" data-orig-file=\"https:\/\/av.arbeaumont.eu\/wp-content\/uploads\/2023\/02\/DSC_0111.jpg\" data-orig-size=\"1365,2048\" data-comments-opened=\"1\" data-image-meta=\"{&quot;aperture&quot;:&quot;0&quot;,&quot;credit&quot;:&quot;&quot;,&quot;camera&quot;:&quot;&quot;,&quot;caption&quot;:&quot;&quot;,&quot;created_timestamp&quot;:&quot;0&quot;,&quot;copyright&quot;:&quot;Nathalie Papleux&quot;,&quot;focal_length&quot;:&quot;0&quot;,&quot;iso&quot;:&quot;0&quot;,&quot;shutter_speed&quot;:&quot;0&quot;,&quot;title&quot;:&quot;&quot;,&quot;orientation&quot;:&quot;0&quot;}\" data-image-title=\"DSC_0111\" data-image-description=\"\" data-image-caption=\"\" data-medium-file=\"https:\/\/av.arbeaumont.eu\/wp-content\/uploads\/2023\/02\/DSC_0111-200x300.jpg\" data-large-file=\"https:\/\/av.arbeaumont.eu\/wp-content\/uploads\/2023\/02\/DSC_0111-683x1024.jpg\" data-id=\"2878\" src=\"https:\/\/av.arbeaumont.eu\/wp-content\/uploads\/2023\/02\/DSC_0111-683x1024.jpg\" alt=\"\" class=\"wp-image-2878\" srcset=\"https:\/\/av.arbeaumont.eu\/wp-content\/uploads\/2023\/02\/DSC_0111-683x1024.jpg 683w, https:\/\/av.arbeaumont.eu\/wp-content\/uploads\/2023\/02\/DSC_0111-200x300.jpg 200w, https:\/\/av.arbeaumont.eu\/wp-content\/uploads\/2023\/02\/DSC_0111-768x1152.jpg 768w, https:\/\/av.arbeaumont.eu\/wp-content\/uploads\/2023\/02\/DSC_0111-1024x1536.jpg 1024w, https:\/\/av.arbeaumont.eu\/wp-content\/uploads\/2023\/02\/DSC_0111-696x1044.jpg 696w, https:\/\/av.arbeaumont.eu\/wp-content\/uploads\/2023\/02\/DSC_0111-1068x1602.jpg 1068w, https:\/\/av.arbeaumont.eu\/wp-content\/uploads\/2023\/02\/DSC_0111-280x420.jpg 280w, https:\/\/av.arbeaumont.eu\/wp-content\/uploads\/2023\/02\/DSC_0111.jpg 1365w\" sizes=\"auto, (max-width: 683px) 100vw, 683px\" \/><\/figure>\n\n\n\n<figure class=\"wp-block-image size-large\"><img loading=\"lazy\" decoding=\"async\" width=\"683\" height=\"1024\" data-attachment-id=\"2879\" data-permalink=\"https:\/\/av.arbeaumont.eu\/index.php\/2023\/02\/22\/la-journee-sans-sac-en-photos\/dsc_0117\/\" data-orig-file=\"https:\/\/av.arbeaumont.eu\/wp-content\/uploads\/2023\/02\/DSC_0117.jpg\" data-orig-size=\"1365,2048\" data-comments-opened=\"1\" data-image-meta=\"{&quot;aperture&quot;:&quot;0&quot;,&quot;credit&quot;:&quot;&quot;,&quot;camera&quot;:&quot;&quot;,&quot;caption&quot;:&quot;&quot;,&quot;created_timestamp&quot;:&quot;0&quot;,&quot;copyright&quot;:&quot;Nathalie Papleux&quot;,&quot;focal_length&quot;:&quot;0&quot;,&quot;iso&quot;:&quot;0&quot;,&quot;shutter_speed&quot;:&quot;0&quot;,&quot;title&quot;:&quot;&quot;,&quot;orientation&quot;:&quot;0&quot;}\" data-image-title=\"DSC_0117\" data-image-description=\"\" data-image-caption=\"\" data-medium-file=\"https:\/\/av.arbeaumont.eu\/wp-content\/uploads\/2023\/02\/DSC_0117-200x300.jpg\" data-large-file=\"https:\/\/av.arbeaumont.eu\/wp-content\/uploads\/2023\/02\/DSC_0117-683x1024.jpg\" data-id=\"2879\" src=\"https:\/\/av.arbeaumont.eu\/wp-content\/uploads\/2023\/02\/DSC_0117-683x1024.jpg\" alt=\"\" class=\"wp-image-2879\" srcset=\"https:\/\/av.arbeaumont.eu\/wp-content\/uploads\/2023\/02\/DSC_0117-683x1024.jpg 683w, https:\/\/av.arbeaumont.eu\/wp-content\/uploads\/2023\/02\/DSC_0117-200x300.jpg 200w, https:\/\/av.arbeaumont.eu\/wp-content\/uploads\/2023\/02\/DSC_0117-768x1152.jpg 768w, https:\/\/av.arbeaumont.eu\/wp-content\/uploads\/2023\/02\/DSC_0117-1024x1536.jpg 1024w, https:\/\/av.arbeaumont.eu\/wp-content\/uploads\/2023\/02\/DSC_0117-696x1044.jpg 696w, https:\/\/av.arbeaumont.eu\/wp-content\/uploads\/2023\/02\/DSC_0117-1068x1602.jpg 1068w, https:\/\/av.arbeaumont.eu\/wp-content\/uploads\/2023\/02\/DSC_0117-280x420.jpg 280w, https:\/\/av.arbeaumont.eu\/wp-content\/uploads\/2023\/02\/DSC_0117.jpg 1365w\" sizes=\"auto, (max-width: 683px) 100vw, 683px\" \/><\/figure>\n\n\n\n<figure class=\"wp-block-image size-large\"><img loading=\"lazy\" decoding=\"async\" width=\"683\" height=\"1024\" data-attachment-id=\"2880\" data-permalink=\"https:\/\/av.arbeaumont.eu\/index.php\/2023\/02\/22\/la-journee-sans-sac-en-photos\/dsc_0119\/\" data-orig-file=\"https:\/\/av.arbeaumont.eu\/wp-content\/uploads\/2023\/02\/DSC_0119.jpg\" data-orig-size=\"1365,2048\" data-comments-opened=\"1\" data-image-meta=\"{&quot;aperture&quot;:&quot;0&quot;,&quot;credit&quot;:&quot;&quot;,&quot;camera&quot;:&quot;&quot;,&quot;caption&quot;:&quot;&quot;,&quot;created_timestamp&quot;:&quot;0&quot;,&quot;copyright&quot;:&quot;Nathalie Papleux&quot;,&quot;focal_length&quot;:&quot;0&quot;,&quot;iso&quot;:&quot;0&quot;,&quot;shutter_speed&quot;:&quot;0&quot;,&quot;title&quot;:&quot;&quot;,&quot;orientation&quot;:&quot;0&quot;}\" data-image-title=\"DSC_0119\" data-image-description=\"\" data-image-caption=\"\" data-medium-file=\"https:\/\/av.arbeaumont.eu\/wp-content\/uploads\/2023\/02\/DSC_0119-200x300.jpg\" data-large-file=\"https:\/\/av.arbeaumont.eu\/wp-content\/uploads\/2023\/02\/DSC_0119-683x1024.jpg\" data-id=\"2880\" src=\"https:\/\/av.arbeaumont.eu\/wp-content\/uploads\/2023\/02\/DSC_0119-683x1024.jpg\" alt=\"\" class=\"wp-image-2880\" srcset=\"https:\/\/av.arbeaumont.eu\/wp-content\/uploads\/2023\/02\/DSC_0119-683x1024.jpg 683w, https:\/\/av.arbeaumont.eu\/wp-content\/uploads\/2023\/02\/DSC_0119-200x300.jpg 200w, https:\/\/av.arbeaumont.eu\/wp-content\/uploads\/2023\/02\/DSC_0119-768x1152.jpg 768w, https:\/\/av.arbeaumont.eu\/wp-content\/uploads\/2023\/02\/DSC_0119-1024x1536.jpg 1024w, https:\/\/av.arbeaumont.eu\/wp-content\/uploads\/2023\/02\/DSC_0119-696x1044.jpg 696w, https:\/\/av.arbeaumont.eu\/wp-content\/uploads\/2023\/02\/DSC_0119-1068x1602.jpg 1068w, https:\/\/av.arbeaumont.eu\/wp-content\/uploads\/2023\/02\/DSC_0119-280x420.jpg 280w, https:\/\/av.arbeaumont.eu\/wp-content\/uploads\/2023\/02\/DSC_0119.jpg 1365w\" sizes=\"auto, (max-width: 683px) 100vw, 683px\" \/><\/figure>\n\n\n\n<figure class=\"wp-block-image size-large\"><img loading=\"lazy\" decoding=\"async\" width=\"683\" height=\"1024\" data-attachment-id=\"2881\" data-permalink=\"https:\/\/av.arbeaumont.eu\/index.php\/2023\/02\/22\/la-journee-sans-sac-en-photos\/dsc_0121\/\" data-orig-file=\"https:\/\/av.arbeaumont.eu\/wp-content\/uploads\/2023\/02\/DSC_0121.jpg\" data-orig-size=\"1365,2048\" data-comments-opened=\"1\" data-image-meta=\"{&quot;aperture&quot;:&quot;0&quot;,&quot;credit&quot;:&quot;&quot;,&quot;camera&quot;:&quot;&quot;,&quot;caption&quot;:&quot;&quot;,&quot;created_timestamp&quot;:&quot;0&quot;,&quot;copyright&quot;:&quot;Nathalie Papleux&quot;,&quot;focal_length&quot;:&quot;0&quot;,&quot;iso&quot;:&quot;0&quot;,&quot;shutter_speed&quot;:&quot;0&quot;,&quot;title&quot;:&quot;&quot;,&quot;orientation&quot;:&quot;0&quot;}\" data-image-title=\"DSC_0121\" data-image-description=\"\" data-image-caption=\"\" data-medium-file=\"https:\/\/av.arbeaumont.eu\/wp-content\/uploads\/2023\/02\/DSC_0121-200x300.jpg\" data-large-file=\"https:\/\/av.arbeaumont.eu\/wp-content\/uploads\/2023\/02\/DSC_0121-683x1024.jpg\" data-id=\"2881\" src=\"https:\/\/av.arbeaumont.eu\/wp-content\/uploads\/2023\/02\/DSC_0121-683x1024.jpg\" alt=\"\" class=\"wp-image-2881\" srcset=\"https:\/\/av.arbeaumont.eu\/wp-content\/uploads\/2023\/02\/DSC_0121-683x1024.jpg 683w, https:\/\/av.arbeaumont.eu\/wp-content\/uploads\/2023\/02\/DSC_0121-200x300.jpg 200w, https:\/\/av.arbeaumont.eu\/wp-content\/uploads\/2023\/02\/DSC_0121-768x1152.jpg 768w, https:\/\/av.arbeaumont.eu\/wp-content\/uploads\/2023\/02\/DSC_0121-1024x1536.jpg 1024w, https:\/\/av.arbeaumont.eu\/wp-content\/uploads\/2023\/02\/DSC_0121-696x1044.jpg 696w, https:\/\/av.arbeaumont.eu\/wp-content\/uploads\/2023\/02\/DSC_0121-1068x1602.jpg 1068w, https:\/\/av.arbeaumont.eu\/wp-content\/uploads\/2023\/02\/DSC_0121-280x420.jpg 280w, https:\/\/av.arbeaumont.eu\/wp-content\/uploads\/2023\/02\/DSC_0121.jpg 1365w\" sizes=\"auto, (max-width: 683px) 100vw, 683px\" \/><\/figure>\n\n\n\n<figure class=\"wp-block-image size-large\"><img loading=\"lazy\" decoding=\"async\" width=\"683\" height=\"1024\" data-attachment-id=\"2882\" data-permalink=\"https:\/\/av.arbeaumont.eu\/index.php\/2023\/02\/22\/la-journee-sans-sac-en-photos\/dsc_0122\/\" data-orig-file=\"https:\/\/av.arbeaumont.eu\/wp-content\/uploads\/2023\/02\/DSC_0122.jpg\" data-orig-size=\"1365,2048\" data-comments-opened=\"1\" data-image-meta=\"{&quot;aperture&quot;:&quot;0&quot;,&quot;credit&quot;:&quot;&quot;,&quot;camera&quot;:&quot;&quot;,&quot;caption&quot;:&quot;&quot;,&quot;created_timestamp&quot;:&quot;0&quot;,&quot;copyright&quot;:&quot;Nathalie Papleux&quot;,&quot;focal_length&quot;:&quot;0&quot;,&quot;iso&quot;:&quot;0&quot;,&quot;shutter_speed&quot;:&quot;0&quot;,&quot;title&quot;:&quot;&quot;,&quot;orientation&quot;:&quot;0&quot;}\" data-image-title=\"DSC_0122\" data-image-description=\"\" data-image-caption=\"\" data-medium-file=\"https:\/\/av.arbeaumont.eu\/wp-content\/uploads\/2023\/02\/DSC_0122-200x300.jpg\" data-large-file=\"https:\/\/av.arbeaumont.eu\/wp-content\/uploads\/2023\/02\/DSC_0122-683x1024.jpg\" data-id=\"2882\" src=\"https:\/\/av.arbeaumont.eu\/wp-content\/uploads\/2023\/02\/DSC_0122-683x1024.jpg\" alt=\"\" class=\"wp-image-2882\" srcset=\"https:\/\/av.arbeaumont.eu\/wp-content\/uploads\/2023\/02\/DSC_0122-683x1024.jpg 683w, https:\/\/av.arbeaumont.eu\/wp-content\/uploads\/2023\/02\/DSC_0122-200x300.jpg 200w, https:\/\/av.arbeaumont.eu\/wp-content\/uploads\/2023\/02\/DSC_0122-768x1152.jpg 768w, https:\/\/av.arbeaumont.eu\/wp-content\/uploads\/2023\/02\/DSC_0122-1024x1536.jpg 1024w, https:\/\/av.arbeaumont.eu\/wp-content\/uploads\/2023\/02\/DSC_0122-696x1044.jpg 696w, https:\/\/av.arbeaumont.eu\/wp-content\/uploads\/2023\/02\/DSC_0122-1068x1602.jpg 1068w, https:\/\/av.arbeaumont.eu\/wp-content\/uploads\/2023\/02\/DSC_0122-280x420.jpg 280w, https:\/\/av.arbeaumont.eu\/wp-content\/uploads\/2023\/02\/DSC_0122.jpg 1365w\" sizes=\"auto, (max-width: 683px) 100vw, 683px\" \/><\/figure>\n\n\n\n<figure class=\"wp-block-image size-large\"><img loading=\"lazy\" decoding=\"async\" width=\"698\" height=\"1024\" data-attachment-id=\"2883\" data-permalink=\"https:\/\/av.arbeaumont.eu\/index.php\/2023\/02\/22\/la-journee-sans-sac-en-photos\/dsc_0124\/\" data-orig-file=\"https:\/\/av.arbeaumont.eu\/wp-content\/uploads\/2023\/02\/DSC_0124.jpg\" data-orig-size=\"1396,2048\" data-comments-opened=\"1\" data-image-meta=\"{&quot;aperture&quot;:&quot;0&quot;,&quot;credit&quot;:&quot;&quot;,&quot;camera&quot;:&quot;&quot;,&quot;caption&quot;:&quot;&quot;,&quot;created_timestamp&quot;:&quot;0&quot;,&quot;copyright&quot;:&quot;Nathalie Papleux&quot;,&quot;focal_length&quot;:&quot;0&quot;,&quot;iso&quot;:&quot;0&quot;,&quot;shutter_speed&quot;:&quot;0&quot;,&quot;title&quot;:&quot;&quot;,&quot;orientation&quot;:&quot;0&quot;}\" data-image-title=\"DSC_0124\" data-image-description=\"\" data-image-caption=\"\" data-medium-file=\"https:\/\/av.arbeaumont.eu\/wp-content\/uploads\/2023\/02\/DSC_0124-204x300.jpg\" data-large-file=\"https:\/\/av.arbeaumont.eu\/wp-content\/uploads\/2023\/02\/DSC_0124-698x1024.jpg\" data-id=\"2883\" src=\"https:\/\/av.arbeaumont.eu\/wp-content\/uploads\/2023\/02\/DSC_0124-698x1024.jpg\" alt=\"\" class=\"wp-image-2883\" srcset=\"https:\/\/av.arbeaumont.eu\/wp-content\/uploads\/2023\/02\/DSC_0124-698x1024.jpg 698w, https:\/\/av.arbeaumont.eu\/wp-content\/uploads\/2023\/02\/DSC_0124-204x300.jpg 204w, https:\/\/av.arbeaumont.eu\/wp-content\/uploads\/2023\/02\/DSC_0124-768x1127.jpg 768w, https:\/\/av.arbeaumont.eu\/wp-content\/uploads\/2023\/02\/DSC_0124-1047x1536.jpg 1047w, https:\/\/av.arbeaumont.eu\/wp-content\/uploads\/2023\/02\/DSC_0124-696x1021.jpg 696w, https:\/\/av.arbeaumont.eu\/wp-content\/uploads\/2023\/02\/DSC_0124-1068x1567.jpg 1068w, https:\/\/av.arbeaumont.eu\/wp-content\/uploads\/2023\/02\/DSC_0124-286x420.jpg 286w, https:\/\/av.arbeaumont.eu\/wp-content\/uploads\/2023\/02\/DSC_0124.jpg 1396w\" sizes=\"auto, (max-width: 698px) 100vw, 698px\" \/><\/figure>\n\n\n\n<figure class=\"wp-block-image size-large\"><img loading=\"lazy\" decoding=\"async\" width=\"683\" height=\"1024\" data-attachment-id=\"2884\" data-permalink=\"https:\/\/av.arbeaumont.eu\/index.php\/2023\/02\/22\/la-journee-sans-sac-en-photos\/dsc_0126\/\" data-orig-file=\"https:\/\/av.arbeaumont.eu\/wp-content\/uploads\/2023\/02\/DSC_0126.jpg\" data-orig-size=\"1365,2048\" data-comments-opened=\"1\" data-image-meta=\"{&quot;aperture&quot;:&quot;0&quot;,&quot;credit&quot;:&quot;&quot;,&quot;camera&quot;:&quot;&quot;,&quot;caption&quot;:&quot;&quot;,&quot;created_timestamp&quot;:&quot;0&quot;,&quot;copyright&quot;:&quot;Nathalie Papleux&quot;,&quot;focal_length&quot;:&quot;0&quot;,&quot;iso&quot;:&quot;0&quot;,&quot;shutter_speed&quot;:&quot;0&quot;,&quot;title&quot;:&quot;&quot;,&quot;orientation&quot;:&quot;0&quot;}\" data-image-title=\"DSC_0126\" data-image-description=\"\" data-image-caption=\"\" data-medium-file=\"https:\/\/av.arbeaumont.eu\/wp-content\/uploads\/2023\/02\/DSC_0126-200x300.jpg\" data-large-file=\"https:\/\/av.arbeaumont.eu\/wp-content\/uploads\/2023\/02\/DSC_0126-683x1024.jpg\" data-id=\"2884\" src=\"https:\/\/av.arbeaumont.eu\/wp-content\/uploads\/2023\/02\/DSC_0126-683x1024.jpg\" alt=\"\" class=\"wp-image-2884\" srcset=\"https:\/\/av.arbeaumont.eu\/wp-content\/uploads\/2023\/02\/DSC_0126-683x1024.jpg 683w, https:\/\/av.arbeaumont.eu\/wp-content\/uploads\/2023\/02\/DSC_0126-200x300.jpg 200w, https:\/\/av.arbeaumont.eu\/wp-content\/uploads\/2023\/02\/DSC_0126-768x1152.jpg 768w, https:\/\/av.arbeaumont.eu\/wp-content\/uploads\/2023\/02\/DSC_0126-1024x1536.jpg 1024w, https:\/\/av.arbeaumont.eu\/wp-content\/uploads\/2023\/02\/DSC_0126-696x1044.jpg 696w, https:\/\/av.arbeaumont.eu\/wp-content\/uploads\/2023\/02\/DSC_0126-1068x1602.jpg 1068w, https:\/\/av.arbeaumont.eu\/wp-content\/uploads\/2023\/02\/DSC_0126-280x420.jpg 280w, https:\/\/av.arbeaumont.eu\/wp-content\/uploads\/2023\/02\/DSC_0126.jpg 1365w\" sizes=\"auto, (max-width: 683px) 100vw, 683px\" \/><\/figure>\n<\/figure>\n","protected":false},"excerpt":{"rendered":"<p>Cette ann\u00e9e, nous avons invit\u00e9 les \u00e9l\u00e8ves de rh\u00e9tos \u00e0 immortaliser \u00ab\u00a0la journ\u00e9e sans sac\u00a0\u00bb. Voici les photos prises par les \u00e9l\u00e8ves de 5e audiovisuel (2023).<\/p>\n","protected":false},"author":1,"featured_media":2874,"comment_status":"open","ping_status":"closed","sticky":false,"template":"","format":"standard","meta":{"jetpack_post_was_ever_published":false,"footnotes":""},"categories":[7],"tags":[],"class_list":{"0":"post-2856","1":"post","2":"type-post","3":"status-publish","4":"format-standard","5":"has-post-thumbnail","7":"category-photos-a-la-une"},"jetpack_featured_media_url":"https:\/\/av.arbeaumont.eu\/wp-content\/uploads\/2023\/02\/DSC_0095-e1677093462342.jpg","jetpack_sharing_enabled":true,"jetpack_shortlink":"https:\/\/wp.me\/p8Dhaa-K4","jetpack_likes_enabled":true,"jetpack-related-posts":[{"id":539,"url":"https:\/\/av.arbeaumont.eu\/index.php\/2017\/12\/17\/securite-routiere\/","url_meta":{"origin":2856,"position":0},"title":"S\u00e9curit\u00e9 routi\u00e8re","date":"17 d\u00e9cembre 2017","format":false,"excerpt":"Tournage d'un clip de pr\u00e9vention Dans le cadre d'une collaboration men\u00e9e avec la maison des jeunes de Beaumont, les \u00e9l\u00e8ves de 5e audiovisuel ont r\u00e9alis\u00e9 le tournage d'un clip de pr\u00e9vention relatif \u00e0 la s\u00e9curit\u00e9 routi\u00e8re. \u00a0Durant toute une journ\u00e9e, ils se sont mis dans la peau de cameraman, preneur\u2026","rel":"","context":"Dans &quot;Les courts-m\u00e9trages&quot;","img":{"alt_text":"","src":"https:\/\/i0.wp.com\/av.arbeaumont.eu\/wp-content\/uploads\/2017\/12\/PUB-5TTR-17.jpg?resize=350%2C200&ssl=1","width":350,"height":200},"classes":[]},{"id":946,"url":"https:\/\/av.arbeaumont.eu\/index.php\/2018\/06\/11\/les-eleves-de-5e-exposent-leurs-photos-sur-auschwitz\/","url_meta":{"origin":2856,"position":1},"title":"Les \u00e9l\u00e8ves de 5e exposent leurs photos sur Auschwitz","date":"11 juin 2018","format":false,"excerpt":"Outre le documentaire consacr\u00e9 \u00e0 la d\u00e9portation de Simone Veil \u00e0 Auschwitz, les \u00e9l\u00e8ves de 5e ont \u00e9galement r\u00e9alis\u00e9 de nombreuses photos sur place, des clich\u00e9s parfois prenants et interpellants sur cet ancien camp d'extermination. Ils ont aussi voulu rendre compte de leur travail sur place en r\u00e9alisant un making\u2026","rel":"","context":"Dans &quot;Photos&quot;","img":{"alt_text":"","src":"https:\/\/i0.wp.com\/av.arbeaumont.eu\/wp-content\/uploads\/2018\/06\/Auschwitz-22.jpg?resize=350%2C200&ssl=1","width":350,"height":200},"classes":[]},{"id":453,"url":"https:\/\/av.arbeaumont.eu\/index.php\/2017\/04\/10\/journee-au-musee-de-la-photo\/","url_meta":{"origin":2856,"position":2},"title":"Journ\u00e9e au mus\u00e9e de la photo","date":"10 avril 2017","format":"video","excerpt":"Chambres noires et techniques argentiques au coeur de la visite Fin mars 2017, la section \"audiovisuel\" de l'ath\u00e9n\u00e9e a profit\u00e9 des installations du mus\u00e9e de la photo de Mont-sur-Marchienne pour s'int\u00e9resser aux proc\u00e9d\u00e9s argentiques. \u00a0Durant toute une journ\u00e9e, les \u00e9l\u00e8ves ont exp\u00e9riment\u00e9 la chambre noire. \u00a0Ils ont d\u00e9velopp\u00e9 des photogrammes\u2026","rel":"","context":"Dans &quot;Reportages&quot;","img":{"alt_text":"","src":"https:\/\/i0.wp.com\/av.arbeaumont.eu\/wp-content\/uploads\/2017\/04\/DSC08116.jpg?resize=350%2C200&ssl=1","width":350,"height":200},"classes":[]},{"id":3399,"url":"https:\/\/av.arbeaumont.eu\/index.php\/2026\/03\/14\/viens-je-tapprends-a-faire-du-lightpainting\/","url_meta":{"origin":2856,"position":3},"title":"Viens, je t&rsquo;apprends \u00e0 faire du lightpainting","date":"14 mars 2026","format":false,"excerpt":"Un projet collaboratif entre les \u00e9l\u00e8ves de 2e et les 4e audiovisuel Pour sensibiliser les \u00e9l\u00e8ves de 2e \u00e0 l'audiovisuel et pour amener les \u00e9l\u00e8ves \u00e0 collaborer entre eux, nous avons organis\u00e9 un atelier de lightpainting. L'occasion d'apprendre quelques bases de la photo tout en exprimant sa cr\u00e9ativit\u00e9.","rel":"","context":"Dans &quot;Les photos&quot;","img":{"alt_text":"","src":"https:\/\/i0.wp.com\/av.arbeaumont.eu\/wp-content\/uploads\/2026\/03\/Devloppement-3.jpg?resize=350%2C200&ssl=1","width":350,"height":200},"classes":[]},{"id":3367,"url":"https:\/\/av.arbeaumont.eu\/index.php\/2024\/12\/26\/le-pac-recompense-des-eleves-de-loption-audiovisuel-pour-leurs-photos\/","url_meta":{"origin":2856,"position":4},"title":"Le PAC r\u00e9compense des \u00e9l\u00e8ves de l&rsquo;option audiovisuel pour leurs photos","date":"26 d\u00e9cembre 2024","format":false,"excerpt":"Chaque ann\u00e9e, le PAC Beaumont organise un concours photo ouvert \u00e0 tous. Un de nos \u00e9l\u00e8ves s'est distingu\u00e9 gr\u00e2ce \u00e0 l'une de ses photos, r\u00e9alis\u00e9e dans une ferme de l'entit\u00e9. Une reconnaissance salu\u00e9e par la presse locale.","rel":"","context":"Dans &quot;La section audiovisuelle dans les m\u00e9dias&quot;","img":{"alt_text":"","src":"https:\/\/i0.wp.com\/av.arbeaumont.eu\/wp-content\/uploads\/2026\/03\/PAC-concours-e1773508672707.jpg?resize=350%2C200&ssl=1","width":350,"height":200},"classes":[]},{"id":1177,"url":"https:\/\/av.arbeaumont.eu\/index.php\/2019\/04\/09\/lhiver-vu-par-les-eleves-de-la-section\/","url_meta":{"origin":2856,"position":5},"title":"L&rsquo;hiver, vu par les \u00e9l\u00e8ves de la section","date":"9 avril 2019","format":false,"excerpt":"","rel":"","context":"Dans &quot;Photos&quot;","img":{"alt_text":"","src":"https:\/\/i0.wp.com\/av.arbeaumont.eu\/wp-content\/uploads\/2019\/04\/Hiver-TTRresize.jpg?resize=350%2C200&ssl=1","width":350,"height":200},"classes":[]}],"amp_enabled":true,"_links":{"self":[{"href":"https:\/\/av.arbeaumont.eu\/index.php\/wp-json\/wp\/v2\/posts\/2856","targetHints":{"allow":["GET"]}}],"collection":[{"href":"https:\/\/av.arbeaumont.eu\/index.php\/wp-json\/wp\/v2\/posts"}],"about":[{"href":"https:\/\/av.arbeaumont.eu\/index.php\/wp-json\/wp\/v2\/types\/post"}],"author":[{"embeddable":true,"href":"https:\/\/av.arbeaumont.eu\/index.php\/wp-json\/wp\/v2\/users\/1"}],"replies":[{"embeddable":true,"href":"https:\/\/av.arbeaumont.eu\/index.php\/wp-json\/wp\/v2\/comments?post=2856"}],"version-history":[{"count":1,"href":"https:\/\/av.arbeaumont.eu\/index.php\/wp-json\/wp\/v2\/posts\/2856\/revisions"}],"predecessor-version":[{"id":2885,"href":"https:\/\/av.arbeaumont.eu\/index.php\/wp-json\/wp\/v2\/posts\/2856\/revisions\/2885"}],"wp:featuredmedia":[{"embeddable":true,"href":"https:\/\/av.arbeaumont.eu\/index.php\/wp-json\/wp\/v2\/media\/2874"}],"wp:attachment":[{"href":"https:\/\/av.arbeaumont.eu\/index.php\/wp-json\/wp\/v2\/media?parent=2856"}],"wp:term":[{"taxonomy":"category","embeddable":true,"href":"https:\/\/av.arbeaumont.eu\/index.php\/wp-json\/wp\/v2\/categories?post=2856"},{"taxonomy":"post_tag","embeddable":true,"href":"https:\/\/av.arbeaumont.eu\/index.php\/wp-json\/wp\/v2\/tags?post=2856"}],"curies":[{"name":"wp","href":"https:\/\/api.w.org\/{rel}","templated":true}]}}