{"id":318,"date":"2017-03-16T14:43:02","date_gmt":"2017-03-16T13:43:02","guid":{"rendered":"https:\/\/av.arbeaumont.eu\/?p=318"},"modified":"2017-03-16T14:43:02","modified_gmt":"2017-03-16T13:43:02","slug":"sourions-la-vie-est-belle","status":"publish","type":"post","link":"https:\/\/av.arbeaumont.eu\/index.php\/2017\/03\/16\/sourions-la-vie-est-belle\/","title":{"rendered":"Sourions, la vie est belle"},"content":{"rendered":"<p>Le printemps arrive et nous ne r\u00e9sistons pas \u00e0 l&rsquo;envie de vous montrer nos photos noir et blanc. \u00a0Elles ont \u00e9t\u00e9 r\u00e9alis\u00e9es dans le cadre d&rsquo;un concours de la F\u00e9d\u00e9ration Wallonie-Bruxelles. \u00a0Il s&rsquo;agissait de mettre en image des situations en rapport avec le th\u00e8me \u00ab\u00a0Sourions, la vie est belle\u00a0\u00bb. \u00a0Les photos devaient \u00eatre d\u00e9velopp\u00e9es en noir et blanc et accompagn\u00e9es d&rsquo;un ha\u00efku, un po\u00e8me japonais.<\/p>\n<p>A la cl\u00e9 de ce concours, il y a un voyage au Danemark mais aussi du mat\u00e9riel audiovisuel. \u00a0Nous croisons les doigts car la lutte s&rsquo;annonce serr\u00e9e au milieu d&rsquo;une centaine de classes de 3e et 4e secondaire. \u00a0Les r\u00e9sultats sont attendus pour la mi-mai. \u00a0En attendant la r\u00e9ponse, voici en primeur nos meilleures r\u00e9alisations.<\/p>\n<p>Bravo \u00e0 Ana\u00efs Dunzen, Noah Bernard, Th\u00e9o Lorette et Jeanne Marlier!<\/p>\n<p><img loading=\"lazy\" decoding=\"async\" data-attachment-id=\"323\" data-permalink=\"https:\/\/av.arbeaumont.eu\/index.php\/2017\/03\/16\/sourions-la-vie-est-belle\/anais-1-a-imprimer\/\" data-orig-file=\"https:\/\/av.arbeaumont.eu\/wp-content\/uploads\/2017\/03\/Anais-1-a-imprimer.jpg\" data-orig-size=\"2048,1448\" data-comments-opened=\"0\" data-image-meta=\"{&quot;aperture&quot;:&quot;0&quot;,&quot;credit&quot;:&quot;&quot;,&quot;camera&quot;:&quot;&quot;,&quot;caption&quot;:&quot;&quot;,&quot;created_timestamp&quot;:&quot;0&quot;,&quot;copyright&quot;:&quot;&quot;,&quot;focal_length&quot;:&quot;0&quot;,&quot;iso&quot;:&quot;0&quot;,&quot;shutter_speed&quot;:&quot;0&quot;,&quot;title&quot;:&quot;&quot;,&quot;orientation&quot;:&quot;0&quot;}\" data-image-title=\"Anais 1 a imprimer\" data-image-description=\"\" data-image-caption=\"\" data-medium-file=\"https:\/\/av.arbeaumont.eu\/wp-content\/uploads\/2017\/03\/Anais-1-a-imprimer-300x212.jpg\" data-large-file=\"https:\/\/av.arbeaumont.eu\/wp-content\/uploads\/2017\/03\/Anais-1-a-imprimer-1024x724.jpg\" class=\" td-modal-image aligncenter wp-image-323 size-large\" src=\"https:\/\/av.arbeaumont.eu\/wp-content\/uploads\/2017\/03\/Anais-1-a-imprimer-1024x724.jpg\" alt=\"\" width=\"640\" height=\"453\" srcset=\"https:\/\/av.arbeaumont.eu\/wp-content\/uploads\/2017\/03\/Anais-1-a-imprimer-1024x724.jpg 1024w, https:\/\/av.arbeaumont.eu\/wp-content\/uploads\/2017\/03\/Anais-1-a-imprimer-300x212.jpg 300w, https:\/\/av.arbeaumont.eu\/wp-content\/uploads\/2017\/03\/Anais-1-a-imprimer-768x543.jpg 768w, https:\/\/av.arbeaumont.eu\/wp-content\/uploads\/2017\/03\/Anais-1-a-imprimer-100x70.jpg 100w, https:\/\/av.arbeaumont.eu\/wp-content\/uploads\/2017\/03\/Anais-1-a-imprimer-696x492.jpg 696w, https:\/\/av.arbeaumont.eu\/wp-content\/uploads\/2017\/03\/Anais-1-a-imprimer-1068x755.jpg 1068w, https:\/\/av.arbeaumont.eu\/wp-content\/uploads\/2017\/03\/Anais-1-a-imprimer-594x420.jpg 594w, https:\/\/av.arbeaumont.eu\/wp-content\/uploads\/2017\/03\/Anais-1-a-imprimer.jpg 2048w\" sizes=\"auto, (max-width: 640px) 100vw, 640px\" \/><\/p>\n<p><img loading=\"lazy\" decoding=\"async\" data-attachment-id=\"324\" data-permalink=\"https:\/\/av.arbeaumont.eu\/index.php\/2017\/03\/16\/sourions-la-vie-est-belle\/jeanne-a-imprimer\/\" data-orig-file=\"https:\/\/av.arbeaumont.eu\/wp-content\/uploads\/2017\/03\/Jeanne-a-imprimer.jpg\" data-orig-size=\"2048,1448\" data-comments-opened=\"0\" data-image-meta=\"{&quot;aperture&quot;:&quot;0&quot;,&quot;credit&quot;:&quot;&quot;,&quot;camera&quot;:&quot;&quot;,&quot;caption&quot;:&quot;&quot;,&quot;created_timestamp&quot;:&quot;0&quot;,&quot;copyright&quot;:&quot;&quot;,&quot;focal_length&quot;:&quot;0&quot;,&quot;iso&quot;:&quot;0&quot;,&quot;shutter_speed&quot;:&quot;0&quot;,&quot;title&quot;:&quot;&quot;,&quot;orientation&quot;:&quot;0&quot;}\" data-image-title=\"Jeanne a imprimer\" data-image-description=\"\" data-image-caption=\"\" data-medium-file=\"https:\/\/av.arbeaumont.eu\/wp-content\/uploads\/2017\/03\/Jeanne-a-imprimer-300x212.jpg\" data-large-file=\"https:\/\/av.arbeaumont.eu\/wp-content\/uploads\/2017\/03\/Jeanne-a-imprimer-1024x724.jpg\" class=\" td-modal-image aligncenter wp-image-324 size-large\" src=\"https:\/\/av.arbeaumont.eu\/wp-content\/uploads\/2017\/03\/Jeanne-a-imprimer-1024x724.jpg\" alt=\"\" width=\"640\" height=\"453\" srcset=\"https:\/\/av.arbeaumont.eu\/wp-content\/uploads\/2017\/03\/Jeanne-a-imprimer-1024x724.jpg 1024w, https:\/\/av.arbeaumont.eu\/wp-content\/uploads\/2017\/03\/Jeanne-a-imprimer-300x212.jpg 300w, https:\/\/av.arbeaumont.eu\/wp-content\/uploads\/2017\/03\/Jeanne-a-imprimer-768x543.jpg 768w, https:\/\/av.arbeaumont.eu\/wp-content\/uploads\/2017\/03\/Jeanne-a-imprimer-100x70.jpg 100w, https:\/\/av.arbeaumont.eu\/wp-content\/uploads\/2017\/03\/Jeanne-a-imprimer-696x492.jpg 696w, https:\/\/av.arbeaumont.eu\/wp-content\/uploads\/2017\/03\/Jeanne-a-imprimer-1068x755.jpg 1068w, https:\/\/av.arbeaumont.eu\/wp-content\/uploads\/2017\/03\/Jeanne-a-imprimer-594x420.jpg 594w, https:\/\/av.arbeaumont.eu\/wp-content\/uploads\/2017\/03\/Jeanne-a-imprimer.jpg 2048w\" sizes=\"auto, (max-width: 640px) 100vw, 640px\" \/><\/p>\n<p><img loading=\"lazy\" decoding=\"async\" data-attachment-id=\"321\" data-permalink=\"https:\/\/av.arbeaumont.eu\/index.php\/2017\/03\/16\/sourions-la-vie-est-belle\/theo-1-jaune\/\" data-orig-file=\"https:\/\/av.arbeaumont.eu\/wp-content\/uploads\/2017\/03\/Theo-1-jaune.jpg\" data-orig-size=\"2048,1448\" data-comments-opened=\"0\" data-image-meta=\"{&quot;aperture&quot;:&quot;0&quot;,&quot;credit&quot;:&quot;&quot;,&quot;camera&quot;:&quot;&quot;,&quot;caption&quot;:&quot;&quot;,&quot;created_timestamp&quot;:&quot;0&quot;,&quot;copyright&quot;:&quot;&quot;,&quot;focal_length&quot;:&quot;0&quot;,&quot;iso&quot;:&quot;0&quot;,&quot;shutter_speed&quot;:&quot;0&quot;,&quot;title&quot;:&quot;&quot;,&quot;orientation&quot;:&quot;0&quot;}\" data-image-title=\"Theo 1 jaune\" data-image-description=\"\" data-image-caption=\"\" data-medium-file=\"https:\/\/av.arbeaumont.eu\/wp-content\/uploads\/2017\/03\/Theo-1-jaune-300x212.jpg\" data-large-file=\"https:\/\/av.arbeaumont.eu\/wp-content\/uploads\/2017\/03\/Theo-1-jaune-1024x724.jpg\" class=\" td-modal-image aligncenter wp-image-321 size-large\" src=\"https:\/\/av.arbeaumont.eu\/wp-content\/uploads\/2017\/03\/Theo-1-jaune-1024x724.jpg\" alt=\"\" width=\"640\" height=\"453\" srcset=\"https:\/\/av.arbeaumont.eu\/wp-content\/uploads\/2017\/03\/Theo-1-jaune-1024x724.jpg 1024w, https:\/\/av.arbeaumont.eu\/wp-content\/uploads\/2017\/03\/Theo-1-jaune-300x212.jpg 300w, https:\/\/av.arbeaumont.eu\/wp-content\/uploads\/2017\/03\/Theo-1-jaune-768x543.jpg 768w, https:\/\/av.arbeaumont.eu\/wp-content\/uploads\/2017\/03\/Theo-1-jaune-100x70.jpg 100w, https:\/\/av.arbeaumont.eu\/wp-content\/uploads\/2017\/03\/Theo-1-jaune-696x492.jpg 696w, https:\/\/av.arbeaumont.eu\/wp-content\/uploads\/2017\/03\/Theo-1-jaune-1068x755.jpg 1068w, https:\/\/av.arbeaumont.eu\/wp-content\/uploads\/2017\/03\/Theo-1-jaune-594x420.jpg 594w, https:\/\/av.arbeaumont.eu\/wp-content\/uploads\/2017\/03\/Theo-1-jaune.jpg 2048w\" sizes=\"auto, (max-width: 640px) 100vw, 640px\" \/><\/p>\n<p><img loading=\"lazy\" decoding=\"async\" data-attachment-id=\"322\" data-permalink=\"https:\/\/av.arbeaumont.eu\/index.php\/2017\/03\/16\/sourions-la-vie-est-belle\/anais-2-a-imprimer\/\" data-orig-file=\"https:\/\/av.arbeaumont.eu\/wp-content\/uploads\/2017\/03\/Anais-2-a-imprimer.jpg\" data-orig-size=\"2048,1448\" data-comments-opened=\"0\" data-image-meta=\"{&quot;aperture&quot;:&quot;0&quot;,&quot;credit&quot;:&quot;&quot;,&quot;camera&quot;:&quot;&quot;,&quot;caption&quot;:&quot;&quot;,&quot;created_timestamp&quot;:&quot;0&quot;,&quot;copyright&quot;:&quot;&quot;,&quot;focal_length&quot;:&quot;0&quot;,&quot;iso&quot;:&quot;0&quot;,&quot;shutter_speed&quot;:&quot;0&quot;,&quot;title&quot;:&quot;&quot;,&quot;orientation&quot;:&quot;0&quot;}\" data-image-title=\"Anais 2 a imprimer\" data-image-description=\"\" data-image-caption=\"\" data-medium-file=\"https:\/\/av.arbeaumont.eu\/wp-content\/uploads\/2017\/03\/Anais-2-a-imprimer-300x212.jpg\" data-large-file=\"https:\/\/av.arbeaumont.eu\/wp-content\/uploads\/2017\/03\/Anais-2-a-imprimer-1024x724.jpg\" class=\" td-modal-image aligncenter wp-image-322 size-large\" src=\"https:\/\/av.arbeaumont.eu\/wp-content\/uploads\/2017\/03\/Anais-2-a-imprimer-1024x724.jpg\" alt=\"\" width=\"640\" height=\"453\" srcset=\"https:\/\/av.arbeaumont.eu\/wp-content\/uploads\/2017\/03\/Anais-2-a-imprimer-1024x724.jpg 1024w, https:\/\/av.arbeaumont.eu\/wp-content\/uploads\/2017\/03\/Anais-2-a-imprimer-300x212.jpg 300w, https:\/\/av.arbeaumont.eu\/wp-content\/uploads\/2017\/03\/Anais-2-a-imprimer-768x543.jpg 768w, https:\/\/av.arbeaumont.eu\/wp-content\/uploads\/2017\/03\/Anais-2-a-imprimer-100x70.jpg 100w, https:\/\/av.arbeaumont.eu\/wp-content\/uploads\/2017\/03\/Anais-2-a-imprimer-696x492.jpg 696w, https:\/\/av.arbeaumont.eu\/wp-content\/uploads\/2017\/03\/Anais-2-a-imprimer-1068x755.jpg 1068w, https:\/\/av.arbeaumont.eu\/wp-content\/uploads\/2017\/03\/Anais-2-a-imprimer-594x420.jpg 594w, https:\/\/av.arbeaumont.eu\/wp-content\/uploads\/2017\/03\/Anais-2-a-imprimer.jpg 2048w\" sizes=\"auto, (max-width: 640px) 100vw, 640px\" \/><\/p>\n<p><img loading=\"lazy\" decoding=\"async\" data-attachment-id=\"325\" data-permalink=\"https:\/\/av.arbeaumont.eu\/index.php\/2017\/03\/16\/sourions-la-vie-est-belle\/noah-1-a-imprimer\/\" data-orig-file=\"https:\/\/av.arbeaumont.eu\/wp-content\/uploads\/2017\/03\/Noah-1-a-imprimer.jpg\" data-orig-size=\"2048,1448\" data-comments-opened=\"0\" data-image-meta=\"{&quot;aperture&quot;:&quot;0&quot;,&quot;credit&quot;:&quot;&quot;,&quot;camera&quot;:&quot;&quot;,&quot;caption&quot;:&quot;&quot;,&quot;created_timestamp&quot;:&quot;0&quot;,&quot;copyright&quot;:&quot;&quot;,&quot;focal_length&quot;:&quot;0&quot;,&quot;iso&quot;:&quot;0&quot;,&quot;shutter_speed&quot;:&quot;0&quot;,&quot;title&quot;:&quot;&quot;,&quot;orientation&quot;:&quot;0&quot;}\" data-image-title=\"Noah 1 a imprimer\" data-image-description=\"\" data-image-caption=\"\" data-medium-file=\"https:\/\/av.arbeaumont.eu\/wp-content\/uploads\/2017\/03\/Noah-1-a-imprimer-300x212.jpg\" data-large-file=\"https:\/\/av.arbeaumont.eu\/wp-content\/uploads\/2017\/03\/Noah-1-a-imprimer-1024x724.jpg\" class=\"aligncenter wp-image-325 size-large\" src=\"https:\/\/av.arbeaumont.eu\/wp-content\/uploads\/2017\/03\/Noah-1-a-imprimer-1024x724.jpg\" alt=\"\" width=\"640\" height=\"453\" srcset=\"https:\/\/av.arbeaumont.eu\/wp-content\/uploads\/2017\/03\/Noah-1-a-imprimer-1024x724.jpg 1024w, https:\/\/av.arbeaumont.eu\/wp-content\/uploads\/2017\/03\/Noah-1-a-imprimer-300x212.jpg 300w, https:\/\/av.arbeaumont.eu\/wp-content\/uploads\/2017\/03\/Noah-1-a-imprimer-768x543.jpg 768w, https:\/\/av.arbeaumont.eu\/wp-content\/uploads\/2017\/03\/Noah-1-a-imprimer-100x70.jpg 100w, https:\/\/av.arbeaumont.eu\/wp-content\/uploads\/2017\/03\/Noah-1-a-imprimer-696x492.jpg 696w, https:\/\/av.arbeaumont.eu\/wp-content\/uploads\/2017\/03\/Noah-1-a-imprimer-1068x755.jpg 1068w, https:\/\/av.arbeaumont.eu\/wp-content\/uploads\/2017\/03\/Noah-1-a-imprimer-594x420.jpg 594w, https:\/\/av.arbeaumont.eu\/wp-content\/uploads\/2017\/03\/Noah-1-a-imprimer.jpg 2048w\" sizes=\"auto, (max-width: 640px) 100vw, 640px\" \/><\/p>\n","protected":false},"excerpt":{"rendered":"<p>Le printemps arrive et nous ne r\u00e9sistons pas \u00e0 l&rsquo;envie de vous montrer nos photos noir et blanc. \u00a0Elles ont \u00e9t\u00e9 r\u00e9alis\u00e9es dans le cadre d&rsquo;un concours de la F\u00e9d\u00e9ration Wallonie-Bruxelles. \u00a0Il s&rsquo;agissait de mettre en image des situations en rapport avec le th\u00e8me \u00ab\u00a0Sourions, la vie est belle\u00a0\u00bb. \u00a0Les photos devaient \u00eatre d\u00e9velopp\u00e9es en [&hellip;]<\/p>\n","protected":false},"author":1,"featured_media":325,"comment_status":"closed","ping_status":"open","sticky":false,"template":"","format":"standard","meta":{"jetpack_post_was_ever_published":false,"footnotes":""},"categories":[7],"tags":[],"class_list":{"0":"post-318","1":"post","2":"type-post","3":"status-publish","4":"format-standard","5":"has-post-thumbnail","7":"category-photos-a-la-une"},"jetpack_featured_media_url":"https:\/\/av.arbeaumont.eu\/wp-content\/uploads\/2017\/03\/Noah-1-a-imprimer.jpg","jetpack_sharing_enabled":true,"jetpack_shortlink":"https:\/\/wp.me\/p8Dhaa-58","jetpack_likes_enabled":true,"jetpack-related-posts":[{"id":3032,"url":"https:\/\/av.arbeaumont.eu\/index.php\/2024\/03\/24\/les-rhetos-invites-a-photographier-la-maternite-de-lobbes\/","url_meta":{"origin":318,"position":0},"title":"Les rh\u00e9tos invit\u00e9s \u00e0 photographier la maternit\u00e9 de Lobbes","date":"24 mars 2024","format":false,"excerpt":"Tout est parti d'un constat : les murs de la maternit\u00e9 de Lobbes sont tristes et peu accueillants.\u00a0 Quel dommage de venir au monde dans un endroit si froid ! Pour r\u00e9soudre le probl\u00e8me, les responsables de la maternit\u00e9 se sont tourn\u00e9s vers l'option audiovisuelle de l'ath\u00e9n\u00e9e de Beaumont.\u00a0\u00a0 Ils\u2026","rel":"","context":"Dans &quot;Les photos&quot;","img":{"alt_text":"","src":"https:\/\/i0.wp.com\/av.arbeaumont.eu\/wp-content\/uploads\/2024\/03\/Leo-Mabille-6.jpg?resize=350%2C200&ssl=1","width":350,"height":200},"classes":[]},{"id":1830,"url":"https:\/\/av.arbeaumont.eu\/index.php\/2020\/03\/08\/non-au-harcelement\/","url_meta":{"origin":318,"position":1},"title":"Non au harc\u00e8lement !","date":"8 mars 2020","format":false,"excerpt":"Le harc\u00e8lement nous touche, Nous, les jeunes d\u00e8s le plus jeune \u00e2ge.\u00a0 Nous devrions pouvoir profiter pleinement de la vie malheureusement certains individus choisissent de la transformer en enfer.\u00a0 Trop de jeunes, t\u00e9moins, regardent et laissent faire.\u00a0 A l\u2019avenir, changeons notre attitude et agissons pour mettre un terme au harc\u00e8lement.\u2026","rel":"","context":"Dans &quot;Les courts-m\u00e9trages&quot;","img":{"alt_text":"","src":"https:\/\/i0.wp.com\/av.arbeaumont.eu\/wp-content\/uploads\/2020\/03\/Capture-d\u2019\u00e9cran-2020-03-08-\u00e0-18.10.17.png?resize=350%2C200&ssl=1","width":350,"height":200},"classes":[]},{"id":3214,"url":"https:\/\/av.arbeaumont.eu\/index.php\/2026\/03\/14\/souris-mchou\/","url_meta":{"origin":318,"position":2},"title":"Souris m&rsquo;chou &#8211; Notre 2e mini entreprise en audiovisuel","date":"14 mars 2026","format":false,"excerpt":"Souris m'chou, c'est le nom de notre deuxi\u00e8me mini-entreprise. Ce projet est encadr\u00e9 par l'asbl LJE - Les Jeunes entreprises - et vise \u00e0 developper chez les jeunes l'esprit d'entreprendre. Oser, cr\u00e9er, r\u00eaver, voil\u00e0 leur slogan. Le principe est simple : les \u00e9l\u00e8ves s'unissent en coop\u00e9rative. Chacun d'entre eux d\u00e9pose\u2026","rel":"","context":"Dans &quot;Souris m'chou&quot;","img":{"alt_text":"","src":"https:\/\/i0.wp.com\/av.arbeaumont.eu\/wp-content\/uploads\/2026\/03\/Prix-meilleure-experience.jpg?resize=350%2C200&ssl=1","width":350,"height":200},"classes":[]},{"id":2384,"url":"https:\/\/av.arbeaumont.eu\/index.php\/2021\/04\/05\/temoignages-danciens-eleves-daudiovisuel\/","url_meta":{"origin":318,"position":3},"title":"T\u00e9moignages d&rsquo;anciens \u00e9l\u00e8ves d&rsquo;audiovisuel","date":"5 avril 2021","format":false,"excerpt":"Eva G\u00e9rard Bac 2 Infirmi\u00e8re Haute \u00e9cole Galil\u00e9e \u00e0 Bruxelles Je suis arriv\u00e9e dans l\u2019option d\u00e8s ma troisi\u00e8me, je suis un peu la mamy de la bande. J\u2019ai choisi cette option car rien ne m\u2019inspirait et aujourd'hui, je suis persuad\u00e9e que cette d\u00e9cision \u00e9tait la meilleure que je pouvais prendre.\u2026","rel":"","context":"Dans &quot;Pr\u00e9sentation de l'option&quot;","img":{"alt_text":"","src":"https:\/\/i0.wp.com\/av.arbeaumont.eu\/wp-content\/uploads\/2021\/04\/Photo-6TTR.jpg?resize=350%2C200&ssl=1","width":350,"height":200},"classes":[]},{"id":166,"url":"https:\/\/av.arbeaumont.eu\/index.php\/2017\/01\/18\/tous-nos-voeux-pour-2017\/","url_meta":{"origin":318,"position":4},"title":"Tous nos voeux pour 2017!","date":"18 janvier 2017","format":false,"excerpt":"Nous vous souhaitons une excellente ann\u00e9e 2017! Et parce que nous avons des id\u00e9es plein la t\u00eate, nous vous proposons une s\u00e9rie de photographies originales. \u00a0Il s'agit de lightpainting ou de peintures avec la lumi\u00e8re. \u00a0Le principe est simple, il suffit de s'installer dans une pi\u00e8ce totalement sombre, de r\u00e9unir\u2026","rel":"","context":"Dans &quot;Photos&quot;","img":{"alt_text":"","src":"https:\/\/i0.wp.com\/av.arbeaumont.eu\/wp-content\/uploads\/2017\/01\/9.-Lightpainting-1.jpg?resize=350%2C200&ssl=1","width":350,"height":200},"classes":[]},{"id":799,"url":"https:\/\/av.arbeaumont.eu\/index.php\/2018\/06\/11\/la-distillerie-de-biercee\/","url_meta":{"origin":318,"position":5},"title":"MAGNIFIQUE DISTILLERIE DE BIERCEE","date":"11 juin 2018","format":false,"excerpt":"La distillerie de Bierc\u00e9e est un endroit tr\u00e8s chouette o\u00f9 les gens sont tr\u00e8s sympathiques et conviviaux. B\u00e9n\u00e9dicte Soupart, responsable du tourisme \u00e0 la distillerie nous emm\u00e8ne faire une petite viste guid\u00e9e. Propos recueillis par Jean-Christophe Bayot, \u00e9l\u00e8ve de 3e audiovisuel. Combien de personnes travaillent \u00e0 la fabrication des produits\u2026","rel":"","context":"Dans &quot;En radio&quot;","img":{"alt_text":"","src":"https:\/\/i0.wp.com\/av.arbeaumont.eu\/wp-content\/uploads\/2018\/06\/machine-4.jpg?resize=350%2C200&ssl=1","width":350,"height":200},"classes":[]}],"amp_enabled":true,"_links":{"self":[{"href":"https:\/\/av.arbeaumont.eu\/index.php\/wp-json\/wp\/v2\/posts\/318","targetHints":{"allow":["GET"]}}],"collection":[{"href":"https:\/\/av.arbeaumont.eu\/index.php\/wp-json\/wp\/v2\/posts"}],"about":[{"href":"https:\/\/av.arbeaumont.eu\/index.php\/wp-json\/wp\/v2\/types\/post"}],"author":[{"embeddable":true,"href":"https:\/\/av.arbeaumont.eu\/index.php\/wp-json\/wp\/v2\/users\/1"}],"replies":[{"embeddable":true,"href":"https:\/\/av.arbeaumont.eu\/index.php\/wp-json\/wp\/v2\/comments?post=318"}],"version-history":[{"count":4,"href":"https:\/\/av.arbeaumont.eu\/index.php\/wp-json\/wp\/v2\/posts\/318\/revisions"}],"predecessor-version":[{"id":328,"href":"https:\/\/av.arbeaumont.eu\/index.php\/wp-json\/wp\/v2\/posts\/318\/revisions\/328"}],"wp:featuredmedia":[{"embeddable":true,"href":"https:\/\/av.arbeaumont.eu\/index.php\/wp-json\/wp\/v2\/media\/325"}],"wp:attachment":[{"href":"https:\/\/av.arbeaumont.eu\/index.php\/wp-json\/wp\/v2\/media?parent=318"}],"wp:term":[{"taxonomy":"category","embeddable":true,"href":"https:\/\/av.arbeaumont.eu\/index.php\/wp-json\/wp\/v2\/categories?post=318"},{"taxonomy":"post_tag","embeddable":true,"href":"https:\/\/av.arbeaumont.eu\/index.php\/wp-json\/wp\/v2\/tags?post=318"}],"curies":[{"name":"wp","href":"https:\/\/api.w.org\/{rel}","templated":true}]}}