{"id":3239,"date":"2026-03-14T11:45:08","date_gmt":"2026-03-14T10:45:08","guid":{"rendered":"https:\/\/av.arbeaumont.eu\/?p=3239"},"modified":"2026-03-14T15:54:11","modified_gmt":"2026-03-14T14:54:11","slug":"notre-voyage-au-benin","status":"publish","type":"post","link":"https:\/\/av.arbeaumont.eu\/index.php\/2026\/03\/14\/notre-voyage-au-benin\/","title":{"rendered":"Un voyage au B\u00e9nin pour soutenir l&rsquo;ONG \u00ab\u00a0Graines de vie\u00a0\u00bb"},"content":{"rendered":"\n<h2 class=\"wp-block-heading\">2 documentaires pour mieux comprendre les enjeux de ce projet<\/h2>\n\n\n\n<p>Gr\u00e2ce aux b\u00e9n\u00e9fices de la mini entreprise Souris m&rsquo;chou et au travail de notre ambassadrice Erasmus, Mme Maria Pillar Carilla, 2 \u00e9l\u00e8ves de l&rsquo;option audiovisuel ont pu se rendre au B\u00e9nin pour apporter le don de 2900 euros de la mini entreprise mais aussi et surtout, d\u00e9couvrir les projets men\u00e9s sur place par l&rsquo;ONG \u00ab\u00a0Graines de vie\u00a0\u00bb.  Une exp\u00e9rience tr\u00e8s enrichissante pour toute l&rsquo;\u00e9quipe qui souhaite poursuivre sa collaboration avec les responsables sur place.<\/p>\n\n\n\n<figure class=\"wp-block-embed is-type-video is-provider-youtube wp-block-embed-youtube wp-embed-aspect-16-9 wp-has-aspect-ratio\"><div class=\"wp-block-embed__wrapper\">\n<span class=\"embed-youtube\" style=\"text-align:center; display: block;\"><iframe loading=\"lazy\" class=\"youtube-player\" width=\"696\" height=\"392\" src=\"https:\/\/www.youtube.com\/embed\/tjD3Gbs1C0g?version=3&#038;rel=1&#038;showsearch=0&#038;showinfo=1&#038;iv_load_policy=1&#038;fs=1&#038;hl=fr-FR&#038;autohide=2&#038;wmode=transparent\" allowfullscreen=\"true\" style=\"border:0;\" sandbox=\"allow-scripts allow-same-origin allow-popups allow-presentation\"><\/iframe><\/span>\n<\/div><\/figure>\n\n\n\n<h2 class=\"wp-block-heading\">Les projets men\u00e9s par l&rsquo;ONG \u00ab\u00a0Graines de vie\u00a0\u00bb<\/h2>\n\n\n\n<figure class=\"wp-block-embed is-type-rich is-provider-prise-en-charge-des-contenus-embarques wp-block-embed-prise-en-charge-des-contenus-embarques wp-embed-aspect-16-9 wp-has-aspect-ratio\"><div class=\"wp-block-embed__wrapper\">\n<span class=\"embed-youtube\" style=\"text-align:center; display: block;\"><iframe loading=\"lazy\" class=\"youtube-player\" width=\"696\" height=\"392\" src=\"https:\/\/www.youtube.com\/embed\/Y67vnHM3lPE?version=3&#038;rel=1&#038;showsearch=0&#038;showinfo=1&#038;iv_load_policy=1&#038;fs=1&#038;hl=fr-FR&#038;autohide=2&#038;wmode=transparent\" allowfullscreen=\"true\" style=\"border:0;\" sandbox=\"allow-scripts allow-same-origin allow-popups allow-presentation\"><\/iframe><\/span>\n<\/div><\/figure>\n","protected":false},"excerpt":{"rendered":"<p>2 documentaires pour mieux comprendre les enjeux de ce projet Gr\u00e2ce aux b\u00e9n\u00e9fices de la mini entreprise Souris m&rsquo;chou et au travail de notre ambassadrice Erasmus, Mme Maria Pillar Carilla, 2 \u00e9l\u00e8ves de l&rsquo;option audiovisuel ont pu se rendre au B\u00e9nin pour apporter le don de 2900 euros de la mini entreprise mais aussi et [&hellip;]<\/p>\n","protected":false},"author":1,"featured_media":3241,"comment_status":"open","ping_status":"closed","sticky":false,"template":"","format":"standard","meta":{"jetpack_post_was_ever_published":false,"footnotes":""},"categories":[24,129],"tags":[],"class_list":{"0":"post-3239","1":"post","2":"type-post","3":"status-publish","4":"format-standard","5":"has-post-thumbnail","7":"category-documentaires","8":"category-videos"},"jetpack_featured_media_url":"https:\/\/av.arbeaumont.eu\/wp-content\/uploads\/2026\/03\/Benin.jpg","jetpack_sharing_enabled":true,"jetpack_shortlink":"https:\/\/wp.me\/p8Dhaa-Qf","jetpack_likes_enabled":true,"jetpack-related-posts":[{"id":3214,"url":"https:\/\/av.arbeaumont.eu\/index.php\/2026\/03\/14\/souris-mchou\/","url_meta":{"origin":3239,"position":0},"title":"Souris m&rsquo;chou &#8211; Notre 2e mini entreprise en audiovisuel","date":"14 mars 2026","format":false,"excerpt":"Souris m'chou, c'est le nom de notre deuxi\u00e8me mini-entreprise. Ce projet est encadr\u00e9 par l'asbl LJE - Les Jeunes entreprises - et vise \u00e0 developper chez les jeunes l'esprit d'entreprendre. Oser, cr\u00e9er, r\u00eaver, voil\u00e0 leur slogan. Le principe est simple : les \u00e9l\u00e8ves s'unissent en coop\u00e9rative. Chacun d'entre eux d\u00e9pose\u2026","rel":"","context":"Dans &quot;Souris m'chou&quot;","img":{"alt_text":"","src":"https:\/\/i0.wp.com\/av.arbeaumont.eu\/wp-content\/uploads\/2026\/03\/Prix-meilleure-experience.jpg?resize=350%2C200&ssl=1","width":350,"height":200},"classes":[]},{"id":481,"url":"https:\/\/av.arbeaumont.eu\/index.php\/2017\/06\/03\/samuser-en-decouvrant-les-coins-insolites-de-beaumont\/","url_meta":{"origin":3239,"position":1},"title":"S&rsquo;amuser en d\u00e9couvrant les coins insolites de Beaumont","date":"3 juin 2017","format":false,"excerpt":"Un webdocumentaire r\u00e9alis\u00e9 par les \u00e9l\u00e8ves de 3e audiovisuel En 2016-2017, l'ath\u00e9n\u00e9e royal de Beaumont a ouvert une option audiovisuel. \u00a0Une quinzaine \u00e9l\u00e8ves ont inaugur\u00e9 la section et dans la foul\u00e9e, ils ont \u00e9t\u00e9 laur\u00e9ats d'un appel \u00e0 projet lanc\u00e9 par le Conseil Sup\u00e9rieur de l'Education aux M\u00e9dias (CSEM). \u00a0Le\u2026","rel":"","context":"Dans &quot;Documentaires&quot;","img":{"alt_text":"","src":"https:\/\/i0.wp.com\/av.arbeaumont.eu\/wp-content\/uploads\/2017\/06\/Capture-d\u2019\u00e9cran-2017-06-03-\u00e0-22.36.33.png?resize=350%2C200&ssl=1","width":350,"height":200},"classes":[]},{"id":776,"url":"https:\/\/av.arbeaumont.eu\/index.php\/2018\/06\/11\/telesambre-parle-du-documentaire-sur-auschwitz\/","url_meta":{"origin":3239,"position":2},"title":"T\u00e9l\u00e9sambre met le documentaire sur Auschwitz \u00e0 l&rsquo;honneur","date":"11 juin 2018","format":false,"excerpt":"Chouette reportage aujourd'hui dans le journal de T\u00e9l\u00e9sambre \u00e0 propos du reportage r\u00e9alis\u00e9 par les 5TTR \u00e0 Auschwitz. \u00a0Plusieurs extraits du documentaires ont \u00e9t\u00e9 repris int\u00e9gralement dans le reportage. \u00a0Une belle r\u00e9compense \u00e0 nouveau pour la section. Lien vers le reportage de T\u00e9l\u00e9sambre Voici quelques photos du tournage.","rel":"","context":"Dans &quot;La section audiovisuelle dans les m\u00e9dias&quot;","img":{"alt_text":"","src":"https:\/\/i0.wp.com\/av.arbeaumont.eu\/wp-content\/uploads\/2018\/05\/Reportage-4.jpg?resize=350%2C200&ssl=1","width":350,"height":200},"classes":[]},{"id":2384,"url":"https:\/\/av.arbeaumont.eu\/index.php\/2021\/04\/05\/temoignages-danciens-eleves-daudiovisuel\/","url_meta":{"origin":3239,"position":3},"title":"T\u00e9moignages d&rsquo;anciens \u00e9l\u00e8ves d&rsquo;audiovisuel","date":"5 avril 2021","format":false,"excerpt":"Eva G\u00e9rard Bac 2 Infirmi\u00e8re Haute \u00e9cole Galil\u00e9e \u00e0 Bruxelles Je suis arriv\u00e9e dans l\u2019option d\u00e8s ma troisi\u00e8me, je suis un peu la mamy de la bande. J\u2019ai choisi cette option car rien ne m\u2019inspirait et aujourd'hui, je suis persuad\u00e9e que cette d\u00e9cision \u00e9tait la meilleure que je pouvais prendre.\u2026","rel":"","context":"Dans &quot;Pr\u00e9sentation de l'option&quot;","img":{"alt_text":"","src":"https:\/\/i0.wp.com\/av.arbeaumont.eu\/wp-content\/uploads\/2021\/04\/Photo-6TTR.jpg?resize=350%2C200&ssl=1","width":350,"height":200},"classes":[]},{"id":1561,"url":"https:\/\/av.arbeaumont.eu\/index.php\/2019\/04\/10\/education-aux-medias-1-heure-2\/","url_meta":{"origin":3239,"position":4},"title":"Education aux m\u00e9dias (1 heure)","date":"10 avril 2019","format":false,"excerpt":"Objectifs g\u00e9n\u00e9raux Approfondir les savoirs, savoir-faire et savoir-\u00eatre abord\u00e9s dans ce m\u00eame cours en cinqui\u00e8me ann\u00e9e, notamment : Apprendre \u00e0 percevoir (regarder, lire, \u00e9couter), \u00e0 analyser et \u00e0 appr\u00e9cier une production audiovisuelle, m\u00e9diatique, en d\u00e9terminer le genre, le but, les moyens techniques et psychologiques utilis\u00e9s par les producteurs et les\u2026","rel":"","context":"Dans &quot;6e ann\u00e9e&quot;","img":{"alt_text":"","src":"https:\/\/i0.wp.com\/av.arbeaumont.eu\/wp-content\/uploads\/2019\/04\/Amok-26resize.jpg?resize=350%2C200&ssl=1","width":350,"height":200},"classes":[]},{"id":753,"url":"https:\/\/av.arbeaumont.eu\/index.php\/2018\/05\/31\/destination-pitchipoi-2\/","url_meta":{"origin":3239,"position":5},"title":"Auschwitz, destination \u00ab\u00a0Pitchipo\u00ef\u00a0\u00bb","date":"31 mai 2018","format":false,"excerpt":"Au coeur de la deuxi\u00e8me guerre mondiale, peu de gens savent exactement ce qui se passe \u00e0 Auschwitz.\u00a0 Lorsque notre h\u00e9ro\u00efne est arr\u00eat\u00e9e \u00e0 Nice en 1944, elle ignore tout du sort et de la destination qui l\u2019attendent. Les Juifs avaient baptis\u00e9 cet endroit inconnu \u00ab\u00a0Pitchipo\u00ef\u00a0\u00bb.\u00a0 C\u2019est l\u00e0, qu\u2019une dizaine\u2026","rel":"","context":"Dans &quot;Documentaires&quot;","img":{"alt_text":"","src":"https:\/\/i0.wp.com\/av.arbeaumont.eu\/wp-content\/uploads\/2018\/05\/Auschwitz-2-4-1.jpg?resize=350%2C200&ssl=1","width":350,"height":200},"classes":[]}],"amp_enabled":true,"_links":{"self":[{"href":"https:\/\/av.arbeaumont.eu\/index.php\/wp-json\/wp\/v2\/posts\/3239","targetHints":{"allow":["GET"]}}],"collection":[{"href":"https:\/\/av.arbeaumont.eu\/index.php\/wp-json\/wp\/v2\/posts"}],"about":[{"href":"https:\/\/av.arbeaumont.eu\/index.php\/wp-json\/wp\/v2\/types\/post"}],"author":[{"embeddable":true,"href":"https:\/\/av.arbeaumont.eu\/index.php\/wp-json\/wp\/v2\/users\/1"}],"replies":[{"embeddable":true,"href":"https:\/\/av.arbeaumont.eu\/index.php\/wp-json\/wp\/v2\/comments?post=3239"}],"version-history":[{"count":5,"href":"https:\/\/av.arbeaumont.eu\/index.php\/wp-json\/wp\/v2\/posts\/3239\/revisions"}],"predecessor-version":[{"id":3248,"href":"https:\/\/av.arbeaumont.eu\/index.php\/wp-json\/wp\/v2\/posts\/3239\/revisions\/3248"}],"wp:featuredmedia":[{"embeddable":true,"href":"https:\/\/av.arbeaumont.eu\/index.php\/wp-json\/wp\/v2\/media\/3241"}],"wp:attachment":[{"href":"https:\/\/av.arbeaumont.eu\/index.php\/wp-json\/wp\/v2\/media?parent=3239"}],"wp:term":[{"taxonomy":"category","embeddable":true,"href":"https:\/\/av.arbeaumont.eu\/index.php\/wp-json\/wp\/v2\/categories?post=3239"},{"taxonomy":"post_tag","embeddable":true,"href":"https:\/\/av.arbeaumont.eu\/index.php\/wp-json\/wp\/v2\/tags?post=3239"}],"curies":[{"name":"wp","href":"https:\/\/api.w.org\/{rel}","templated":true}]}}