{"id":3252,"date":"2026-03-14T12:30:46","date_gmt":"2026-03-14T11:30:46","guid":{"rendered":"https:\/\/av.arbeaumont.eu\/?p=3252"},"modified":"2026-03-14T17:42:55","modified_gmt":"2026-03-14T16:42:55","slug":"organiser-un-concert-de-a-a-z","status":"publish","type":"post","link":"https:\/\/av.arbeaumont.eu\/index.php\/2026\/03\/14\/organiser-un-concert-de-a-a-z\/","title":{"rendered":"Organiser un concert de A \u00e0 Z"},"content":{"rendered":"\n<h2 class=\"wp-block-heading\">Un nouveau d\u00e9fi audiovisuel en collaboration avec la <a href=\"https:\/\/www.mjbeaumont.be\/\">Maison des Jeunes<\/a> de Beaumont<\/h2>\n\n\n\n<p>Organiser un concert de musique, c&rsquo;est \u00e0 priori tr\u00e8s simple. Il suffit de contacter des groupes, de fixer une date, de trouver une salle, de remplir un peu de paperasse administrative pour la s\u00e9curit\u00e9 et pour les soci\u00e9t\u00e9s de droits d&rsquo;auteur, v\u00e9rifier l&rsquo;assurance, contacter un brasseur, faire de la pub et organiser les d\u00e9tails pratiques des entr\u00e9es, tickets, boissons&#8230; A vrai dire, rien que cette partie n&rsquo;est d\u00e9j\u00e0 pas si simple pour des adolescents qui n&rsquo;ont, pour la plupart, jamais \u00e9t\u00e9 confront\u00e9s \u00e0 ce type de d\u00e9marche. Rien que la prise de contacts avec des personnes inconnues repr\u00e9sente parfois un \u00e9norme obstacle \u00e0 franchir pour obtenir ce qu&rsquo;ils souhaitent.<\/p>\n\n\n\n<div><a href=\"https:\/\/av.arbeaumont.eu\/wp-content\/uploads\/2026\/03\/Affiche-modifiee-logos-724x1024.jpg\" class=\"td-modal-image\"><figure class=\"wp-block-image size-large is-resized\"><img loading=\"lazy\" decoding=\"async\" width=\"724\" height=\"1024\" data-attachment-id=\"3279\" data-permalink=\"https:\/\/av.arbeaumont.eu\/index.php\/2026\/03\/14\/organiser-un-concert-de-a-a-z\/affiche-modifiee-logos\/\" data-orig-file=\"https:\/\/av.arbeaumont.eu\/wp-content\/uploads\/2026\/03\/Affiche-modifiee-logos.jpg\" data-orig-size=\"1448,2048\" data-comments-opened=\"1\" data-image-meta=\"{&quot;aperture&quot;:&quot;0&quot;,&quot;credit&quot;:&quot;&quot;,&quot;camera&quot;:&quot;&quot;,&quot;caption&quot;:&quot;&quot;,&quot;created_timestamp&quot;:&quot;0&quot;,&quot;copyright&quot;:&quot;&quot;,&quot;focal_length&quot;:&quot;0&quot;,&quot;iso&quot;:&quot;0&quot;,&quot;shutter_speed&quot;:&quot;0&quot;,&quot;title&quot;:&quot;&quot;,&quot;orientation&quot;:&quot;1&quot;}\" data-image-title=\"Affiche modifie\u0301e logos\" data-image-description=\"\" data-image-caption=\"\" data-medium-file=\"https:\/\/av.arbeaumont.eu\/wp-content\/uploads\/2026\/03\/Affiche-modifiee-logos-212x300.jpg\" data-large-file=\"https:\/\/av.arbeaumont.eu\/wp-content\/uploads\/2026\/03\/Affiche-modifiee-logos-724x1024.jpg\" src=\"https:\/\/av.arbeaumont.eu\/wp-content\/uploads\/2026\/03\/Affiche-modifiee-logos-724x1024.jpg\" alt=\"\" class=\"wp-image-3279\" style=\"width:724px;height:auto\" srcset=\"https:\/\/av.arbeaumont.eu\/wp-content\/uploads\/2026\/03\/Affiche-modifiee-logos-724x1024.jpg 724w, https:\/\/av.arbeaumont.eu\/wp-content\/uploads\/2026\/03\/Affiche-modifiee-logos-212x300.jpg 212w, https:\/\/av.arbeaumont.eu\/wp-content\/uploads\/2026\/03\/Affiche-modifiee-logos-768x1086.jpg 768w, https:\/\/av.arbeaumont.eu\/wp-content\/uploads\/2026\/03\/Affiche-modifiee-logos-1086x1536.jpg 1086w, https:\/\/av.arbeaumont.eu\/wp-content\/uploads\/2026\/03\/Affiche-modifiee-logos-297x420.jpg 297w, https:\/\/av.arbeaumont.eu\/wp-content\/uploads\/2026\/03\/Affiche-modifiee-logos-696x984.jpg 696w, https:\/\/av.arbeaumont.eu\/wp-content\/uploads\/2026\/03\/Affiche-modifiee-logos-1068x1511.jpg 1068w, https:\/\/av.arbeaumont.eu\/wp-content\/uploads\/2026\/03\/Affiche-modifiee-logos.jpg 1448w\" sizes=\"auto, (max-width: 724px) 100vw, 724px\" \/><figcaption class=\"wp-element-caption\">Affiche cr\u00e9\u00e9e par Cyprien Aubry<\/figcaption><\/figure><\/a><\/div>\n\n\n\n<h2 class=\"wp-block-heading\">Les techniciens, ce sont les \u00e9l\u00e8ves!<\/h2>\n\n\n\n<p>Bien s\u00fbr, pour un concert, il faut engager les groupes, mais aussi toute la partie technique. Et c&rsquo;est l\u00e0 que le d\u00e9fi devient int\u00e9ressant puisque, dans ce projet, les techniciens, ce seront les \u00e9l\u00e8ves de l&rsquo;option audiovisuel. Depuis le d\u00e9but de l&rsquo;ann\u00e9e scolaire 2025, ils se forment donc aux techniques audiovisuelles. La chaine du son, les types de micros, les connecteurs, la table de mixage, les fr\u00e9quences, les types d&rsquo;\u00e9clairages, les c\u00e2bles, un peu d&rsquo;\u00e9lectricit\u00e9 (pour ne pas tout faire sauter apr\u00e8s 4 branchements), le protocole DMX, bref une toute nouvelle facette de l&rsquo;audiovisuel que nous n&rsquo;avions encore jamais exp\u00e9riment\u00e9e jusqu&rsquo;ici. N&rsquo;\u00e9tant jamais r\u00e9alis\u00e9 ce type d&rsquo;exercice en pratique, nous nous sommes associ\u00e9s \u00e0 un sp\u00e9cialiste des spectacles : Kevin Gilles, musicien, technicien audiovisuel et animateur \u00e0 la Maison des Jeunes de Beaumont. Sa collaboration est franchement tr\u00e8s pr\u00e9cieuse et sans lui, ce projet n&rsquo;aurait jamais pu voir le jour.<\/p>\n\n\n\n<p>Et encore une fois, nous remercions grandement le PECA Hainaut sud pour son \u00ab\u00a0Coup de pouce\u00a0\u00bb financier et relationnel.  <\/p>\n\n\n\n<p>A 3 semaines du jour J, voici quelques vid\u00e9o tourn\u00e9es par les \u00e9l\u00e8ves pour faire la promo de l&rsquo;\u00e9v\u00e9nement.<\/p>\n\n\n\n<figure class=\"wp-block-embed is-type-video is-provider-youtube wp-block-embed-youtube wp-embed-aspect-16-9 wp-has-aspect-ratio\"><div class=\"wp-block-embed__wrapper\">\n<span class=\"embed-youtube\" style=\"text-align:center; display: block;\"><iframe loading=\"lazy\" class=\"youtube-player\" width=\"696\" height=\"392\" src=\"https:\/\/www.youtube.com\/embed\/2-25FM2XhQs?version=3&#038;rel=1&#038;showsearch=0&#038;showinfo=1&#038;iv_load_policy=1&#038;fs=1&#038;hl=fr-FR&#038;autohide=2&#038;wmode=transparent\" allowfullscreen=\"true\" style=\"border:0;\" sandbox=\"allow-scripts allow-same-origin allow-popups allow-presentation\"><\/iframe><\/span>\n<\/div><\/figure>\n\n\n\n<figure class=\"wp-block-embed is-type-video is-provider-youtube wp-block-embed-youtube wp-embed-aspect-16-9 wp-has-aspect-ratio\"><div class=\"wp-block-embed__wrapper\">\n <span class=\"embed-youtube\" style=\"text-align:center; display: block;\"><iframe loading=\"lazy\" class=\"youtube-player\" width=\"696\" height=\"392\" src=\"https:\/\/www.youtube.com\/embed\/E-9RmLwHFRQ?version=3&#038;rel=1&#038;showsearch=0&#038;showinfo=1&#038;iv_load_policy=1&#038;fs=1&#038;hl=fr-FR&#038;autohide=2&#038;wmode=transparent\" allowfullscreen=\"true\" style=\"border:0;\" sandbox=\"allow-scripts allow-same-origin allow-popups allow-presentation\"><\/iframe><\/span>\n<\/div><\/figure>\n\n\n\n<p><\/p>\n","protected":false},"excerpt":{"rendered":"<p>Un nouveau d\u00e9fi audiovisuel en collaboration avec la Maison des Jeunes de Beaumont Organiser un concert de musique, c&rsquo;est \u00e0 priori tr\u00e8s simple. Il suffit de contacter des groupes, de fixer une date, de trouver une salle, de remplir un peu de paperasse administrative pour la s\u00e9curit\u00e9 et pour les soci\u00e9t\u00e9s de droits d&rsquo;auteur, v\u00e9rifier [&hellip;]<\/p>\n","protected":false},"author":1,"featured_media":3258,"comment_status":"open","ping_status":"closed","sticky":false,"template":"","format":"standard","meta":{"jetpack_post_was_ever_published":false,"footnotes":""},"categories":[420,6],"tags":[],"class_list":{"0":"post-3252","1":"post","2":"type-post","3":"status-publish","4":"format-standard","5":"has-post-thumbnail","7":"category-concert-de-a-a-z","8":"category-les-evenements"},"jetpack_featured_media_url":"https:\/\/av.arbeaumont.eu\/wp-content\/uploads\/2026\/03\/DSC_0075.jpg","jetpack_sharing_enabled":true,"jetpack_shortlink":"https:\/\/wp.me\/p8Dhaa-Qs","jetpack_likes_enabled":true,"jetpack-related-posts":[{"id":881,"url":"https:\/\/av.arbeaumont.eu\/index.php\/2018\/06\/11\/les-3-auvergnats\/","url_meta":{"origin":3252,"position":0},"title":"LES 3 AUVERGNATS","date":"11 juin 2018","format":false,"excerpt":"Le caf\u00e9 culturel Ancien professeur de morale, Geoffroy, barman au caf\u00e9 culturel \u00ab\u00a0Les 3 auvergnats\u00a0\u00bb, a d\u00e9cid\u00e9 d\u2019arr\u00eater l\u2019enseignement pour ouvrir un caf\u00e9 tr\u00e8s particulier. Passionn\u00e9 de musique depuis plus de 18 ans, il r\u00eavait d\u2019ouvrir cet \u00e9tablissement o\u00f9 les concerts sont source de bonheur chaque semaine. PROPOS RECUEILLIS PAR\u2026","rel":"","context":"Dans &quot;En radio&quot;","img":{"alt_text":"","src":"https:\/\/i0.wp.com\/av.arbeaumont.eu\/wp-content\/uploads\/2018\/06\/photo-16-examen_.jpg?resize=350%2C200&ssl=1","width":350,"height":200},"classes":[]},{"id":2384,"url":"https:\/\/av.arbeaumont.eu\/index.php\/2021\/04\/05\/temoignages-danciens-eleves-daudiovisuel\/","url_meta":{"origin":3252,"position":1},"title":"T\u00e9moignages d&rsquo;anciens \u00e9l\u00e8ves d&rsquo;audiovisuel","date":"5 avril 2021","format":false,"excerpt":"Eva G\u00e9rard Bac 2 Infirmi\u00e8re Haute \u00e9cole Galil\u00e9e \u00e0 Bruxelles Je suis arriv\u00e9e dans l\u2019option d\u00e8s ma troisi\u00e8me, je suis un peu la mamy de la bande. J\u2019ai choisi cette option car rien ne m\u2019inspirait et aujourd'hui, je suis persuad\u00e9e que cette d\u00e9cision \u00e9tait la meilleure que je pouvais prendre.\u2026","rel":"","context":"Dans &quot;Pr\u00e9sentation de l'option&quot;","img":{"alt_text":"","src":"https:\/\/i0.wp.com\/av.arbeaumont.eu\/wp-content\/uploads\/2021\/04\/Photo-6TTR.jpg?resize=350%2C200&ssl=1","width":350,"height":200},"classes":[]},{"id":893,"url":"https:\/\/av.arbeaumont.eu\/index.php\/2018\/06\/11\/le-moise\/","url_meta":{"origin":3252,"position":2},"title":"LE MO\u00cfSE","date":"11 juin 2018","format":false,"excerpt":"Plus d'un demi si\u00e8cle d'existence Le Mo\u00efse se situe \u00e0 la rue F\u00e9lix Dutry sur la route principale du centre de Beaumont. J\u2019y ai rencontr\u00e9 Sylvie, la g\u00e9rante. C\u2019est la deuxi\u00e8me propri\u00e9taire de ce magasin, sp\u00e9cialis\u00e9 dans les articles de f\u00eates.\u00a0 Voici une invitation \u00e0 pousser la porte d\u2019entr\u00e9e. Propos\u2026","rel":"","context":"Dans &quot;En radio&quot;","img":{"alt_text":"","src":"https:\/\/i0.wp.com\/av.arbeaumont.eu\/wp-content\/uploads\/2018\/06\/photos3.jpg?resize=350%2C200&ssl=1","width":350,"height":200},"classes":[]},{"id":3214,"url":"https:\/\/av.arbeaumont.eu\/index.php\/2026\/03\/14\/souris-mchou\/","url_meta":{"origin":3252,"position":3},"title":"Souris m&rsquo;chou &#8211; Notre 2e mini entreprise en audiovisuel","date":"14 mars 2026","format":false,"excerpt":"Souris m'chou, c'est le nom de notre deuxi\u00e8me mini-entreprise. Ce projet est encadr\u00e9 par l'asbl LJE - Les Jeunes entreprises - et vise \u00e0 developper chez les jeunes l'esprit d'entreprendre. Oser, cr\u00e9er, r\u00eaver, voil\u00e0 leur slogan. Le principe est simple : les \u00e9l\u00e8ves s'unissent en coop\u00e9rative. Chacun d'entre eux d\u00e9pose\u2026","rel":"","context":"Dans &quot;Souris m'chou&quot;","img":{"alt_text":"","src":"https:\/\/i0.wp.com\/av.arbeaumont.eu\/wp-content\/uploads\/2026\/03\/Prix-meilleure-experience.jpg?resize=350%2C200&ssl=1","width":350,"height":200},"classes":[]},{"id":422,"url":"https:\/\/av.arbeaumont.eu\/index.php\/2017\/04\/10\/des-photos-avec-une-boite-de-conserve\/","url_meta":{"origin":3252,"position":4},"title":"Des photos avec une boite de conserve?","date":"10 avril 2017","format":false,"excerpt":"C'est possible gr\u00e2ce au st\u00e9nop\u00e9. Le st\u00e9nop\u00e9 est l\u2019anc\u00eatre de l\u2019appareil photo moderne. C\u2019est un dispositif optique tr\u00e8s simple d\u00e9riv\u00e9 du principe de la camera obscura ou chambre noire. \u00a0 \u00a0Le principe consiste \u00e0 faire un petit trou dans un mur ou une boite noire, ce qui permet d\u2019obtenir une\u2026","rel":"","context":"Dans &quot;Photos&quot;","img":{"alt_text":"","src":"https:\/\/i0.wp.com\/av.arbeaumont.eu\/wp-content\/uploads\/2017\/04\/DSC08112.jpg?resize=350%2C200&ssl=1","width":350,"height":200},"classes":[]},{"id":166,"url":"https:\/\/av.arbeaumont.eu\/index.php\/2017\/01\/18\/tous-nos-voeux-pour-2017\/","url_meta":{"origin":3252,"position":5},"title":"Tous nos voeux pour 2017!","date":"18 janvier 2017","format":false,"excerpt":"Nous vous souhaitons une excellente ann\u00e9e 2017! Et parce que nous avons des id\u00e9es plein la t\u00eate, nous vous proposons une s\u00e9rie de photographies originales. \u00a0Il s'agit de lightpainting ou de peintures avec la lumi\u00e8re. \u00a0Le principe est simple, il suffit de s'installer dans une pi\u00e8ce totalement sombre, de r\u00e9unir\u2026","rel":"","context":"Dans &quot;Photos&quot;","img":{"alt_text":"","src":"https:\/\/i0.wp.com\/av.arbeaumont.eu\/wp-content\/uploads\/2017\/01\/9.-Lightpainting-1.jpg?resize=350%2C200&ssl=1","width":350,"height":200},"classes":[]}],"amp_enabled":true,"_links":{"self":[{"href":"https:\/\/av.arbeaumont.eu\/index.php\/wp-json\/wp\/v2\/posts\/3252","targetHints":{"allow":["GET"]}}],"collection":[{"href":"https:\/\/av.arbeaumont.eu\/index.php\/wp-json\/wp\/v2\/posts"}],"about":[{"href":"https:\/\/av.arbeaumont.eu\/index.php\/wp-json\/wp\/v2\/types\/post"}],"author":[{"embeddable":true,"href":"https:\/\/av.arbeaumont.eu\/index.php\/wp-json\/wp\/v2\/users\/1"}],"replies":[{"embeddable":true,"href":"https:\/\/av.arbeaumont.eu\/index.php\/wp-json\/wp\/v2\/comments?post=3252"}],"version-history":[{"count":9,"href":"https:\/\/av.arbeaumont.eu\/index.php\/wp-json\/wp\/v2\/posts\/3252\/revisions"}],"predecessor-version":[{"id":3283,"href":"https:\/\/av.arbeaumont.eu\/index.php\/wp-json\/wp\/v2\/posts\/3252\/revisions\/3283"}],"wp:featuredmedia":[{"embeddable":true,"href":"https:\/\/av.arbeaumont.eu\/index.php\/wp-json\/wp\/v2\/media\/3258"}],"wp:attachment":[{"href":"https:\/\/av.arbeaumont.eu\/index.php\/wp-json\/wp\/v2\/media?parent=3252"}],"wp:term":[{"taxonomy":"category","embeddable":true,"href":"https:\/\/av.arbeaumont.eu\/index.php\/wp-json\/wp\/v2\/categories?post=3252"},{"taxonomy":"post_tag","embeddable":true,"href":"https:\/\/av.arbeaumont.eu\/index.php\/wp-json\/wp\/v2\/tags?post=3252"}],"curies":[{"name":"wp","href":"https:\/\/api.w.org\/{rel}","templated":true}]}}