{"id":3284,"date":"2026-03-14T13:19:39","date_gmt":"2026-03-14T12:19:39","guid":{"rendered":"https:\/\/av.arbeaumont.eu\/?p=3284"},"modified":"2026-03-14T15:53:06","modified_gmt":"2026-03-14T14:53:06","slug":"clip-de-prevention-sante-mentale","status":"publish","type":"post","link":"https:\/\/av.arbeaumont.eu\/index.php\/2026\/03\/14\/clip-de-prevention-sante-mentale\/","title":{"rendered":"Clip de pr\u00e9vention &#8211; sant\u00e9 mentale"},"content":{"rendered":"\n<p>Dans le cadre de son examen de fin de rh\u00e9to, L\u00e9ane Herman a r\u00e9alis\u00e9 un clip de pr\u00e9vention relatif \u00e0 la sant\u00e9 mentale.  L&rsquo;association n&rsquo;existe pas, elle a \u00e9t\u00e9 invent\u00e9e.  L&rsquo;exercice porte sur le contenu v\u00e9hicul\u00e9, la mani\u00e8re de le traduire en images et en sons, le tournage te le montage.  Un magnifique document qui lui a demand\u00e9 de longues heures de pr\u00e9paration et de r\u00e9alisation.<\/p>\n\n\n\n<p>Cerise sur le g\u00e2teau, elle a en plus obtenu la participation exceptionnelle de Tim, le finaliste de Dancer Belgium 2025.  Encore bravo \u00e0 elle!<\/p>\n\n\n\n<figure class=\"wp-block-embed is-type-video is-provider-youtube wp-block-embed-youtube wp-embed-aspect-16-9 wp-has-aspect-ratio\"><div class=\"wp-block-embed__wrapper\">\n<span class=\"embed-youtube\" style=\"text-align:center; display: block;\"><iframe loading=\"lazy\" class=\"youtube-player\" width=\"696\" height=\"392\" src=\"https:\/\/www.youtube.com\/embed\/h0ZuI3hkOJI?version=3&#038;rel=1&#038;showsearch=0&#038;showinfo=1&#038;iv_load_policy=1&#038;fs=1&#038;hl=fr-FR&#038;autohide=2&#038;wmode=transparent\" allowfullscreen=\"true\" style=\"border:0;\" sandbox=\"allow-scripts allow-same-origin allow-popups allow-presentation\"><\/iframe><\/span>\n<\/div><\/figure>\n\n\n\n<p><\/p>\n","protected":false},"excerpt":{"rendered":"<p>Dans le cadre de son examen de fin de rh\u00e9to, L\u00e9ane Herman a r\u00e9alis\u00e9 un clip de pr\u00e9vention relatif \u00e0 la sant\u00e9 mentale. L&rsquo;association n&rsquo;existe pas, elle a \u00e9t\u00e9 invent\u00e9e. L&rsquo;exercice porte sur le contenu v\u00e9hicul\u00e9, la mani\u00e8re de le traduire en images et en sons, le tournage te le montage. Un magnifique document qui [&hellip;]<\/p>\n","protected":false},"author":1,"featured_media":3286,"comment_status":"open","ping_status":"closed","sticky":false,"template":"","format":"standard","meta":{"jetpack_post_was_ever_published":false,"footnotes":""},"categories":[39,129],"tags":[],"class_list":{"0":"post-3284","1":"post","2":"type-post","3":"status-publish","4":"format-standard","5":"has-post-thumbnail","7":"category-publicite","8":"category-videos"},"jetpack_featured_media_url":"https:\/\/av.arbeaumont.eu\/wp-content\/uploads\/2026\/03\/Capture-decran-2026-03-14-a-13.18.04.jpg","jetpack_sharing_enabled":true,"jetpack_shortlink":"https:\/\/wp.me\/p8Dhaa-QY","jetpack_likes_enabled":true,"jetpack-related-posts":[{"id":539,"url":"https:\/\/av.arbeaumont.eu\/index.php\/2017\/12\/17\/securite-routiere\/","url_meta":{"origin":3284,"position":0},"title":"S\u00e9curit\u00e9 routi\u00e8re","date":"17 d\u00e9cembre 2017","format":false,"excerpt":"Tournage d'un clip de pr\u00e9vention Dans le cadre d'une collaboration men\u00e9e avec la maison des jeunes de Beaumont, les \u00e9l\u00e8ves de 5e audiovisuel ont r\u00e9alis\u00e9 le tournage d'un clip de pr\u00e9vention relatif \u00e0 la s\u00e9curit\u00e9 routi\u00e8re. \u00a0Durant toute une journ\u00e9e, ils se sont mis dans la peau de cameraman, preneur\u2026","rel":"","context":"Dans &quot;Les courts-m\u00e9trages&quot;","img":{"alt_text":"","src":"https:\/\/i0.wp.com\/av.arbeaumont.eu\/wp-content\/uploads\/2017\/12\/PUB-5TTR-17.jpg?resize=350%2C200&ssl=1","width":350,"height":200},"classes":[]},{"id":630,"url":"https:\/\/av.arbeaumont.eu\/index.php\/2018\/01\/24\/collaboration-entre-la-maison-des-jeunes-de-beaumont-et-lathenee\/","url_meta":{"origin":3284,"position":1},"title":"La s\u00e9curit\u00e9 sur la route et sur internet","date":"24 janvier 2018","format":"video","excerpt":"La publicit\u00e9 en question Comment construire un message publicitaire ? \u00a0Quels sont les trucs utilis\u00e9s par les soci\u00e9t\u00e9s de marketing pour nous pi\u00e9ger? \u00a0Cherche-t-on \u00e0 nous mentir et \u00e0 nous manipuler? \u00a0Quelle vision de la soci\u00e9t\u00e9 la publicit\u00e9 nous renvoie-elle? \u00a0Toutes ces questions, nous les avons examin\u00e9es avec les 4e\u2026","rel":"","context":"Dans &quot;Affiches&quot;","img":{"alt_text":"","src":"https:\/\/i0.wp.com\/av.arbeaumont.eu\/wp-content\/uploads\/2018\/01\/BERNARD-Noah-Pub.jpg?resize=350%2C200&ssl=1","width":350,"height":200},"classes":[]},{"id":1499,"url":"https:\/\/av.arbeaumont.eu\/index.php\/2026\/02\/10\/nathalie-papleux\/","url_meta":{"origin":3284,"position":2},"title":"Nathalie Papleux","date":"10 f\u00e9vrier 2026","format":false,"excerpt":"Licenci\u00e9e en journalisme et communication de l'ULB et d\u00e9tentrice d'un master en Education aux m\u00e9dias de l'IHECS, elle a \u00e9t\u00e9 journaliste professionnelle \u00e0 la RTBF pendant plus de 20 ans. \u00a0Elle a travaill\u00e9 en t\u00e9l\u00e9 pour le JT, Au nom de la loi, Devoir d'enqu\u00eate et en radio pour les\u2026","rel":"","context":"Dans &quot;Les cours&quot;","img":{"alt_text":"","src":"https:\/\/i0.wp.com\/av.arbeaumont.eu\/wp-content\/uploads\/2026\/03\/235207102_2259287310869510_8797960619023868480_n-2.jpg?resize=350%2C200&ssl=1","width":350,"height":200},"classes":[]},{"id":2611,"url":"https:\/\/av.arbeaumont.eu\/index.php\/2022\/01\/08\/bibliotheques-humaines\/","url_meta":{"origin":3284,"position":3},"title":"Perrine, \u00e0 l&rsquo;\u00e9coute de la nature","date":"8 janvier 2022","format":false,"excerpt":"Perrine est-elle une alchimiste? Une magicienne? Une botaniste? Ou tout simplement une femme qui sait observer et \u00e9couter la nature? Toute l'ann\u00e9e, Perrine s\u00e8me, nourrit, r\u00e9colte et s\u00e8che les plantes pour en cr\u00e9er des \u00e9lixirs, des huiles, des hydrolats, \u2026 pour prendre soin du corps, mais aussi de l'\u00e2me!Mais le\u2026","rel":"","context":"Dans &quot;Biblioth\u00e8ques humaines&quot;","img":{"alt_text":"","src":"https:\/\/i0.wp.com\/av.arbeaumont.eu\/wp-content\/uploads\/2022\/01\/Perrine-2.jpg?resize=350%2C200&ssl=1","width":350,"height":200},"classes":[]},{"id":1495,"url":"https:\/\/av.arbeaumont.eu\/index.php\/2026\/02\/10\/marie-line-dubuit\/","url_meta":{"origin":3284,"position":4},"title":"Marie-Line Dubuit","date":"10 f\u00e9vrier 2026","format":false,"excerpt":"Elle a \u00e9tudi\u00e9 \u00e0 l'\u00e9cole sup\u00e9rieure Albert Jacquard \u00e0 Namur en arts plastiques. Elle enseigne la photographie et les arts plastiques depuis 10 ans. Cours dispens\u00e9s dans l'option : Dessin artistique (3e et 4e) - 2 heures Histoire de l'art (3e et 4e) - 1 heure","rel":"","context":"Dans &quot;Les cours&quot;","img":{"alt_text":"","src":"https:\/\/i0.wp.com\/av.arbeaumont.eu\/wp-content\/uploads\/2019\/04\/Capture-d\u2019\u00e9cran-2019-04-10-\u00e0-10.02.46-e1554901690726.png?resize=350%2C200&ssl=1","width":350,"height":200},"classes":[]},{"id":2443,"url":"https:\/\/av.arbeaumont.eu\/index.php\/2021\/04\/06\/loption-audiovisuel-est-elle-faite-pour-toi\/","url_meta":{"origin":3284,"position":5},"title":"Questionnaire : l&rsquo;option audiovisuel est-elle faite pour toi?","date":"6 avril 2021","format":false,"excerpt":"Tu entres en 3e, 4e ou 5e secondaire et tu ne sais pas quelle option choisir l'an prochain? Et pourquoi pas l'audiovisuel. C'est une option de l'enseignement technique de transition qui te permet de suivre un enseignement g\u00e9n\u00e9ral tout en ayant des cours orient\u00e9s vers l'image, le son et les\u2026","rel":"","context":"Dans &quot;Pr\u00e9sentation de l'option&quot;","img":{"alt_text":"","src":"https:\/\/i0.wp.com\/av.arbeaumont.eu\/wp-content\/uploads\/2021\/04\/Amok-3.jpg?resize=350%2C200&ssl=1","width":350,"height":200},"classes":[]}],"amp_enabled":true,"_links":{"self":[{"href":"https:\/\/av.arbeaumont.eu\/index.php\/wp-json\/wp\/v2\/posts\/3284","targetHints":{"allow":["GET"]}}],"collection":[{"href":"https:\/\/av.arbeaumont.eu\/index.php\/wp-json\/wp\/v2\/posts"}],"about":[{"href":"https:\/\/av.arbeaumont.eu\/index.php\/wp-json\/wp\/v2\/types\/post"}],"author":[{"embeddable":true,"href":"https:\/\/av.arbeaumont.eu\/index.php\/wp-json\/wp\/v2\/users\/1"}],"replies":[{"embeddable":true,"href":"https:\/\/av.arbeaumont.eu\/index.php\/wp-json\/wp\/v2\/comments?post=3284"}],"version-history":[{"count":1,"href":"https:\/\/av.arbeaumont.eu\/index.php\/wp-json\/wp\/v2\/posts\/3284\/revisions"}],"predecessor-version":[{"id":3287,"href":"https:\/\/av.arbeaumont.eu\/index.php\/wp-json\/wp\/v2\/posts\/3284\/revisions\/3287"}],"wp:featuredmedia":[{"embeddable":true,"href":"https:\/\/av.arbeaumont.eu\/index.php\/wp-json\/wp\/v2\/media\/3286"}],"wp:attachment":[{"href":"https:\/\/av.arbeaumont.eu\/index.php\/wp-json\/wp\/v2\/media?parent=3284"}],"wp:term":[{"taxonomy":"category","embeddable":true,"href":"https:\/\/av.arbeaumont.eu\/index.php\/wp-json\/wp\/v2\/categories?post=3284"},{"taxonomy":"post_tag","embeddable":true,"href":"https:\/\/av.arbeaumont.eu\/index.php\/wp-json\/wp\/v2\/tags?post=3284"}],"curies":[{"name":"wp","href":"https:\/\/api.w.org\/{rel}","templated":true}]}}