{"id":3295,"date":"2026-03-14T13:34:16","date_gmt":"2026-03-14T12:34:16","guid":{"rendered":"https:\/\/av.arbeaumont.eu\/?p=3295"},"modified":"2026-03-14T14:19:47","modified_gmt":"2026-03-14T13:19:47","slug":"les-coulisses-du-court-metrage","status":"publish","type":"post","link":"https:\/\/av.arbeaumont.eu\/index.php\/2026\/03\/14\/les-coulisses-du-court-metrage\/","title":{"rendered":"Les coulisses du court-m\u00e9trage \u00ab\u00a0Cours \u00e0 rebours\u00a0\u00bb"},"content":{"rendered":"\n<p>Les coulisses du court-m\u00e9trage Cours \u00e0 rebours, r\u00e9alis\u00e9 par les \u00e9l\u00e8ves de l&rsquo;ITCF Erquelinnes et ceux de l&rsquo;ath\u00e9n\u00e9e de Beaumont, option audiovisuel. Un projet lanc\u00e9 dans le cadre du PECA qui a permis aux jeunes de d\u00e9couvrir un univers qu&rsquo;ils ne connaissaient pas. Obstacles, d\u00e9fis, d\u00e9passement, confiance en soi, expression en public, maitrise de la cam\u00e9ra et du son&#8230; SILENCE, MOTEUR et Action!  <\/p>\n\n\n\n<p>Ce making of a \u00e9t\u00e9 enti\u00e8rement tourn\u00e9 et mont\u00e9 par Marie Castilleux, \u00e9l\u00e8ve de rh\u00e9to.  Lors de sa diffusion au Quai 10, un cam\u00e9raman professionnel pr\u00e9sent sur place a salu\u00e9 la qualit\u00e9 profesionnelle de son film.  Une belle reconnaissance pour Marie ainsi que pour toute l&rsquo;option.<\/p>\n\n\n\n<figure class=\"wp-block-embed is-type-video is-provider-youtube wp-block-embed-youtube wp-embed-aspect-16-9 wp-has-aspect-ratio\"><div class=\"wp-block-embed__wrapper\">\n<span class=\"embed-youtube\" style=\"text-align:center; display: block;\"><iframe loading=\"lazy\" class=\"youtube-player\" width=\"696\" height=\"392\" src=\"https:\/\/www.youtube.com\/embed\/NpQdWusIEWY?version=3&#038;rel=1&#038;showsearch=0&#038;showinfo=1&#038;iv_load_policy=1&#038;fs=1&#038;hl=fr-FR&#038;autohide=2&#038;wmode=transparent\" allowfullscreen=\"true\" style=\"border:0;\" sandbox=\"allow-scripts allow-same-origin allow-popups allow-presentation\"><\/iframe><\/span>\n<\/div><\/figure>\n","protected":false},"excerpt":{"rendered":"<p>Les coulisses du court-m\u00e9trage Cours \u00e0 rebours, r\u00e9alis\u00e9 par les \u00e9l\u00e8ves de l&rsquo;ITCF Erquelinnes et ceux de l&rsquo;ath\u00e9n\u00e9e de Beaumont, option audiovisuel. Un projet lanc\u00e9 dans le cadre du PECA qui a permis aux jeunes de d\u00e9couvrir un univers qu&rsquo;ils ne connaissaient pas. Obstacles, d\u00e9fis, d\u00e9passement, confiance en soi, expression en public, maitrise de la [&hellip;]<\/p>\n","protected":false},"author":1,"featured_media":3298,"comment_status":"open","ping_status":"closed","sticky":false,"template":"","format":"standard","meta":{"jetpack_post_was_ever_published":false,"footnotes":""},"categories":[23],"tags":[],"class_list":{"0":"post-3295","1":"post","2":"type-post","3":"status-publish","4":"format-standard","5":"has-post-thumbnail","7":"category-les-courts-metrages"},"jetpack_featured_media_url":"https:\/\/av.arbeaumont.eu\/wp-content\/uploads\/2026\/03\/Making-of.jpg","jetpack_sharing_enabled":true,"jetpack_shortlink":"https:\/\/wp.me\/p8Dhaa-R9","jetpack_likes_enabled":true,"jetpack-related-posts":[{"id":3196,"url":"https:\/\/av.arbeaumont.eu\/index.php\/2026\/03\/13\/cours-a-rebours\/","url_meta":{"origin":3295,"position":0},"title":"\u00ab\u00a0Cours \u00e0 rebours\u00a0\u00bb","date":"13 mars 2026","format":false,"excerpt":"Notre premier film au cin\u00e9ma ! En 2025, nous avons r\u00e9alis\u00e9 un court-m\u00e9trage de fiction en collaboration avec l'ITCF Erquelinnes. Les \u00e9l\u00e8ves de l'ITCF ont \u00e9crit le sc\u00e9nario avec l'aide de l'association Ithac et nous avons tourn\u00e9, mont\u00e9 et mix\u00e9 le court-m\u00e9trage. Un d\u00e9fi hors norme qui a n\u00e9cessit\u00e9 de\u2026","rel":"","context":"Dans &quot;Les courts-m\u00e9trages&quot;","img":{"alt_text":"","src":"https:\/\/i0.wp.com\/av.arbeaumont.eu\/wp-content\/uploads\/2026\/03\/Court-metrage-Erquelinnes.jpg?resize=350%2C200&ssl=1","width":350,"height":200},"classes":[]},{"id":1133,"url":"https:\/\/av.arbeaumont.eu\/index.php\/2019\/04\/08\/absence-de-creativite\/","url_meta":{"origin":3295,"position":1},"title":"Absence de cr\u00e9ativit\u00e9","date":"8 avril 2019","format":"video","excerpt":"Un court-m\u00e9trage r\u00e9alis\u00e9 par les \u00e9l\u00e8ves des cours d'espagnol et d'audiovisuel (2019) Ce court-m\u00e9trage a re\u00e7u le 1er prix du public en cat\u00e9gorie collective au concours vid\u00e9o de la Maison de la La\u00efcit\u00e9 du Pays de Ath en 2019. https:\/\/youtu.be\/yTpMpqwsDaY","rel":"","context":"Dans &quot;Les courts-m\u00e9trages&quot;","img":{"alt_text":"","src":"https:\/\/i0.wp.com\/av.arbeaumont.eu\/wp-content\/uploads\/2019\/04\/Capture-d\u2019\u00e9cran-2019-04-08-\u00e0-20.10.28.png?resize=350%2C200&ssl=1","width":350,"height":200},"classes":[]},{"id":1129,"url":"https:\/\/av.arbeaumont.eu\/index.php\/2019\/04\/08\/en-souvenir-de-la-terre\/","url_meta":{"origin":3295,"position":2},"title":"En souvenir de la Terre","date":"8 avril 2019","format":"video","excerpt":"Un court-m\u00e9trage r\u00e9alis\u00e9 par Th\u00e9o Lorette, 5e audiovisuel (2019) Ce court-m\u00e9trage a re\u00e7u le 1er prix du jury et celui du public en cat\u00e9gorie individuelle au concours vid\u00e9o de la Maison de la La\u00efcit\u00e9 du Pays de Ath en 2019. https:\/\/youtu.be\/j9Ozgxk0bKI","rel":"","context":"Dans &quot;Les courts-m\u00e9trages&quot;","img":{"alt_text":"","src":"https:\/\/i0.wp.com\/av.arbeaumont.eu\/wp-content\/uploads\/2019\/04\/Capture-d\u2019\u00e9cran-2019-04-08-\u00e0-20.05.16.png?resize=350%2C200&ssl=1","width":350,"height":200},"classes":[]},{"id":2514,"url":"https:\/\/av.arbeaumont.eu\/index.php\/2022\/01\/08\/en-avant\/","url_meta":{"origin":3295,"position":3},"title":"En avant !","date":"8 janvier 2022","format":false,"excerpt":"Tom est un entrepreneur qui rate tout. Le sport, l'\u00e9cole, les cours en ligne, c'est un champion de l'\u00e9chec. Et s'il d\u00e9cidait enfin de se relever? Un court-m\u00e9trage r\u00e9alis\u00e9 par Mario BOI (2021) https:\/\/youtu.be\/2M1JlmZ6OHQ","rel":"","context":"Dans &quot;Les courts-m\u00e9trages&quot;","img":{"alt_text":"","src":"https:\/\/i0.wp.com\/av.arbeaumont.eu\/wp-content\/uploads\/2022\/01\/Capture-decran-2022-01-08-a-11.21.15.png?resize=350%2C200&ssl=1","width":350,"height":200},"classes":[]},{"id":1818,"url":"https:\/\/av.arbeaumont.eu\/index.php\/2020\/03\/08\/la-verite-sort-de-la-bouche-des-enfants\/","url_meta":{"origin":3295,"position":4},"title":"La v\u00e9rit\u00e9 sort de la bouche des enfants","date":"8 mars 2020","format":false,"excerpt":"Les adultes et les adolescents ont une vision tr\u00e8s pessimiste de l\u2019avenir.\u00a0 Et si pour une fois, nous \u00e9coutions de jeunes enfants pour imaginer le monde de demain. Alexis Burnotte Ce court-m\u00e9trage a re\u00e7u le 3er prix du jury, cat\u00e9gorie individuelle, au concours vid\u00e9o de la Maison de la La\u00efcit\u00e9\u2026","rel":"","context":"Dans &quot;Les courts-m\u00e9trages&quot;","img":{"alt_text":"","src":"https:\/\/i0.wp.com\/av.arbeaumont.eu\/wp-content\/uploads\/2020\/03\/Capture-d\u2019\u00e9cran-2020-03-08-\u00e0-17.57.42.png?resize=350%2C200&ssl=1","width":350,"height":200},"classes":[]},{"id":1830,"url":"https:\/\/av.arbeaumont.eu\/index.php\/2020\/03\/08\/non-au-harcelement\/","url_meta":{"origin":3295,"position":5},"title":"Non au harc\u00e8lement !","date":"8 mars 2020","format":false,"excerpt":"Le harc\u00e8lement nous touche, Nous, les jeunes d\u00e8s le plus jeune \u00e2ge.\u00a0 Nous devrions pouvoir profiter pleinement de la vie malheureusement certains individus choisissent de la transformer en enfer.\u00a0 Trop de jeunes, t\u00e9moins, regardent et laissent faire.\u00a0 A l\u2019avenir, changeons notre attitude et agissons pour mettre un terme au harc\u00e8lement.\u2026","rel":"","context":"Dans &quot;Les courts-m\u00e9trages&quot;","img":{"alt_text":"","src":"https:\/\/i0.wp.com\/av.arbeaumont.eu\/wp-content\/uploads\/2020\/03\/Capture-d\u2019\u00e9cran-2020-03-08-\u00e0-18.10.17.png?resize=350%2C200&ssl=1","width":350,"height":200},"classes":[]}],"amp_enabled":true,"_links":{"self":[{"href":"https:\/\/av.arbeaumont.eu\/index.php\/wp-json\/wp\/v2\/posts\/3295","targetHints":{"allow":["GET"]}}],"collection":[{"href":"https:\/\/av.arbeaumont.eu\/index.php\/wp-json\/wp\/v2\/posts"}],"about":[{"href":"https:\/\/av.arbeaumont.eu\/index.php\/wp-json\/wp\/v2\/types\/post"}],"author":[{"embeddable":true,"href":"https:\/\/av.arbeaumont.eu\/index.php\/wp-json\/wp\/v2\/users\/1"}],"replies":[{"embeddable":true,"href":"https:\/\/av.arbeaumont.eu\/index.php\/wp-json\/wp\/v2\/comments?post=3295"}],"version-history":[{"count":4,"href":"https:\/\/av.arbeaumont.eu\/index.php\/wp-json\/wp\/v2\/posts\/3295\/revisions"}],"predecessor-version":[{"id":3303,"href":"https:\/\/av.arbeaumont.eu\/index.php\/wp-json\/wp\/v2\/posts\/3295\/revisions\/3303"}],"wp:featuredmedia":[{"embeddable":true,"href":"https:\/\/av.arbeaumont.eu\/index.php\/wp-json\/wp\/v2\/media\/3298"}],"wp:attachment":[{"href":"https:\/\/av.arbeaumont.eu\/index.php\/wp-json\/wp\/v2\/media?parent=3295"}],"wp:term":[{"taxonomy":"category","embeddable":true,"href":"https:\/\/av.arbeaumont.eu\/index.php\/wp-json\/wp\/v2\/categories?post=3295"},{"taxonomy":"post_tag","embeddable":true,"href":"https:\/\/av.arbeaumont.eu\/index.php\/wp-json\/wp\/v2\/tags?post=3295"}],"curies":[{"name":"wp","href":"https:\/\/api.w.org\/{rel}","templated":true}]}}