{"id":3304,"date":"2026-03-14T14:37:49","date_gmt":"2026-03-14T13:37:49","guid":{"rendered":"https:\/\/av.arbeaumont.eu\/?p=3304"},"modified":"2026-03-14T15:52:13","modified_gmt":"2026-03-14T14:52:13","slug":"les-voeux-de-wallonie-bruxelles-enseignement-2024","status":"publish","type":"post","link":"https:\/\/av.arbeaumont.eu\/index.php\/2026\/03\/14\/les-voeux-de-wallonie-bruxelles-enseignement-2024\/","title":{"rendered":"Les voeux de Wallonie Bruxelles Enseignement 2025"},"content":{"rendered":"\n<h2 class=\"wp-block-heading\">Film\u00e9s par la section audiovisuelle de l&rsquo;ath\u00e9n\u00e9e de Beaumont<\/h2>\n\n\n\n<p>Dans le cadre de sa mini entreprise, les \u00e9l\u00e8ves de l&rsquo;option audiovisuelle ont re\u00e7u une demande hors du commun. WBE leur a demand\u00e9 de filmer sa c\u00e9r\u00e9monie de voeux 2025 qui s&rsquo;est tenue \u00e0 la Sucrerie \u00e0 Wavre. Ministres, directeurs, administrateurs, les \u00e9l\u00e8ves ont d\u00fb faire preuve de tenue, s\u00e9rieux, rigueur et discr\u00e9tion. Et leur travail a \u00e9t\u00e9 vivement salu\u00e9 par WBE.<\/p>\n\n\n\n<figure class=\"wp-block-embed is-type-video is-provider-youtube wp-block-embed-youtube wp-embed-aspect-16-9 wp-has-aspect-ratio\"><div class=\"wp-block-embed__wrapper\">\n<span class=\"embed-youtube\" style=\"text-align:center; display: block;\"><iframe loading=\"lazy\" class=\"youtube-player\" width=\"696\" height=\"392\" src=\"https:\/\/www.youtube.com\/embed\/1bO_iHk4zak?version=3&#038;rel=1&#038;showsearch=0&#038;showinfo=1&#038;iv_load_policy=1&#038;fs=1&#038;hl=fr-FR&#038;autohide=2&#038;wmode=transparent\" allowfullscreen=\"true\" style=\"border:0;\" sandbox=\"allow-scripts allow-same-origin allow-popups allow-presentation\"><\/iframe><\/span>\n<\/div><\/figure>\n\n\n\n<h3 class=\"wp-block-heading\">Les remerciements de WBE \u00e0 l&rsquo;ath\u00e9n\u00e9e de Beaumont et \u00e0 la section audiovisuelle lors de cette journ\u00e9e<\/h3>\n\n\n\n<figure class=\"wp-block-embed is-type-video is-provider-youtube wp-block-embed-youtube wp-embed-aspect-16-9 wp-has-aspect-ratio\"><div class=\"wp-block-embed__wrapper\">\n<span class=\"embed-youtube\" style=\"text-align:center; display: block;\"><iframe loading=\"lazy\" class=\"youtube-player\" width=\"696\" height=\"392\" src=\"https:\/\/www.youtube.com\/embed\/JwrJZ2Jo9MI?version=3&#038;rel=1&#038;showsearch=0&#038;showinfo=1&#038;iv_load_policy=1&#038;fs=1&#038;hl=fr-FR&#038;autohide=2&#038;wmode=transparent\" allowfullscreen=\"true\" style=\"border:0;\" sandbox=\"allow-scripts allow-same-origin allow-popups allow-presentation\"><\/iframe><\/span>\n<\/div><\/figure>\n","protected":false},"excerpt":{"rendered":"<p>Film\u00e9s par la section audiovisuelle de l&rsquo;ath\u00e9n\u00e9e de Beaumont Dans le cadre de sa mini entreprise, les \u00e9l\u00e8ves de l&rsquo;option audiovisuelle ont re\u00e7u une demande hors du commun. WBE leur a demand\u00e9 de filmer sa c\u00e9r\u00e9monie de voeux 2025 qui s&rsquo;est tenue \u00e0 la Sucrerie \u00e0 Wavre. Ministres, directeurs, administrateurs, les \u00e9l\u00e8ves ont d\u00fb faire [&hellip;]<\/p>\n","protected":false},"author":1,"featured_media":3306,"comment_status":"open","ping_status":"closed","sticky":false,"template":"","format":"standard","meta":{"jetpack_post_was_ever_published":false,"footnotes":""},"categories":[129,212],"tags":[],"class_list":{"0":"post-3304","1":"post","2":"type-post","3":"status-publish","4":"format-standard","5":"has-post-thumbnail","7":"category-videos","8":"category-videos-dentreprise"},"jetpack_featured_media_url":"https:\/\/av.arbeaumont.eu\/wp-content\/uploads\/2026\/03\/Capture-decran-2026-03-14-a-14.28.10.jpg","jetpack_sharing_enabled":true,"jetpack_shortlink":"https:\/\/wp.me\/p8Dhaa-Ri","jetpack_likes_enabled":true,"jetpack-related-posts":[{"id":330,"url":"https:\/\/av.arbeaumont.eu\/index.php\/2017\/03\/18\/viens-tu-a-lathenee-lan-prochain\/","url_meta":{"origin":3304,"position":0},"title":"Viens-tu \u00e0 l&rsquo;ath\u00e9n\u00e9e l&rsquo;an prochain?","date":"18 mars 2017","format":"video","excerpt":"C'est la p\u00e9riode des inscriptions en 1re secondaire et beaucoup de jeunes se demandent quelle \u00e9cole choisir. \u00a0Pour les aider dans ce choix difficile, l'ath\u00e9n\u00e9e royal de Beaumont a organis\u00e9, le 13 mars 2017, une visite pour les \u00e9l\u00e8ves de 6e primaire des \u00e9coles d'Erquelinnes et Str\u00e9e. \u00a0Une trentaine d'\u00e9l\u00e8ves\u2026","rel":"","context":"Dans &quot;Reportages&quot;","img":{"alt_text":"","src":"https:\/\/i0.wp.com\/av.arbeaumont.eu\/wp-content\/uploads\/2017\/03\/DSC_0027-1.jpg?resize=350%2C200&ssl=1","width":350,"height":200},"classes":[]},{"id":2161,"url":"https:\/\/av.arbeaumont.eu\/index.php\/2021\/04\/01\/adobic-notre-premier-journal-papier-est-ne\/","url_meta":{"origin":3304,"position":1},"title":"1er prix du concours \u00ab\u00a0Journalistes en herbe\u00a0\u00bb en 2021","date":"1 avril 2021","format":false,"excerpt":"AdoBIC, notre premier journal papier est n\u00e9! AdoBIC,\u00a0c\u2019est l\u2019association d\u2019une contraction du mot \u00ab\u00a0adolescent\u00a0\u00bb et d\u2019une abr\u00e9viation\u00a0Beaumont-Infos-Covid-19 (BIC).\u00a0\u00a0C\u2019est donc un journal, r\u00e9alis\u00e9 par des ados, qui vous informe sur\u00a0la Covid-19 \u00e0 Beaumont.\u00a0\u00a0Pour les \u00e9l\u00e8ves de rh\u00e9to de l\u2019option audiovisuelle de l\u2019ath\u00e9n\u00e9e, il s\u2019agit une exp\u00e9rience lanc\u00e9e en 2020-2021 dans le\u2026","rel":"","context":"Dans &quot;AdoBIC 2021&quot;","img":{"alt_text":"","src":"https:\/\/i0.wp.com\/av.arbeaumont.eu\/wp-content\/uploads\/2021\/04\/La-Une-dAdobic.jpg?resize=350%2C200&ssl=1","width":350,"height":200},"classes":[]},{"id":503,"url":"https:\/\/av.arbeaumont.eu\/index.php\/2017\/12\/17\/jogging-de-lathenee\/","url_meta":{"origin":3304,"position":2},"title":"Jogging de l&rsquo;ath\u00e9n\u00e9e","date":"17 d\u00e9cembre 2017","format":false,"excerpt":"Toute la section audiovisuelle sur le pont! Vous n'avez pas pu les rater, les \u00e9l\u00e8ves de la section audiovisuelle \u00e9taient partout lors du jogging de l'ath\u00e9n\u00e9e. \u00a0A l'affut pour prendre des photos, saisir les plus belles \u00e9motions, enregistrer vos r\u00e9actions ou encore r\u00e9aliser des reportages. \u00a0L'approche des examens ne leur\u2026","rel":"","context":"Dans &quot;Photos&quot;","img":{"alt_text":"","src":"https:\/\/i0.wp.com\/av.arbeaumont.eu\/wp-content\/uploads\/2017\/12\/Equipe-2-18.jpg?resize=350%2C200&ssl=1","width":350,"height":200},"classes":[]},{"id":3032,"url":"https:\/\/av.arbeaumont.eu\/index.php\/2024\/03\/24\/les-rhetos-invites-a-photographier-la-maternite-de-lobbes\/","url_meta":{"origin":3304,"position":3},"title":"Les rh\u00e9tos invit\u00e9s \u00e0 photographier la maternit\u00e9 de Lobbes","date":"24 mars 2024","format":false,"excerpt":"Tout est parti d'un constat : les murs de la maternit\u00e9 de Lobbes sont tristes et peu accueillants.\u00a0 Quel dommage de venir au monde dans un endroit si froid ! Pour r\u00e9soudre le probl\u00e8me, les responsables de la maternit\u00e9 se sont tourn\u00e9s vers l'option audiovisuelle de l'ath\u00e9n\u00e9e de Beaumont.\u00a0\u00a0 Ils\u2026","rel":"","context":"Dans &quot;Les photos&quot;","img":{"alt_text":"","src":"https:\/\/i0.wp.com\/av.arbeaumont.eu\/wp-content\/uploads\/2024\/03\/Leo-Mabille-6.jpg?resize=350%2C200&ssl=1","width":350,"height":200},"classes":[]},{"id":481,"url":"https:\/\/av.arbeaumont.eu\/index.php\/2017\/06\/03\/samuser-en-decouvrant-les-coins-insolites-de-beaumont\/","url_meta":{"origin":3304,"position":4},"title":"S&rsquo;amuser en d\u00e9couvrant les coins insolites de Beaumont","date":"3 juin 2017","format":false,"excerpt":"Un webdocumentaire r\u00e9alis\u00e9 par les \u00e9l\u00e8ves de 3e audiovisuel En 2016-2017, l'ath\u00e9n\u00e9e royal de Beaumont a ouvert une option audiovisuel. \u00a0Une quinzaine \u00e9l\u00e8ves ont inaugur\u00e9 la section et dans la foul\u00e9e, ils ont \u00e9t\u00e9 laur\u00e9ats d'un appel \u00e0 projet lanc\u00e9 par le Conseil Sup\u00e9rieur de l'Education aux M\u00e9dias (CSEM). \u00a0Le\u2026","rel":"","context":"Dans &quot;Documentaires&quot;","img":{"alt_text":"","src":"https:\/\/i0.wp.com\/av.arbeaumont.eu\/wp-content\/uploads\/2017\/06\/Capture-d\u2019\u00e9cran-2017-06-03-\u00e0-22.36.33.png?resize=350%2C200&ssl=1","width":350,"height":200},"classes":[]},{"id":630,"url":"https:\/\/av.arbeaumont.eu\/index.php\/2018\/01\/24\/collaboration-entre-la-maison-des-jeunes-de-beaumont-et-lathenee\/","url_meta":{"origin":3304,"position":5},"title":"La s\u00e9curit\u00e9 sur la route et sur internet","date":"24 janvier 2018","format":"video","excerpt":"La publicit\u00e9 en question Comment construire un message publicitaire ? \u00a0Quels sont les trucs utilis\u00e9s par les soci\u00e9t\u00e9s de marketing pour nous pi\u00e9ger? \u00a0Cherche-t-on \u00e0 nous mentir et \u00e0 nous manipuler? \u00a0Quelle vision de la soci\u00e9t\u00e9 la publicit\u00e9 nous renvoie-elle? \u00a0Toutes ces questions, nous les avons examin\u00e9es avec les 4e\u2026","rel":"","context":"Dans &quot;Affiches&quot;","img":{"alt_text":"","src":"https:\/\/i0.wp.com\/av.arbeaumont.eu\/wp-content\/uploads\/2018\/01\/BERNARD-Noah-Pub.jpg?resize=350%2C200&ssl=1","width":350,"height":200},"classes":[]}],"amp_enabled":true,"_links":{"self":[{"href":"https:\/\/av.arbeaumont.eu\/index.php\/wp-json\/wp\/v2\/posts\/3304","targetHints":{"allow":["GET"]}}],"collection":[{"href":"https:\/\/av.arbeaumont.eu\/index.php\/wp-json\/wp\/v2\/posts"}],"about":[{"href":"https:\/\/av.arbeaumont.eu\/index.php\/wp-json\/wp\/v2\/types\/post"}],"author":[{"embeddable":true,"href":"https:\/\/av.arbeaumont.eu\/index.php\/wp-json\/wp\/v2\/users\/1"}],"replies":[{"embeddable":true,"href":"https:\/\/av.arbeaumont.eu\/index.php\/wp-json\/wp\/v2\/comments?post=3304"}],"version-history":[{"count":4,"href":"https:\/\/av.arbeaumont.eu\/index.php\/wp-json\/wp\/v2\/posts\/3304\/revisions"}],"predecessor-version":[{"id":3326,"href":"https:\/\/av.arbeaumont.eu\/index.php\/wp-json\/wp\/v2\/posts\/3304\/revisions\/3326"}],"wp:featuredmedia":[{"embeddable":true,"href":"https:\/\/av.arbeaumont.eu\/index.php\/wp-json\/wp\/v2\/media\/3306"}],"wp:attachment":[{"href":"https:\/\/av.arbeaumont.eu\/index.php\/wp-json\/wp\/v2\/media?parent=3304"}],"wp:term":[{"taxonomy":"category","embeddable":true,"href":"https:\/\/av.arbeaumont.eu\/index.php\/wp-json\/wp\/v2\/categories?post=3304"},{"taxonomy":"post_tag","embeddable":true,"href":"https:\/\/av.arbeaumont.eu\/index.php\/wp-json\/wp\/v2\/tags?post=3304"}],"curies":[{"name":"wp","href":"https:\/\/api.w.org\/{rel}","templated":true}]}}