{"id":3311,"date":"2026-03-14T14:47:54","date_gmt":"2026-03-14T13:47:54","guid":{"rendered":"https:\/\/av.arbeaumont.eu\/?p=3311"},"modified":"2026-03-14T14:52:48","modified_gmt":"2026-03-14T13:52:48","slug":"la-route-de-la-paix-projet-erasmus","status":"publish","type":"post","link":"https:\/\/av.arbeaumont.eu\/index.php\/2026\/03\/14\/la-route-de-la-paix-projet-erasmus\/","title":{"rendered":"La Route de la Paix &#8211; Projet Erasmus"},"content":{"rendered":"\n<h2 class=\"wp-block-heading\">Petit aper\u00e7u en vid\u00e9o des meilleurs moments de cette Route de la paix 2024<\/h2>\n\n\n\n<p>Notre \u00e9cole est actuellement accr\u00e9dit\u00e9 pour ses projets Eramus.  Les mobilit\u00e9s de professeurs et d&rsquo;\u00e9l\u00e8ves se sont ainsi accrues ces derniers temps.  Les projets foisonnent, des \u00e9l\u00e8ves partent une semaine, deux semaines, un mois.  Les professeurs \u00e9changent leurs pratiques gr\u00e2ce aux jobs shadowing et comme il s&rsquo;agit d&rsquo;\u00e9changes, nous accueillons r\u00e9guli\u00e8rement des \u00e9l\u00e8ves venus de divers pays europ\u00e9ens.  D\u00e8s qu&rsquo;ils en ont l&rsquo;occasion, les \u00e9l\u00e8ves de la section audiovisuelle accompagne les projets Erasmus pour les mettre en lumi\u00e8re \u00e0 travers des photos et des vid\u00e9os.<\/p>\n\n\n\n<p>Vid\u00e9o r\u00e9alis\u00e9e par Flora Lavry<\/p>\n\n\n\n<figure class=\"wp-block-embed is-type-video is-provider-youtube wp-block-embed-youtube wp-embed-aspect-16-9 wp-has-aspect-ratio\"><div class=\"wp-block-embed__wrapper\">\n<span class=\"embed-youtube\" style=\"text-align:center; display: block;\"><iframe loading=\"lazy\" class=\"youtube-player\" width=\"696\" height=\"392\" src=\"https:\/\/www.youtube.com\/embed\/jLRSTC8yQqo?version=3&#038;rel=1&#038;showsearch=0&#038;showinfo=1&#038;iv_load_policy=1&#038;fs=1&#038;hl=fr-FR&#038;autohide=2&#038;wmode=transparent\" allowfullscreen=\"true\" style=\"border:0;\" sandbox=\"allow-scripts allow-same-origin allow-popups allow-presentation\"><\/iframe><\/span>\n<\/div><\/figure>\n","protected":false},"excerpt":{"rendered":"<p>Petit aper\u00e7u en vid\u00e9o des meilleurs moments de cette Route de la paix 2024 Notre \u00e9cole est actuellement accr\u00e9dit\u00e9 pour ses projets Eramus. Les mobilit\u00e9s de professeurs et d&rsquo;\u00e9l\u00e8ves se sont ainsi accrues ces derniers temps. Les projets foisonnent, des \u00e9l\u00e8ves partent une semaine, deux semaines, un mois. Les professeurs \u00e9changent leurs pratiques gr\u00e2ce aux [&hellip;]<\/p>\n","protected":false},"author":1,"featured_media":3316,"comment_status":"open","ping_status":"closed","sticky":false,"template":"","format":"standard","meta":{"jetpack_post_was_ever_published":false,"footnotes":""},"categories":[16,129],"tags":[],"class_list":{"0":"post-3311","1":"post","2":"type-post","3":"status-publish","4":"format-standard","5":"has-post-thumbnail","7":"category-reportages-videos","8":"category-videos"},"jetpack_featured_media_url":"https:\/\/av.arbeaumont.eu\/wp-content\/uploads\/2026\/03\/Capture-decran-2026-03-14-a-14.50.43.jpg","jetpack_sharing_enabled":true,"jetpack_shortlink":"https:\/\/wp.me\/p8Dhaa-Rp","jetpack_likes_enabled":true,"jetpack-related-posts":[{"id":3337,"url":"https:\/\/av.arbeaumont.eu\/index.php\/2026\/03\/14\/experience-en-chimie-pour-halloween\/","url_meta":{"origin":3311,"position":0},"title":"Exp\u00e9rience en chimie pour Halloween","date":"14 mars 2026","format":false,"excerpt":"L'option audiovisuel collabore r\u00e9guli\u00e8rement avec des professeurs de l'\u00e9cole pour mettre en valeur les projets r\u00e9alis\u00e9s dans les autres cours. Mme Gabriels, professeur de chimie a d\u00e9cid\u00e9 de mener une exp\u00e9rience amusante avec ses \u00e9l\u00e8ves. Regardez. Reportage de L\u00e9o Mabille https:\/\/youtu.be\/zms_rtFyHLM","rel":"","context":"Dans &quot;Reportages&quot;","img":{"alt_text":"","src":"https:\/\/i0.wp.com\/av.arbeaumont.eu\/wp-content\/uploads\/2026\/03\/Capture-decran-2026-03-14-a-16.14.36.jpg?resize=350%2C200&ssl=1","width":350,"height":200},"classes":[]},{"id":3239,"url":"https:\/\/av.arbeaumont.eu\/index.php\/2026\/03\/14\/notre-voyage-au-benin\/","url_meta":{"origin":3311,"position":1},"title":"Un voyage au B\u00e9nin pour soutenir l&rsquo;ONG \u00ab\u00a0Graines de vie\u00a0\u00bb","date":"14 mars 2026","format":false,"excerpt":"2 documentaires pour mieux comprendre les enjeux de ce projet Gr\u00e2ce aux b\u00e9n\u00e9fices de la mini entreprise Souris m'chou et au travail de notre ambassadrice Erasmus, Mme Maria Pillar Carilla, 2 \u00e9l\u00e8ves de l'option audiovisuel ont pu se rendre au B\u00e9nin pour apporter le don de 2900 euros de la\u2026","rel":"","context":"Dans &quot;Documentaires&quot;","img":{"alt_text":"","src":"https:\/\/i0.wp.com\/av.arbeaumont.eu\/wp-content\/uploads\/2026\/03\/Benin.jpg?resize=350%2C200&ssl=1","width":350,"height":200},"classes":[]},{"id":2129,"url":"https:\/\/av.arbeaumont.eu\/index.php\/2021\/04\/01\/good-news-fake-news\/","url_meta":{"origin":3311,"position":2},"title":"Good news\/fake news","date":"1 avril 2021","format":false,"excerpt":"En octobre 2020, la situation sanitaire \u00e0 l'ath\u00e9n\u00e9e royal Simone Veil de Beaumont est devenue catastrophique. En cause, un rel\u00e2chement des mesures sanitaires chez les professeurs et les \u00e9l\u00e8ves. Fake news ou good news? Un peu d'analyse critique et vous d\u00e9couvrirez rapidement la v\u00e9rit\u00e9. https:\/\/www.youtube.com\/watch?v=KvNPFSgGqHk","rel":"","context":"Dans &quot;Reportages&quot;","img":{"alt_text":"","src":"https:\/\/i0.wp.com\/av.arbeaumont.eu\/wp-content\/uploads\/2021\/04\/Capture-decran-2021-04-01-a-14.16.05.png?resize=350%2C200&ssl=1","width":350,"height":200},"classes":[]},{"id":1557,"url":"https:\/\/av.arbeaumont.eu\/index.php\/2019\/04\/10\/technologie-des-appareils-audiovisuels\/","url_meta":{"origin":3311,"position":3},"title":"Technologie des appareils audiovisuels (1 heure)","date":"10 avril 2019","format":false,"excerpt":"Objectifs g\u00e9n\u00e9raux D\u00e9couverte- ou r\u00e9vision pour certains \u00e9l\u00e8ves- des techniques et des appareils audiovisuels de base ;\u00a0acqu\u00e9rir et m\u00e9moriser le vocabulaire technique pratiqu\u00e9 dans le domaine de l\u2019image (fixe et anim\u00e9e) et du son ; Comprendre et assimiler les techniques de base et les possibilit\u00e9s des diff\u00e9rents mat\u00e9riels ; Faire\u2026","rel":"","context":"Dans &quot;5e ann\u00e9e&quot;","img":{"alt_text":"","src":"https:\/\/i0.wp.com\/av.arbeaumont.eu\/wp-content\/uploads\/2019\/04\/Amok-3resize.jpg?resize=350%2C200&ssl=1","width":350,"height":200},"classes":[]},{"id":630,"url":"https:\/\/av.arbeaumont.eu\/index.php\/2018\/01\/24\/collaboration-entre-la-maison-des-jeunes-de-beaumont-et-lathenee\/","url_meta":{"origin":3311,"position":4},"title":"La s\u00e9curit\u00e9 sur la route et sur internet","date":"24 janvier 2018","format":"video","excerpt":"La publicit\u00e9 en question Comment construire un message publicitaire ? \u00a0Quels sont les trucs utilis\u00e9s par les soci\u00e9t\u00e9s de marketing pour nous pi\u00e9ger? \u00a0Cherche-t-on \u00e0 nous mentir et \u00e0 nous manipuler? \u00a0Quelle vision de la soci\u00e9t\u00e9 la publicit\u00e9 nous renvoie-elle? \u00a0Toutes ces questions, nous les avons examin\u00e9es avec les 4e\u2026","rel":"","context":"Dans &quot;Affiches&quot;","img":{"alt_text":"","src":"https:\/\/i0.wp.com\/av.arbeaumont.eu\/wp-content\/uploads\/2018\/01\/BERNARD-Noah-Pub.jpg?resize=350%2C200&ssl=1","width":350,"height":200},"classes":[]},{"id":2384,"url":"https:\/\/av.arbeaumont.eu\/index.php\/2021\/04\/05\/temoignages-danciens-eleves-daudiovisuel\/","url_meta":{"origin":3311,"position":5},"title":"T\u00e9moignages d&rsquo;anciens \u00e9l\u00e8ves d&rsquo;audiovisuel","date":"5 avril 2021","format":false,"excerpt":"Eva G\u00e9rard Bac 2 Infirmi\u00e8re Haute \u00e9cole Galil\u00e9e \u00e0 Bruxelles Je suis arriv\u00e9e dans l\u2019option d\u00e8s ma troisi\u00e8me, je suis un peu la mamy de la bande. J\u2019ai choisi cette option car rien ne m\u2019inspirait et aujourd'hui, je suis persuad\u00e9e que cette d\u00e9cision \u00e9tait la meilleure que je pouvais prendre.\u2026","rel":"","context":"Dans &quot;Pr\u00e9sentation de l'option&quot;","img":{"alt_text":"","src":"https:\/\/i0.wp.com\/av.arbeaumont.eu\/wp-content\/uploads\/2021\/04\/Photo-6TTR.jpg?resize=350%2C200&ssl=1","width":350,"height":200},"classes":[]}],"amp_enabled":true,"_links":{"self":[{"href":"https:\/\/av.arbeaumont.eu\/index.php\/wp-json\/wp\/v2\/posts\/3311","targetHints":{"allow":["GET"]}}],"collection":[{"href":"https:\/\/av.arbeaumont.eu\/index.php\/wp-json\/wp\/v2\/posts"}],"about":[{"href":"https:\/\/av.arbeaumont.eu\/index.php\/wp-json\/wp\/v2\/types\/post"}],"author":[{"embeddable":true,"href":"https:\/\/av.arbeaumont.eu\/index.php\/wp-json\/wp\/v2\/users\/1"}],"replies":[{"embeddable":true,"href":"https:\/\/av.arbeaumont.eu\/index.php\/wp-json\/wp\/v2\/comments?post=3311"}],"version-history":[{"count":2,"href":"https:\/\/av.arbeaumont.eu\/index.php\/wp-json\/wp\/v2\/posts\/3311\/revisions"}],"predecessor-version":[{"id":3315,"href":"https:\/\/av.arbeaumont.eu\/index.php\/wp-json\/wp\/v2\/posts\/3311\/revisions\/3315"}],"wp:featuredmedia":[{"embeddable":true,"href":"https:\/\/av.arbeaumont.eu\/index.php\/wp-json\/wp\/v2\/media\/3316"}],"wp:attachment":[{"href":"https:\/\/av.arbeaumont.eu\/index.php\/wp-json\/wp\/v2\/media?parent=3311"}],"wp:term":[{"taxonomy":"category","embeddable":true,"href":"https:\/\/av.arbeaumont.eu\/index.php\/wp-json\/wp\/v2\/categories?post=3311"},{"taxonomy":"post_tag","embeddable":true,"href":"https:\/\/av.arbeaumont.eu\/index.php\/wp-json\/wp\/v2\/tags?post=3311"}],"curies":[{"name":"wp","href":"https:\/\/api.w.org\/{rel}","templated":true}]}}