{"id":3317,"date":"2026-03-14T15:11:57","date_gmt":"2026-03-14T14:11:57","guid":{"rendered":"https:\/\/av.arbeaumont.eu\/?p=3317"},"modified":"2026-03-14T15:56:36","modified_gmt":"2026-03-14T14:56:36","slug":"la-journee-de-la-mobilite-a-beaumont","status":"publish","type":"post","link":"https:\/\/av.arbeaumont.eu\/index.php\/2026\/03\/14\/la-journee-de-la-mobilite-a-beaumont\/","title":{"rendered":"La journ\u00e9e de la mobilit\u00e9 \u00e0 Beaumont"},"content":{"rendered":"\n<p>Chaque ann\u00e9e, la Ville de Beaumont organise, comme beaucoup d&rsquo;autres, une journ\u00e9e de la mobilit\u00e9. L&rsquo;occasion de faire la promotion d&rsquo;autres moyens de locomotion que la voiture. V\u00e9lo, marche, trottinette et de d\u00e9couvrir les parcours am\u00e9nag\u00e9s dans notre r\u00e9gion.<\/p>\n\n\n\n<p>Un reportage sign\u00e9 L\u00e9ane Herman et Gatien P\u00e9trisot<\/p>\n\n\n\n<figure class=\"wp-block-embed is-type-video is-provider-youtube wp-block-embed-youtube wp-embed-aspect-16-9 wp-has-aspect-ratio\"><div class=\"wp-block-embed__wrapper\">\n<span class=\"embed-youtube\" style=\"text-align:center; display: block;\"><iframe loading=\"lazy\" class=\"youtube-player\" width=\"696\" height=\"392\" src=\"https:\/\/www.youtube.com\/embed\/4H5C7B-FJL8?version=3&#038;rel=1&#038;showsearch=0&#038;showinfo=1&#038;iv_load_policy=1&#038;fs=1&#038;hl=fr-FR&#038;autohide=2&#038;wmode=transparent\" allowfullscreen=\"true\" style=\"border:0;\" sandbox=\"allow-scripts allow-same-origin allow-popups allow-presentation\"><\/iframe><\/span>\n<\/div><\/figure>\n","protected":false},"excerpt":{"rendered":"<p>Chaque ann\u00e9e, la Ville de Beaumont organise, comme beaucoup d&rsquo;autres, une journ\u00e9e de la mobilit\u00e9. L&rsquo;occasion de faire la promotion d&rsquo;autres moyens de locomotion que la voiture. V\u00e9lo, marche, trottinette et de d\u00e9couvrir les parcours am\u00e9nag\u00e9s dans notre r\u00e9gion. Un reportage sign\u00e9 L\u00e9ane Herman et Gatien P\u00e9trisot<\/p>\n","protected":false},"author":1,"featured_media":3319,"comment_status":"open","ping_status":"closed","sticky":false,"template":"","format":"standard","meta":{"jetpack_post_was_ever_published":false,"footnotes":""},"categories":[16,129],"tags":[],"class_list":{"0":"post-3317","1":"post","2":"type-post","3":"status-publish","4":"format-standard","5":"has-post-thumbnail","7":"category-reportages-videos","8":"category-videos"},"jetpack_featured_media_url":"https:\/\/av.arbeaumont.eu\/wp-content\/uploads\/2026\/03\/Capture-decran-2026-03-14-a-15.01.21.jpg","jetpack_sharing_enabled":true,"jetpack_shortlink":"https:\/\/wp.me\/p8Dhaa-Rv","jetpack_likes_enabled":true,"jetpack-related-posts":[{"id":3304,"url":"https:\/\/av.arbeaumont.eu\/index.php\/2026\/03\/14\/les-voeux-de-wallonie-bruxelles-enseignement-2024\/","url_meta":{"origin":3317,"position":0},"title":"Les voeux de Wallonie Bruxelles Enseignement 2025","date":"14 mars 2026","format":false,"excerpt":"Film\u00e9s par la section audiovisuelle de l'ath\u00e9n\u00e9e de Beaumont Dans le cadre de sa mini entreprise, les \u00e9l\u00e8ves de l'option audiovisuelle ont re\u00e7u une demande hors du commun. WBE leur a demand\u00e9 de filmer sa c\u00e9r\u00e9monie de voeux 2025 qui s'est tenue \u00e0 la Sucrerie \u00e0 Wavre. Ministres, directeurs, administrateurs,\u2026","rel":"","context":"Dans &quot;Vid\u00e9os&quot;","img":{"alt_text":"","src":"https:\/\/i0.wp.com\/av.arbeaumont.eu\/wp-content\/uploads\/2026\/03\/Capture-decran-2026-03-14-a-14.28.10.jpg?resize=350%2C200&ssl=1","width":350,"height":200},"classes":[]},{"id":233,"url":"https:\/\/av.arbeaumont.eu\/index.php\/2017\/02\/05\/lathenee-royal-de-beaumont-en-musique-et-en-photos\/","url_meta":{"origin":3317,"position":1},"title":"L&rsquo;ath\u00e9n\u00e9e royal de Beaumont en musique et en photos","date":"5 f\u00e9vrier 2017","format":"video","excerpt":"Envie de d\u00e9couvrir nos salles de classes, les professeurs, l'internat, les infrastructures ext\u00e9rieures, le mat\u00e9riel et l'ambiance de l'\u00e9cole, alors visionnez le diaporama r\u00e9alis\u00e9 par les \u00e9l\u00e8ves d'audiovisuel. \u00a0Venez vite nous rejoindre! \u00a0","rel":"","context":"Dans &quot;Visiter l'\u00e9cole&quot;","img":{"alt_text":"","src":"https:\/\/i0.wp.com\/av.arbeaumont.eu\/wp-content\/uploads\/2017\/02\/DSC_0083.jpg?resize=350%2C200&ssl=1","width":350,"height":200},"classes":[]},{"id":893,"url":"https:\/\/av.arbeaumont.eu\/index.php\/2018\/06\/11\/le-moise\/","url_meta":{"origin":3317,"position":2},"title":"LE MO\u00cfSE","date":"11 juin 2018","format":false,"excerpt":"Plus d'un demi si\u00e8cle d'existence Le Mo\u00efse se situe \u00e0 la rue F\u00e9lix Dutry sur la route principale du centre de Beaumont. J\u2019y ai rencontr\u00e9 Sylvie, la g\u00e9rante. C\u2019est la deuxi\u00e8me propri\u00e9taire de ce magasin, sp\u00e9cialis\u00e9 dans les articles de f\u00eates.\u00a0 Voici une invitation \u00e0 pousser la porte d\u2019entr\u00e9e. Propos\u2026","rel":"","context":"Dans &quot;En radio&quot;","img":{"alt_text":"","src":"https:\/\/i0.wp.com\/av.arbeaumont.eu\/wp-content\/uploads\/2018\/06\/photos3.jpg?resize=350%2C200&ssl=1","width":350,"height":200},"classes":[]},{"id":3327,"url":"https:\/\/av.arbeaumont.eu\/index.php\/2026\/03\/14\/elio-di-rupo-en-visite-a-lathenee-de-beaumont\/","url_meta":{"origin":3317,"position":3},"title":"Elio Di Rupo en visite \u00e0 l&rsquo;ath\u00e9n\u00e9e de Beaumont","date":"14 mars 2026","format":false,"excerpt":"En 2023, Elio Di Rupo est venu \u00e0 la rencontre des jeunes de notre \u00e9cole. Robin Bourgeois et Emma Dubois ont r\u00e9alis\u00e9 un reportage \u00e0 cette occasion. https:\/\/youtu.be\/bOnCePYCw4I","rel":"","context":"Dans &quot;Reportages&quot;","img":{"alt_text":"","src":"https:\/\/i0.wp.com\/av.arbeaumont.eu\/wp-content\/uploads\/2026\/03\/Capture-decran-2026-03-14-a-15.37.29.jpg?resize=350%2C200&ssl=1","width":350,"height":200},"classes":[]},{"id":869,"url":"https:\/\/av.arbeaumont.eu\/index.php\/2018\/06\/11\/lart-du-grill\/","url_meta":{"origin":3317,"position":4},"title":"L\u2019ART DU  GRILL","date":"11 juin 2018","format":false,"excerpt":"Un impr\u00e9vu\u00a0? Sandra Manoni pense \u00e0 vous.\u00a0Avec son mari, ils tiennent un restaurant \u00e0 Beaumont.\u00a0 Rencontre autour d\u2019un bon plat.\u00a0 Propos recueillis par Antoine Royen, \u00e9l\u00e8ve de 3eaudiovisuel \u00e0 l\u2019ath\u00e9n\u00e9e royal de Beaumont. En quoi consiste votre m\u00e9tier ? Mon mari est en cuisine, c'est lui le cuisinier. \u00a0Et moi,\u2026","rel":"","context":"Dans &quot;En radio&quot;","img":{"alt_text":"","src":"https:\/\/i0.wp.com\/av.arbeaumont.eu\/wp-content\/uploads\/2018\/06\/photo-18-1.jpg?resize=350%2C200&ssl=1","width":350,"height":200},"classes":[]},{"id":481,"url":"https:\/\/av.arbeaumont.eu\/index.php\/2017\/06\/03\/samuser-en-decouvrant-les-coins-insolites-de-beaumont\/","url_meta":{"origin":3317,"position":5},"title":"S&rsquo;amuser en d\u00e9couvrant les coins insolites de Beaumont","date":"3 juin 2017","format":false,"excerpt":"Un webdocumentaire r\u00e9alis\u00e9 par les \u00e9l\u00e8ves de 3e audiovisuel En 2016-2017, l'ath\u00e9n\u00e9e royal de Beaumont a ouvert une option audiovisuel. \u00a0Une quinzaine \u00e9l\u00e8ves ont inaugur\u00e9 la section et dans la foul\u00e9e, ils ont \u00e9t\u00e9 laur\u00e9ats d'un appel \u00e0 projet lanc\u00e9 par le Conseil Sup\u00e9rieur de l'Education aux M\u00e9dias (CSEM). \u00a0Le\u2026","rel":"","context":"Dans &quot;Documentaires&quot;","img":{"alt_text":"","src":"https:\/\/i0.wp.com\/av.arbeaumont.eu\/wp-content\/uploads\/2017\/06\/Capture-d\u2019\u00e9cran-2017-06-03-\u00e0-22.36.33.png?resize=350%2C200&ssl=1","width":350,"height":200},"classes":[]}],"amp_enabled":true,"_links":{"self":[{"href":"https:\/\/av.arbeaumont.eu\/index.php\/wp-json\/wp\/v2\/posts\/3317","targetHints":{"allow":["GET"]}}],"collection":[{"href":"https:\/\/av.arbeaumont.eu\/index.php\/wp-json\/wp\/v2\/posts"}],"about":[{"href":"https:\/\/av.arbeaumont.eu\/index.php\/wp-json\/wp\/v2\/types\/post"}],"author":[{"embeddable":true,"href":"https:\/\/av.arbeaumont.eu\/index.php\/wp-json\/wp\/v2\/users\/1"}],"replies":[{"embeddable":true,"href":"https:\/\/av.arbeaumont.eu\/index.php\/wp-json\/wp\/v2\/comments?post=3317"}],"version-history":[{"count":3,"href":"https:\/\/av.arbeaumont.eu\/index.php\/wp-json\/wp\/v2\/posts\/3317\/revisions"}],"predecessor-version":[{"id":3323,"href":"https:\/\/av.arbeaumont.eu\/index.php\/wp-json\/wp\/v2\/posts\/3317\/revisions\/3323"}],"wp:featuredmedia":[{"embeddable":true,"href":"https:\/\/av.arbeaumont.eu\/index.php\/wp-json\/wp\/v2\/media\/3319"}],"wp:attachment":[{"href":"https:\/\/av.arbeaumont.eu\/index.php\/wp-json\/wp\/v2\/media?parent=3317"}],"wp:term":[{"taxonomy":"category","embeddable":true,"href":"https:\/\/av.arbeaumont.eu\/index.php\/wp-json\/wp\/v2\/categories?post=3317"},{"taxonomy":"post_tag","embeddable":true,"href":"https:\/\/av.arbeaumont.eu\/index.php\/wp-json\/wp\/v2\/tags?post=3317"}],"curies":[{"name":"wp","href":"https:\/\/api.w.org\/{rel}","templated":true}]}}