{"id":3332,"date":"2026-03-14T16:06:10","date_gmt":"2026-03-14T15:06:10","guid":{"rendered":"https:\/\/av.arbeaumont.eu\/?p=3332"},"modified":"2026-03-14T16:06:59","modified_gmt":"2026-03-14T15:06:59","slug":"willy-borsus-soutient-lesprit-dentreprendre-a-lathenee-de-beaumont","status":"publish","type":"post","link":"https:\/\/av.arbeaumont.eu\/index.php\/2026\/03\/14\/willy-borsus-soutient-lesprit-dentreprendre-a-lathenee-de-beaumont\/","title":{"rendered":"Willy Borsus soutient l&rsquo;esprit d&rsquo;entreprendre \u00e0 l&rsquo;ath\u00e9n\u00e9e de Beaumont"},"content":{"rendered":"\n<p>En 2024, Willy Borsus est venu saluer les projets li\u00e9s \u00e0 l&rsquo;esprit d&rsquo;entreprendre qui ont \u00e9t\u00e9 r\u00e9alis\u00e9s \u00e0 l&rsquo;ath\u00e9n\u00e9e de Beaumont.  Une boutique de seconde main, une mini entreprise, un crowdfunding&#8230; autant de projets que le ministre entend mettre en avant afin de booster les jeunes dans cette voie de l&rsquo;entrepreneuriat.<\/p>\n\n\n\n<figure class=\"wp-block-embed is-type-video is-provider-youtube wp-block-embed-youtube wp-embed-aspect-16-9 wp-has-aspect-ratio\"><div class=\"wp-block-embed__wrapper\">\n<span class=\"embed-youtube\" style=\"text-align:center; display: block;\"><iframe loading=\"lazy\" class=\"youtube-player\" width=\"696\" height=\"392\" src=\"https:\/\/www.youtube.com\/embed\/Xn8j2YzYThg?version=3&#038;rel=1&#038;showsearch=0&#038;showinfo=1&#038;iv_load_policy=1&#038;fs=1&#038;hl=fr-FR&#038;autohide=2&#038;wmode=transparent\" allowfullscreen=\"true\" style=\"border:0;\" sandbox=\"allow-scripts allow-same-origin allow-popups allow-presentation\"><\/iframe><\/span>\n<\/div><\/figure>\n","protected":false},"excerpt":{"rendered":"<p>En 2024, Willy Borsus est venu saluer les projets li\u00e9s \u00e0 l&rsquo;esprit d&rsquo;entreprendre qui ont \u00e9t\u00e9 r\u00e9alis\u00e9s \u00e0 l&rsquo;ath\u00e9n\u00e9e de Beaumont. Une boutique de seconde main, une mini entreprise, un crowdfunding&#8230; autant de projets que le ministre entend mettre en avant afin de booster les jeunes dans cette voie de l&rsquo;entrepreneuriat.<\/p>\n","protected":false},"author":1,"featured_media":3334,"comment_status":"open","ping_status":"closed","sticky":false,"template":"","format":"standard","meta":{"jetpack_post_was_ever_published":false,"footnotes":""},"categories":[16,129],"tags":[],"class_list":{"0":"post-3332","1":"post","2":"type-post","3":"status-publish","4":"format-standard","5":"has-post-thumbnail","7":"category-reportages-videos","8":"category-videos"},"jetpack_featured_media_url":"https:\/\/av.arbeaumont.eu\/wp-content\/uploads\/2026\/03\/Capture-decran-2026-03-14-a-15.58.55.jpg","jetpack_sharing_enabled":true,"jetpack_shortlink":"https:\/\/wp.me\/p8Dhaa-RK","jetpack_likes_enabled":true,"jetpack-related-posts":[{"id":3304,"url":"https:\/\/av.arbeaumont.eu\/index.php\/2026\/03\/14\/les-voeux-de-wallonie-bruxelles-enseignement-2024\/","url_meta":{"origin":3332,"position":0},"title":"Les voeux de Wallonie Bruxelles Enseignement 2025","date":"14 mars 2026","format":false,"excerpt":"Film\u00e9s par la section audiovisuelle de l'ath\u00e9n\u00e9e de Beaumont Dans le cadre de sa mini entreprise, les \u00e9l\u00e8ves de l'option audiovisuelle ont re\u00e7u une demande hors du commun. WBE leur a demand\u00e9 de filmer sa c\u00e9r\u00e9monie de voeux 2025 qui s'est tenue \u00e0 la Sucrerie \u00e0 Wavre. Ministres, directeurs, administrateurs,\u2026","rel":"","context":"Dans &quot;Vid\u00e9os&quot;","img":{"alt_text":"","src":"https:\/\/i0.wp.com\/av.arbeaumont.eu\/wp-content\/uploads\/2026\/03\/Capture-decran-2026-03-14-a-14.28.10.jpg?resize=350%2C200&ssl=1","width":350,"height":200},"classes":[]},{"id":1061,"url":"https:\/\/av.arbeaumont.eu\/index.php\/2018\/10\/21\/le-mag-de-septembre\/","url_meta":{"origin":3332,"position":1},"title":"Le mag de septembre 2018","date":"21 octobre 2018","format":"video","excerpt":"Beaumont, l'ath\u00e9n\u00e9e s'\u00e9VEILle ! D\u00e9couvrez vite notre nouveau magazine d'info. \u00a0Vous saurez tout sur les activit\u00e9s de l'ath\u00e9n\u00e9e durant ce mois de septembre. \u00a0Un magazine r\u00e9alis\u00e9 par les \u00e9l\u00e8ves de 5e et 6e audiovisuel. https:\/\/www.youtube.com\/watch?v=lDyuQIC9OqI \u00a0","rel":"","context":"Dans &quot;Les magazines&quot;","img":{"alt_text":"","src":"https:\/\/i0.wp.com\/av.arbeaumont.eu\/wp-content\/uploads\/2018\/10\/Capture-d\u2019\u00e9cran-2018-10-21-\u00e0-19.51.18.png?resize=350%2C200&ssl=1","width":350,"height":200},"classes":[]},{"id":233,"url":"https:\/\/av.arbeaumont.eu\/index.php\/2017\/02\/05\/lathenee-royal-de-beaumont-en-musique-et-en-photos\/","url_meta":{"origin":3332,"position":2},"title":"L&rsquo;ath\u00e9n\u00e9e royal de Beaumont en musique et en photos","date":"5 f\u00e9vrier 2017","format":"video","excerpt":"Envie de d\u00e9couvrir nos salles de classes, les professeurs, l'internat, les infrastructures ext\u00e9rieures, le mat\u00e9riel et l'ambiance de l'\u00e9cole, alors visionnez le diaporama r\u00e9alis\u00e9 par les \u00e9l\u00e8ves d'audiovisuel. \u00a0Venez vite nous rejoindre! \u00a0","rel":"","context":"Dans &quot;Visiter l'\u00e9cole&quot;","img":{"alt_text":"","src":"https:\/\/i0.wp.com\/av.arbeaumont.eu\/wp-content\/uploads\/2017\/02\/DSC_0083.jpg?resize=350%2C200&ssl=1","width":350,"height":200},"classes":[]},{"id":2208,"url":"https:\/\/av.arbeaumont.eu\/index.php\/2021\/04\/02\/presentation-de-lathenee-de-beaumont\/","url_meta":{"origin":3332,"position":3},"title":"Pr\u00e9sentation de l&rsquo;ath\u00e9n\u00e9e de Beaumont","date":"2 avril 2021","format":false,"excerpt":"https:\/\/youtu.be\/6RUvX7z0fLA","rel":"","context":"Dans &quot;Publicit\u00e9&quot;","img":{"alt_text":"","src":"https:\/\/i0.wp.com\/av.arbeaumont.eu\/wp-content\/uploads\/2021\/04\/Capture-decran-2021-04-02-a-12.23.10.png?resize=350%2C200&ssl=1","width":350,"height":200},"classes":[]},{"id":3327,"url":"https:\/\/av.arbeaumont.eu\/index.php\/2026\/03\/14\/elio-di-rupo-en-visite-a-lathenee-de-beaumont\/","url_meta":{"origin":3332,"position":4},"title":"Elio Di Rupo en visite \u00e0 l&rsquo;ath\u00e9n\u00e9e de Beaumont","date":"14 mars 2026","format":false,"excerpt":"En 2023, Elio Di Rupo est venu \u00e0 la rencontre des jeunes de notre \u00e9cole. Robin Bourgeois et Emma Dubois ont r\u00e9alis\u00e9 un reportage \u00e0 cette occasion. https:\/\/youtu.be\/bOnCePYCw4I","rel":"","context":"Dans &quot;Reportages&quot;","img":{"alt_text":"","src":"https:\/\/i0.wp.com\/av.arbeaumont.eu\/wp-content\/uploads\/2026\/03\/Capture-decran-2026-03-14-a-15.37.29.jpg?resize=350%2C200&ssl=1","width":350,"height":200},"classes":[]},{"id":330,"url":"https:\/\/av.arbeaumont.eu\/index.php\/2017\/03\/18\/viens-tu-a-lathenee-lan-prochain\/","url_meta":{"origin":3332,"position":5},"title":"Viens-tu \u00e0 l&rsquo;ath\u00e9n\u00e9e l&rsquo;an prochain?","date":"18 mars 2017","format":"video","excerpt":"C'est la p\u00e9riode des inscriptions en 1re secondaire et beaucoup de jeunes se demandent quelle \u00e9cole choisir. \u00a0Pour les aider dans ce choix difficile, l'ath\u00e9n\u00e9e royal de Beaumont a organis\u00e9, le 13 mars 2017, une visite pour les \u00e9l\u00e8ves de 6e primaire des \u00e9coles d'Erquelinnes et Str\u00e9e. \u00a0Une trentaine d'\u00e9l\u00e8ves\u2026","rel":"","context":"Dans &quot;Reportages&quot;","img":{"alt_text":"","src":"https:\/\/i0.wp.com\/av.arbeaumont.eu\/wp-content\/uploads\/2017\/03\/DSC_0027-1.jpg?resize=350%2C200&ssl=1","width":350,"height":200},"classes":[]}],"amp_enabled":true,"_links":{"self":[{"href":"https:\/\/av.arbeaumont.eu\/index.php\/wp-json\/wp\/v2\/posts\/3332","targetHints":{"allow":["GET"]}}],"collection":[{"href":"https:\/\/av.arbeaumont.eu\/index.php\/wp-json\/wp\/v2\/posts"}],"about":[{"href":"https:\/\/av.arbeaumont.eu\/index.php\/wp-json\/wp\/v2\/types\/post"}],"author":[{"embeddable":true,"href":"https:\/\/av.arbeaumont.eu\/index.php\/wp-json\/wp\/v2\/users\/1"}],"replies":[{"embeddable":true,"href":"https:\/\/av.arbeaumont.eu\/index.php\/wp-json\/wp\/v2\/comments?post=3332"}],"version-history":[{"count":1,"href":"https:\/\/av.arbeaumont.eu\/index.php\/wp-json\/wp\/v2\/posts\/3332\/revisions"}],"predecessor-version":[{"id":3335,"href":"https:\/\/av.arbeaumont.eu\/index.php\/wp-json\/wp\/v2\/posts\/3332\/revisions\/3335"}],"wp:featuredmedia":[{"embeddable":true,"href":"https:\/\/av.arbeaumont.eu\/index.php\/wp-json\/wp\/v2\/media\/3334"}],"wp:attachment":[{"href":"https:\/\/av.arbeaumont.eu\/index.php\/wp-json\/wp\/v2\/media?parent=3332"}],"wp:term":[{"taxonomy":"category","embeddable":true,"href":"https:\/\/av.arbeaumont.eu\/index.php\/wp-json\/wp\/v2\/categories?post=3332"},{"taxonomy":"post_tag","embeddable":true,"href":"https:\/\/av.arbeaumont.eu\/index.php\/wp-json\/wp\/v2\/tags?post=3332"}],"curies":[{"name":"wp","href":"https:\/\/api.w.org\/{rel}","templated":true}]}}