{"id":3337,"date":"2026-03-14T16:16:11","date_gmt":"2026-03-14T15:16:11","guid":{"rendered":"https:\/\/av.arbeaumont.eu\/?p=3337"},"modified":"2026-03-14T16:16:12","modified_gmt":"2026-03-14T15:16:12","slug":"experience-en-chimie-pour-halloween","status":"publish","type":"post","link":"https:\/\/av.arbeaumont.eu\/index.php\/2026\/03\/14\/experience-en-chimie-pour-halloween\/","title":{"rendered":"Exp\u00e9rience en chimie pour Halloween"},"content":{"rendered":"\n<p>L&rsquo;option audiovisuel collabore r\u00e9guli\u00e8rement avec des professeurs de l&rsquo;\u00e9cole pour mettre en valeur les projets r\u00e9alis\u00e9s dans les autres cours.  Mme Gabriels, professeur de chimie a d\u00e9cid\u00e9 de mener une exp\u00e9rience amusante avec ses \u00e9l\u00e8ves.  Regardez.<\/p>\n\n\n\n<p>Reportage de L\u00e9o Mabille<\/p>\n\n\n\n<figure class=\"wp-block-embed is-type-rich is-provider-prise-en-charge-des-contenus-embarqu-s wp-block-embed-prise-en-charge-des-contenus-embarqu-s wp-embed-aspect-16-9 wp-has-aspect-ratio\"><div class=\"wp-block-embed__wrapper\">\n<span class=\"embed-youtube\" style=\"text-align:center; display: block;\"><iframe loading=\"lazy\" class=\"youtube-player\" width=\"696\" height=\"392\" src=\"https:\/\/www.youtube.com\/embed\/zms_rtFyHLM?version=3&#038;rel=1&#038;showsearch=0&#038;showinfo=1&#038;iv_load_policy=1&#038;fs=1&#038;hl=fr-FR&#038;autohide=2&#038;wmode=transparent\" allowfullscreen=\"true\" style=\"border:0;\" sandbox=\"allow-scripts allow-same-origin allow-popups allow-presentation\"><\/iframe><\/span>\n<\/div><\/figure>\n","protected":false},"excerpt":{"rendered":"<p>L&rsquo;option audiovisuel collabore r\u00e9guli\u00e8rement avec des professeurs de l&rsquo;\u00e9cole pour mettre en valeur les projets r\u00e9alis\u00e9s dans les autres cours. Mme Gabriels, professeur de chimie a d\u00e9cid\u00e9 de mener une exp\u00e9rience amusante avec ses \u00e9l\u00e8ves. Regardez. Reportage de L\u00e9o Mabille<\/p>\n","protected":false},"author":1,"featured_media":3339,"comment_status":"open","ping_status":"closed","sticky":false,"template":"","format":"standard","meta":{"jetpack_post_was_ever_published":false,"footnotes":""},"categories":[16,129],"tags":[],"class_list":{"0":"post-3337","1":"post","2":"type-post","3":"status-publish","4":"format-standard","5":"has-post-thumbnail","7":"category-reportages-videos","8":"category-videos"},"jetpack_featured_media_url":"https:\/\/av.arbeaumont.eu\/wp-content\/uploads\/2026\/03\/Capture-decran-2026-03-14-a-16.14.36.jpg","jetpack_sharing_enabled":true,"jetpack_shortlink":"https:\/\/wp.me\/p8Dhaa-RP","jetpack_likes_enabled":true,"jetpack-related-posts":[{"id":3239,"url":"https:\/\/av.arbeaumont.eu\/index.php\/2026\/03\/14\/notre-voyage-au-benin\/","url_meta":{"origin":3337,"position":0},"title":"Un voyage au B\u00e9nin pour soutenir l&rsquo;ONG \u00ab\u00a0Graines de vie\u00a0\u00bb","date":"14 mars 2026","format":false,"excerpt":"2 documentaires pour mieux comprendre les enjeux de ce projet Gr\u00e2ce aux b\u00e9n\u00e9fices de la mini entreprise Souris m'chou et au travail de notre ambassadrice Erasmus, Mme Maria Pillar Carilla, 2 \u00e9l\u00e8ves de l'option audiovisuel ont pu se rendre au B\u00e9nin pour apporter le don de 2900 euros de la\u2026","rel":"","context":"Dans &quot;Documentaires&quot;","img":{"alt_text":"","src":"https:\/\/i0.wp.com\/av.arbeaumont.eu\/wp-content\/uploads\/2026\/03\/Benin.jpg?resize=350%2C200&ssl=1","width":350,"height":200},"classes":[]},{"id":3214,"url":"https:\/\/av.arbeaumont.eu\/index.php\/2026\/03\/14\/souris-mchou\/","url_meta":{"origin":3337,"position":1},"title":"Souris m&rsquo;chou &#8211; Notre 2e mini entreprise en audiovisuel","date":"14 mars 2026","format":false,"excerpt":"Souris m'chou, c'est le nom de notre deuxi\u00e8me mini-entreprise. Ce projet est encadr\u00e9 par l'asbl LJE - Les Jeunes entreprises - et vise \u00e0 developper chez les jeunes l'esprit d'entreprendre. Oser, cr\u00e9er, r\u00eaver, voil\u00e0 leur slogan. Le principe est simple : les \u00e9l\u00e8ves s'unissent en coop\u00e9rative. Chacun d'entre eux d\u00e9pose\u2026","rel":"","context":"Dans &quot;Souris m'chou&quot;","img":{"alt_text":"","src":"https:\/\/i0.wp.com\/av.arbeaumont.eu\/wp-content\/uploads\/2026\/03\/Prix-meilleure-experience.jpg?resize=350%2C200&ssl=1","width":350,"height":200},"classes":[]},{"id":2599,"url":"https:\/\/av.arbeaumont.eu\/index.php\/2022\/01\/08\/action-100-000-entrepreneurs-avec-les-tq-gestion\/","url_meta":{"origin":3337,"position":2},"title":"Action 100.000 entrepreneurs avec les TQ gestion","date":"8 janvier 2022","format":false,"excerpt":"Chaque ann\u00e9e, la Sowalfin donne l'occasion aux \u00e9coles d'inviter des entrepreneurs en classe pour stimuler l'esprit d'entreprendre et donner l'envie de cr\u00e9er, de lancer sa propre soci\u00e9t\u00e9. Les TQ gestion ont d\u00e9couvert une entreprise de cosm\u00e9tique de la r\u00e9gion. Reportage Noah Hautier et Ars\u00e9nia Piot. https:\/\/youtu.be\/bHIqJJkR4jU","rel":"","context":"Dans &quot;Reportages&quot;","img":{"alt_text":"","src":"https:\/\/i0.wp.com\/av.arbeaumont.eu\/wp-content\/uploads\/2022\/01\/Capture-decran-2022-01-08-a-14.32.52.png?resize=350%2C200&ssl=1","width":350,"height":200},"classes":[]},{"id":2161,"url":"https:\/\/av.arbeaumont.eu\/index.php\/2021\/04\/01\/adobic-notre-premier-journal-papier-est-ne\/","url_meta":{"origin":3337,"position":3},"title":"1er prix du concours \u00ab\u00a0Journalistes en herbe\u00a0\u00bb en 2021","date":"1 avril 2021","format":false,"excerpt":"AdoBIC, notre premier journal papier est n\u00e9! AdoBIC,\u00a0c\u2019est l\u2019association d\u2019une contraction du mot \u00ab\u00a0adolescent\u00a0\u00bb et d\u2019une abr\u00e9viation\u00a0Beaumont-Infos-Covid-19 (BIC).\u00a0\u00a0C\u2019est donc un journal, r\u00e9alis\u00e9 par des ados, qui vous informe sur\u00a0la Covid-19 \u00e0 Beaumont.\u00a0\u00a0Pour les \u00e9l\u00e8ves de rh\u00e9to de l\u2019option audiovisuelle de l\u2019ath\u00e9n\u00e9e, il s\u2019agit une exp\u00e9rience lanc\u00e9e en 2020-2021 dans le\u2026","rel":"","context":"Dans &quot;AdoBIC 2021&quot;","img":{"alt_text":"","src":"https:\/\/i0.wp.com\/av.arbeaumont.eu\/wp-content\/uploads\/2021\/04\/La-Une-dAdobic.jpg?resize=350%2C200&ssl=1","width":350,"height":200},"classes":[]},{"id":893,"url":"https:\/\/av.arbeaumont.eu\/index.php\/2018\/06\/11\/le-moise\/","url_meta":{"origin":3337,"position":4},"title":"LE MO\u00cfSE","date":"11 juin 2018","format":false,"excerpt":"Plus d'un demi si\u00e8cle d'existence Le Mo\u00efse se situe \u00e0 la rue F\u00e9lix Dutry sur la route principale du centre de Beaumont. J\u2019y ai rencontr\u00e9 Sylvie, la g\u00e9rante. C\u2019est la deuxi\u00e8me propri\u00e9taire de ce magasin, sp\u00e9cialis\u00e9 dans les articles de f\u00eates.\u00a0 Voici une invitation \u00e0 pousser la porte d\u2019entr\u00e9e. Propos\u2026","rel":"","context":"Dans &quot;En radio&quot;","img":{"alt_text":"","src":"https:\/\/i0.wp.com\/av.arbeaumont.eu\/wp-content\/uploads\/2018\/06\/photos3.jpg?resize=350%2C200&ssl=1","width":350,"height":200},"classes":[]},{"id":881,"url":"https:\/\/av.arbeaumont.eu\/index.php\/2018\/06\/11\/les-3-auvergnats\/","url_meta":{"origin":3337,"position":5},"title":"LES 3 AUVERGNATS","date":"11 juin 2018","format":false,"excerpt":"Le caf\u00e9 culturel Ancien professeur de morale, Geoffroy, barman au caf\u00e9 culturel \u00ab\u00a0Les 3 auvergnats\u00a0\u00bb, a d\u00e9cid\u00e9 d\u2019arr\u00eater l\u2019enseignement pour ouvrir un caf\u00e9 tr\u00e8s particulier. Passionn\u00e9 de musique depuis plus de 18 ans, il r\u00eavait d\u2019ouvrir cet \u00e9tablissement o\u00f9 les concerts sont source de bonheur chaque semaine. PROPOS RECUEILLIS PAR\u2026","rel":"","context":"Dans &quot;En radio&quot;","img":{"alt_text":"","src":"https:\/\/i0.wp.com\/av.arbeaumont.eu\/wp-content\/uploads\/2018\/06\/photo-16-examen_.jpg?resize=350%2C200&ssl=1","width":350,"height":200},"classes":[]}],"amp_enabled":true,"_links":{"self":[{"href":"https:\/\/av.arbeaumont.eu\/index.php\/wp-json\/wp\/v2\/posts\/3337","targetHints":{"allow":["GET"]}}],"collection":[{"href":"https:\/\/av.arbeaumont.eu\/index.php\/wp-json\/wp\/v2\/posts"}],"about":[{"href":"https:\/\/av.arbeaumont.eu\/index.php\/wp-json\/wp\/v2\/types\/post"}],"author":[{"embeddable":true,"href":"https:\/\/av.arbeaumont.eu\/index.php\/wp-json\/wp\/v2\/users\/1"}],"replies":[{"embeddable":true,"href":"https:\/\/av.arbeaumont.eu\/index.php\/wp-json\/wp\/v2\/comments?post=3337"}],"version-history":[{"count":1,"href":"https:\/\/av.arbeaumont.eu\/index.php\/wp-json\/wp\/v2\/posts\/3337\/revisions"}],"predecessor-version":[{"id":3340,"href":"https:\/\/av.arbeaumont.eu\/index.php\/wp-json\/wp\/v2\/posts\/3337\/revisions\/3340"}],"wp:featuredmedia":[{"embeddable":true,"href":"https:\/\/av.arbeaumont.eu\/index.php\/wp-json\/wp\/v2\/media\/3339"}],"wp:attachment":[{"href":"https:\/\/av.arbeaumont.eu\/index.php\/wp-json\/wp\/v2\/media?parent=3337"}],"wp:term":[{"taxonomy":"category","embeddable":true,"href":"https:\/\/av.arbeaumont.eu\/index.php\/wp-json\/wp\/v2\/categories?post=3337"},{"taxonomy":"post_tag","embeddable":true,"href":"https:\/\/av.arbeaumont.eu\/index.php\/wp-json\/wp\/v2\/tags?post=3337"}],"curies":[{"name":"wp","href":"https:\/\/api.w.org\/{rel}","templated":true}]}}