{"id":3342,"date":"2026-03-14T17:02:05","date_gmt":"2026-03-14T16:02:05","guid":{"rendered":"https:\/\/av.arbeaumont.eu\/?p=3342"},"modified":"2026-03-14T17:02:10","modified_gmt":"2026-03-14T16:02:10","slug":"deux-de-nos-eleves-relevent-un-defi-lance-par-telesambre","status":"publish","type":"post","link":"https:\/\/av.arbeaumont.eu\/index.php\/2026\/03\/14\/deux-de-nos-eleves-relevent-un-defi-lance-par-telesambre\/","title":{"rendered":"Deux de nos \u00e9l\u00e8ves rel\u00e8vent un d\u00e9fi lanc\u00e9 par T\u00e9l\u00e9sambre"},"content":{"rendered":"\n<h2 class=\"wp-block-heading\">R\u00e9aliser un reportage professionnel pour l&rsquo;\u00e9mission des Correspondants locaux.<\/h2>\n\n\n\n<p>Le d\u00e9fi n&rsquo;est pas simple mais d&#8217;embl\u00e9e, deux \u00e9l\u00e8ves acceptent de se lancer dans l&rsquo;exp\u00e9rience.  Ils doivent trouver un reportage d&rsquo;actualit\u00e9, prendre les contacts, aller sur le terrain, tourner eux-m\u00eames les images, monter la vid\u00e9o, \u00e9crire un commentaire, le lire et tout doit \u00eatre pr\u00eat \u00e0 diffuser la semaine suivante.  Ont-ils r\u00e9ussi l&rsquo;\u00e9preuve ? Compte rendu de leurs aventures dans ce magazine passionnant intitul\u00e9 Wikiam\u00e9dias.  (Cliquer sur l&rsquo;image pour basculer vers l&rsquo;\u00e9mission)<\/p>\n\n\n\n<figure class=\"wp-block-image size-large\"><a href=\"https:\/\/www.telesambre.be\/replay\/emission\/wikiamedia\/wikiamedia-lathenee-royal-simone-veil-de-beaumont\/75709?fbclid=IwY2xjawQhd2tleHRuA2FlbQIxMABicmlkETEyOXc3VDU5QWZ4UGpWSEoyc3J0YwZhcHBfaWQQMjIyMDM5MTc4ODIwMDg5MgABHjRrbkswHV5nuBjLJpEFzt9T50A0gfVJC9eeYlnGRu1FEHHl735yESqbxmVR_aem_Tkl48qhnEzxBva6zXBxQDQ\" target=\"_blank\" rel=\" noreferrer noopener\"><img loading=\"lazy\" decoding=\"async\" width=\"1024\" height=\"547\" data-attachment-id=\"3343\" data-permalink=\"https:\/\/av.arbeaumont.eu\/index.php\/2026\/03\/14\/deux-de-nos-eleves-relevent-un-defi-lance-par-telesambre\/capture-decran-2026-03-14-a-16-55-58\/\" data-orig-file=\"https:\/\/av.arbeaumont.eu\/wp-content\/uploads\/2026\/03\/Capture-decran-2026-03-14-a-16.55.58.jpg\" data-orig-size=\"2048,1093\" data-comments-opened=\"1\" data-image-meta=\"{&quot;aperture&quot;:&quot;0&quot;,&quot;credit&quot;:&quot;&quot;,&quot;camera&quot;:&quot;&quot;,&quot;caption&quot;:&quot;&quot;,&quot;created_timestamp&quot;:&quot;0&quot;,&quot;copyright&quot;:&quot;&quot;,&quot;focal_length&quot;:&quot;0&quot;,&quot;iso&quot;:&quot;0&quot;,&quot;shutter_speed&quot;:&quot;0&quot;,&quot;title&quot;:&quot;&quot;,&quot;orientation&quot;:&quot;0&quot;}\" data-image-title=\"Capture d\u2019e\u0301cran 2026-03-14 a\u0300 16.55.58\" data-image-description=\"\" data-image-caption=\"\" data-medium-file=\"https:\/\/av.arbeaumont.eu\/wp-content\/uploads\/2026\/03\/Capture-decran-2026-03-14-a-16.55.58-300x160.jpg\" data-large-file=\"https:\/\/av.arbeaumont.eu\/wp-content\/uploads\/2026\/03\/Capture-decran-2026-03-14-a-16.55.58-1024x547.jpg\" src=\"https:\/\/av.arbeaumont.eu\/wp-content\/uploads\/2026\/03\/Capture-decran-2026-03-14-a-16.55.58-1024x547.jpg\" alt=\"\" class=\"wp-image-3343\" srcset=\"https:\/\/av.arbeaumont.eu\/wp-content\/uploads\/2026\/03\/Capture-decran-2026-03-14-a-16.55.58-1024x547.jpg 1024w, https:\/\/av.arbeaumont.eu\/wp-content\/uploads\/2026\/03\/Capture-decran-2026-03-14-a-16.55.58-300x160.jpg 300w, https:\/\/av.arbeaumont.eu\/wp-content\/uploads\/2026\/03\/Capture-decran-2026-03-14-a-16.55.58-768x410.jpg 768w, https:\/\/av.arbeaumont.eu\/wp-content\/uploads\/2026\/03\/Capture-decran-2026-03-14-a-16.55.58-1536x820.jpg 1536w, https:\/\/av.arbeaumont.eu\/wp-content\/uploads\/2026\/03\/Capture-decran-2026-03-14-a-16.55.58-787x420.jpg 787w, https:\/\/av.arbeaumont.eu\/wp-content\/uploads\/2026\/03\/Capture-decran-2026-03-14-a-16.55.58-696x371.jpg 696w, https:\/\/av.arbeaumont.eu\/wp-content\/uploads\/2026\/03\/Capture-decran-2026-03-14-a-16.55.58-1068x570.jpg 1068w, https:\/\/av.arbeaumont.eu\/wp-content\/uploads\/2026\/03\/Capture-decran-2026-03-14-a-16.55.58.jpg 2048w\" sizes=\"auto, (max-width: 1024px) 100vw, 1024px\" \/><\/a><\/figure>\n\n\n\n<p><\/p>\n","protected":false},"excerpt":{"rendered":"<p>R\u00e9aliser un reportage professionnel pour l&rsquo;\u00e9mission des Correspondants locaux. Le d\u00e9fi n&rsquo;est pas simple mais d&#8217;embl\u00e9e, deux \u00e9l\u00e8ves acceptent de se lancer dans l&rsquo;exp\u00e9rience. Ils doivent trouver un reportage d&rsquo;actualit\u00e9, prendre les contacts, aller sur le terrain, tourner eux-m\u00eames les images, monter la vid\u00e9o, \u00e9crire un commentaire, le lire et tout doit \u00eatre pr\u00eat \u00e0 [&hellip;]<\/p>\n","protected":false},"author":1,"featured_media":3344,"comment_status":"open","ping_status":"closed","sticky":false,"template":"","format":"standard","meta":{"jetpack_post_was_ever_published":false,"footnotes":""},"categories":[18],"tags":[],"class_list":{"0":"post-3342","1":"post","2":"type-post","3":"status-publish","4":"format-standard","5":"has-post-thumbnail","7":"category-la-section-audiovisuel-dans-les-medias"},"jetpack_featured_media_url":"https:\/\/av.arbeaumont.eu\/wp-content\/uploads\/2026\/03\/Capture-decran-2026-03-14-a-17.00.32.jpg","jetpack_sharing_enabled":true,"jetpack_shortlink":"https:\/\/wp.me\/p8Dhaa-RU","jetpack_likes_enabled":true,"jetpack-related-posts":[{"id":503,"url":"https:\/\/av.arbeaumont.eu\/index.php\/2017\/12\/17\/jogging-de-lathenee\/","url_meta":{"origin":3342,"position":0},"title":"Jogging de l&rsquo;ath\u00e9n\u00e9e","date":"17 d\u00e9cembre 2017","format":false,"excerpt":"Toute la section audiovisuelle sur le pont! Vous n'avez pas pu les rater, les \u00e9l\u00e8ves de la section audiovisuelle \u00e9taient partout lors du jogging de l'ath\u00e9n\u00e9e. \u00a0A l'affut pour prendre des photos, saisir les plus belles \u00e9motions, enregistrer vos r\u00e9actions ou encore r\u00e9aliser des reportages. \u00a0L'approche des examens ne leur\u2026","rel":"","context":"Dans &quot;Photos&quot;","img":{"alt_text":"","src":"https:\/\/i0.wp.com\/av.arbeaumont.eu\/wp-content\/uploads\/2017\/12\/Equipe-2-18.jpg?resize=350%2C200&ssl=1","width":350,"height":200},"classes":[]},{"id":481,"url":"https:\/\/av.arbeaumont.eu\/index.php\/2017\/06\/03\/samuser-en-decouvrant-les-coins-insolites-de-beaumont\/","url_meta":{"origin":3342,"position":1},"title":"S&rsquo;amuser en d\u00e9couvrant les coins insolites de Beaumont","date":"3 juin 2017","format":false,"excerpt":"Un webdocumentaire r\u00e9alis\u00e9 par les \u00e9l\u00e8ves de 3e audiovisuel En 2016-2017, l'ath\u00e9n\u00e9e royal de Beaumont a ouvert une option audiovisuel. \u00a0Une quinzaine \u00e9l\u00e8ves ont inaugur\u00e9 la section et dans la foul\u00e9e, ils ont \u00e9t\u00e9 laur\u00e9ats d'un appel \u00e0 projet lanc\u00e9 par le Conseil Sup\u00e9rieur de l'Education aux M\u00e9dias (CSEM). \u00a0Le\u2026","rel":"","context":"Dans &quot;Documentaires&quot;","img":{"alt_text":"","src":"https:\/\/i0.wp.com\/av.arbeaumont.eu\/wp-content\/uploads\/2017\/06\/Capture-d\u2019\u00e9cran-2017-06-03-\u00e0-22.36.33.png?resize=350%2C200&ssl=1","width":350,"height":200},"classes":[]},{"id":630,"url":"https:\/\/av.arbeaumont.eu\/index.php\/2018\/01\/24\/collaboration-entre-la-maison-des-jeunes-de-beaumont-et-lathenee\/","url_meta":{"origin":3342,"position":2},"title":"La s\u00e9curit\u00e9 sur la route et sur internet","date":"24 janvier 2018","format":"video","excerpt":"La publicit\u00e9 en question Comment construire un message publicitaire ? \u00a0Quels sont les trucs utilis\u00e9s par les soci\u00e9t\u00e9s de marketing pour nous pi\u00e9ger? \u00a0Cherche-t-on \u00e0 nous mentir et \u00e0 nous manipuler? \u00a0Quelle vision de la soci\u00e9t\u00e9 la publicit\u00e9 nous renvoie-elle? \u00a0Toutes ces questions, nous les avons examin\u00e9es avec les 4e\u2026","rel":"","context":"Dans &quot;Affiches&quot;","img":{"alt_text":"","src":"https:\/\/i0.wp.com\/av.arbeaumont.eu\/wp-content\/uploads\/2018\/01\/BERNARD-Noah-Pub.jpg?resize=350%2C200&ssl=1","width":350,"height":200},"classes":[]},{"id":3252,"url":"https:\/\/av.arbeaumont.eu\/index.php\/2026\/03\/14\/organiser-un-concert-de-a-a-z\/","url_meta":{"origin":3342,"position":3},"title":"Organiser un concert de A \u00e0 Z","date":"14 mars 2026","format":false,"excerpt":"Un nouveau d\u00e9fi audiovisuel en collaboration avec la Maison des Jeunes de Beaumont Organiser un concert de musique, c'est \u00e0 priori tr\u00e8s simple. Il suffit de contacter des groupes, de fixer une date, de trouver une salle, de remplir un peu de paperasse administrative pour la s\u00e9curit\u00e9 et pour les\u2026","rel":"","context":"Dans &quot;Concert de A \u00e0 Z&quot;","img":{"alt_text":"","src":"https:\/\/i0.wp.com\/av.arbeaumont.eu\/wp-content\/uploads\/2026\/03\/DSC_0075.jpg?resize=350%2C200&ssl=1","width":350,"height":200},"classes":[]},{"id":3337,"url":"https:\/\/av.arbeaumont.eu\/index.php\/2026\/03\/14\/experience-en-chimie-pour-halloween\/","url_meta":{"origin":3342,"position":4},"title":"Exp\u00e9rience en chimie pour Halloween","date":"14 mars 2026","format":false,"excerpt":"L'option audiovisuel collabore r\u00e9guli\u00e8rement avec des professeurs de l'\u00e9cole pour mettre en valeur les projets r\u00e9alis\u00e9s dans les autres cours. Mme Gabriels, professeur de chimie a d\u00e9cid\u00e9 de mener une exp\u00e9rience amusante avec ses \u00e9l\u00e8ves. Regardez. Reportage de L\u00e9o Mabille https:\/\/youtu.be\/zms_rtFyHLM","rel":"","context":"Dans &quot;Reportages&quot;","img":{"alt_text":"","src":"https:\/\/i0.wp.com\/av.arbeaumont.eu\/wp-content\/uploads\/2026\/03\/Capture-decran-2026-03-14-a-16.14.36.jpg?resize=350%2C200&ssl=1","width":350,"height":200},"classes":[]},{"id":776,"url":"https:\/\/av.arbeaumont.eu\/index.php\/2018\/06\/11\/telesambre-parle-du-documentaire-sur-auschwitz\/","url_meta":{"origin":3342,"position":5},"title":"T\u00e9l\u00e9sambre met le documentaire sur Auschwitz \u00e0 l&rsquo;honneur","date":"11 juin 2018","format":false,"excerpt":"Chouette reportage aujourd'hui dans le journal de T\u00e9l\u00e9sambre \u00e0 propos du reportage r\u00e9alis\u00e9 par les 5TTR \u00e0 Auschwitz. \u00a0Plusieurs extraits du documentaires ont \u00e9t\u00e9 repris int\u00e9gralement dans le reportage. \u00a0Une belle r\u00e9compense \u00e0 nouveau pour la section. Lien vers le reportage de T\u00e9l\u00e9sambre Voici quelques photos du tournage.","rel":"","context":"Dans &quot;La section audiovisuelle dans les m\u00e9dias&quot;","img":{"alt_text":"","src":"https:\/\/i0.wp.com\/av.arbeaumont.eu\/wp-content\/uploads\/2018\/05\/Reportage-4.jpg?resize=350%2C200&ssl=1","width":350,"height":200},"classes":[]}],"amp_enabled":true,"_links":{"self":[{"href":"https:\/\/av.arbeaumont.eu\/index.php\/wp-json\/wp\/v2\/posts\/3342","targetHints":{"allow":["GET"]}}],"collection":[{"href":"https:\/\/av.arbeaumont.eu\/index.php\/wp-json\/wp\/v2\/posts"}],"about":[{"href":"https:\/\/av.arbeaumont.eu\/index.php\/wp-json\/wp\/v2\/types\/post"}],"author":[{"embeddable":true,"href":"https:\/\/av.arbeaumont.eu\/index.php\/wp-json\/wp\/v2\/users\/1"}],"replies":[{"embeddable":true,"href":"https:\/\/av.arbeaumont.eu\/index.php\/wp-json\/wp\/v2\/comments?post=3342"}],"version-history":[{"count":1,"href":"https:\/\/av.arbeaumont.eu\/index.php\/wp-json\/wp\/v2\/posts\/3342\/revisions"}],"predecessor-version":[{"id":3345,"href":"https:\/\/av.arbeaumont.eu\/index.php\/wp-json\/wp\/v2\/posts\/3342\/revisions\/3345"}],"wp:featuredmedia":[{"embeddable":true,"href":"https:\/\/av.arbeaumont.eu\/index.php\/wp-json\/wp\/v2\/media\/3344"}],"wp:attachment":[{"href":"https:\/\/av.arbeaumont.eu\/index.php\/wp-json\/wp\/v2\/media?parent=3342"}],"wp:term":[{"taxonomy":"category","embeddable":true,"href":"https:\/\/av.arbeaumont.eu\/index.php\/wp-json\/wp\/v2\/categories?post=3342"},{"taxonomy":"post_tag","embeddable":true,"href":"https:\/\/av.arbeaumont.eu\/index.php\/wp-json\/wp\/v2\/tags?post=3342"}],"curies":[{"name":"wp","href":"https:\/\/api.w.org\/{rel}","templated":true}]}}