{"id":3347,"date":"2026-03-14T17:24:50","date_gmt":"2026-03-14T16:24:50","guid":{"rendered":"https:\/\/av.arbeaumont.eu\/?p=3347"},"modified":"2026-03-14T17:30:32","modified_gmt":"2026-03-14T16:30:32","slug":"nos-eleves-daudiovisuel-remportent-le-1er-prix-du-concours-journalistes-en-herbe-pour-la-3e-fois","status":"publish","type":"post","link":"https:\/\/av.arbeaumont.eu\/index.php\/2026\/03\/14\/nos-eleves-daudiovisuel-remportent-le-1er-prix-du-concours-journalistes-en-herbe-pour-la-3e-fois\/","title":{"rendered":"Nos \u00e9l\u00e8ves d&rsquo;audiovisuel remportent le 1er prix du concours \u00ab\u00a0Journalistes en herbe\u00a0\u00bb (2024) pour la 3e fois!"},"content":{"rendered":"\n<p>Ils en sont fiers et ils peuvent l&rsquo;\u00eatre!  Les \u00e9l\u00e8ves de rh\u00e9to de l&rsquo;option audiovisuel remportent \u00e0 nouveau le concours \u00ab\u00a0Journalistes en herbe\u00a0\u00bb de la FWB pour leur webjournal consacr\u00e9 cette fois au d\u00e9veloppement durable.  Le projet a \u00e9galement \u00e9t\u00e9 soutenu par G\u00e9n\u00e9rations entreprenantes, un des p\u00f4les de Wallonie entreprendre.  <\/p>\n\n\n\n<p>Dans ce journal, on vous parle d&rsquo;agriculture, de baume \u00e0 l\u00e8vre bio, du nettoyage des plages \u00e0 Gran Canaria, des transports en commun, de la sauvegarde des h\u00e9rissons, d&rsquo;une femme cheffe d&rsquo;entreprise et de bien d&rsquo;autres choses encore.  <a href=\"https:\/\/jeh.arbeaumont.eu\/\">D\u00e9couvrir le journal<\/a>.<\/p>\n\n\n\n<div class=\"wp-block-jetpack-slideshow aligncenter\" data-effect=\"slide\"><div class=\"wp-block-jetpack-slideshow_container swiper-container\"><ul class=\"wp-block-jetpack-slideshow_swiper-wrapper swiper-wrapper\"><li class=\"wp-block-jetpack-slideshow_slide swiper-slide\"><figure><img loading=\"lazy\" decoding=\"async\" width=\"414\" height=\"414\" alt=\"\" class=\"wp-block-jetpack-slideshow_image wp-image-3350\" data-id=\"3350\" src=\"https:\/\/av.arbeaumont.eu\/wp-content\/uploads\/2026\/03\/JEH-1.jpg\" srcset=\"https:\/\/av.arbeaumont.eu\/wp-content\/uploads\/2026\/03\/JEH-1.jpg 414w, https:\/\/av.arbeaumont.eu\/wp-content\/uploads\/2026\/03\/JEH-1-300x300.jpg 300w, https:\/\/av.arbeaumont.eu\/wp-content\/uploads\/2026\/03\/JEH-1-150x150.jpg 150w\" sizes=\"auto, (max-width: 414px) 100vw, 414px\" \/><\/figure><\/li><li class=\"wp-block-jetpack-slideshow_slide swiper-slide\"><figure><img loading=\"lazy\" decoding=\"async\" width=\"768\" height=\"1024\" alt=\"\" class=\"wp-block-jetpack-slideshow_image wp-image-3351\" data-id=\"3351\" src=\"https:\/\/av.arbeaumont.eu\/wp-content\/uploads\/2026\/03\/JEH-2-768x1024.jpg\" srcset=\"https:\/\/av.arbeaumont.eu\/wp-content\/uploads\/2026\/03\/JEH-2-768x1024.jpg 768w, https:\/\/av.arbeaumont.eu\/wp-content\/uploads\/2026\/03\/JEH-2-225x300.jpg 225w, https:\/\/av.arbeaumont.eu\/wp-content\/uploads\/2026\/03\/JEH-2-1152x1536.jpg 1152w, https:\/\/av.arbeaumont.eu\/wp-content\/uploads\/2026\/03\/JEH-2-315x420.jpg 315w, https:\/\/av.arbeaumont.eu\/wp-content\/uploads\/2026\/03\/JEH-2-696x928.jpg 696w, https:\/\/av.arbeaumont.eu\/wp-content\/uploads\/2026\/03\/JEH-2-1068x1424.jpg 1068w, https:\/\/av.arbeaumont.eu\/wp-content\/uploads\/2026\/03\/JEH-2.jpg 1536w\" sizes=\"auto, (max-width: 768px) 100vw, 768px\" \/><\/figure><\/li><li class=\"wp-block-jetpack-slideshow_slide swiper-slide\"><figure><img loading=\"lazy\" decoding=\"async\" width=\"1024\" height=\"768\" alt=\"\" class=\"wp-block-jetpack-slideshow_image wp-image-3352\" data-id=\"3352\" src=\"https:\/\/av.arbeaumont.eu\/wp-content\/uploads\/2026\/03\/JEH-3-1024x768.jpg\" srcset=\"https:\/\/av.arbeaumont.eu\/wp-content\/uploads\/2026\/03\/JEH-3-1024x768.jpg 1024w, https:\/\/av.arbeaumont.eu\/wp-content\/uploads\/2026\/03\/JEH-3-300x225.jpg 300w, https:\/\/av.arbeaumont.eu\/wp-content\/uploads\/2026\/03\/JEH-3-768x576.jpg 768w, https:\/\/av.arbeaumont.eu\/wp-content\/uploads\/2026\/03\/JEH-3-1536x1152.jpg 1536w, https:\/\/av.arbeaumont.eu\/wp-content\/uploads\/2026\/03\/JEH-3-560x420.jpg 560w, https:\/\/av.arbeaumont.eu\/wp-content\/uploads\/2026\/03\/JEH-3-80x60.jpg 80w, https:\/\/av.arbeaumont.eu\/wp-content\/uploads\/2026\/03\/JEH-3-696x522.jpg 696w, https:\/\/av.arbeaumont.eu\/wp-content\/uploads\/2026\/03\/JEH-3-1068x801.jpg 1068w, https:\/\/av.arbeaumont.eu\/wp-content\/uploads\/2026\/03\/JEH-3-265x198.jpg 265w, https:\/\/av.arbeaumont.eu\/wp-content\/uploads\/2026\/03\/JEH-3.jpg 2048w\" sizes=\"auto, (max-width: 1024px) 100vw, 1024px\" \/><\/figure><\/li><li class=\"wp-block-jetpack-slideshow_slide swiper-slide\"><figure><img loading=\"lazy\" decoding=\"async\" width=\"1024\" height=\"768\" alt=\"\" class=\"wp-block-jetpack-slideshow_image wp-image-3353\" data-id=\"3353\" src=\"https:\/\/av.arbeaumont.eu\/wp-content\/uploads\/2026\/03\/JEH-5-1024x768.jpg\" srcset=\"https:\/\/av.arbeaumont.eu\/wp-content\/uploads\/2026\/03\/JEH-5-1024x768.jpg 1024w, https:\/\/av.arbeaumont.eu\/wp-content\/uploads\/2026\/03\/JEH-5-300x225.jpg 300w, https:\/\/av.arbeaumont.eu\/wp-content\/uploads\/2026\/03\/JEH-5-768x576.jpg 768w, https:\/\/av.arbeaumont.eu\/wp-content\/uploads\/2026\/03\/JEH-5-1536x1152.jpg 1536w, https:\/\/av.arbeaumont.eu\/wp-content\/uploads\/2026\/03\/JEH-5-560x420.jpg 560w, https:\/\/av.arbeaumont.eu\/wp-content\/uploads\/2026\/03\/JEH-5-80x60.jpg 80w, https:\/\/av.arbeaumont.eu\/wp-content\/uploads\/2026\/03\/JEH-5-696x522.jpg 696w, https:\/\/av.arbeaumont.eu\/wp-content\/uploads\/2026\/03\/JEH-5-1068x801.jpg 1068w, https:\/\/av.arbeaumont.eu\/wp-content\/uploads\/2026\/03\/JEH-5-265x198.jpg 265w, https:\/\/av.arbeaumont.eu\/wp-content\/uploads\/2026\/03\/JEH-5.jpg 2048w\" sizes=\"auto, (max-width: 1024px) 100vw, 1024px\" \/><\/figure><\/li><\/ul><a class=\"wp-block-jetpack-slideshow_button-prev swiper-button-prev swiper-button-white\" role=\"button\"><\/a><a class=\"wp-block-jetpack-slideshow_button-next swiper-button-next swiper-button-white\" role=\"button\"><\/a><a aria-label=\"Pause Slideshow\" class=\"wp-block-jetpack-slideshow_button-pause\" role=\"button\"><\/a><div class=\"wp-block-jetpack-slideshow_pagination swiper-pagination swiper-pagination-white\"><\/div><\/div><\/div>\n","protected":false},"excerpt":{"rendered":"<p>Ils en sont fiers et ils peuvent l&rsquo;\u00eatre! Les \u00e9l\u00e8ves de rh\u00e9to de l&rsquo;option audiovisuel remportent \u00e0 nouveau le concours \u00ab\u00a0Journalistes en herbe\u00a0\u00bb de la FWB pour leur webjournal consacr\u00e9 cette fois au d\u00e9veloppement durable. Le projet a \u00e9galement \u00e9t\u00e9 soutenu par G\u00e9n\u00e9rations entreprenantes, un des p\u00f4les de Wallonie entreprendre. Dans ce journal, on vous [&hellip;]<\/p>\n","protected":false},"author":1,"featured_media":3357,"comment_status":"open","ping_status":"closed","sticky":false,"template":"","format":"standard","meta":{"jetpack_post_was_ever_published":false,"footnotes":""},"categories":[465,34],"tags":[],"class_list":{"0":"post-3347","1":"post","2":"type-post","3":"status-publish","4":"format-standard","5":"has-post-thumbnail","7":"category-en-vert-et-contre-tout","8":"category-journaliste-en-herbe"},"jetpack_featured_media_url":"https:\/\/av.arbeaumont.eu\/wp-content\/uploads\/2026\/03\/JEH-4.jpg","jetpack_sharing_enabled":true,"jetpack_shortlink":"https:\/\/wp.me\/p8Dhaa-RZ","jetpack_likes_enabled":true,"jetpack-related-posts":[{"id":2807,"url":"https:\/\/av.arbeaumont.eu\/index.php\/2023\/02\/22\/2807\/","url_meta":{"origin":3347,"position":0},"title":"1er prix du concours \u00ab\u00a0Journalistes en herbe\u00a0\u00bb en 2022","date":"22 f\u00e9vrier 2023","format":false,"excerpt":"Pour la deuxi\u00e8me ann\u00e9e cons\u00e9cutive, nos \u00e9l\u00e8ves de 6e audiovisuel remportent la premi\u00e8re place du concours Journaliste en herbe. Une formidable reconnaissance pour leur travail et la maitrise technique des moyens multim\u00e9dias. Cette ann\u00e9e, ils ont r\u00e9alis\u00e9 un journal web consacr\u00e9 \u00e0 la culture \u00e0 Beaumont. Vous y trouverez une\u2026","rel":"","context":"Dans &quot;Clic culture beaumontois&quot;","img":{"alt_text":"","src":"https:\/\/i0.wp.com\/av.arbeaumont.eu\/wp-content\/uploads\/2023\/02\/Capture-decran-2023-02-22-a-17.27.39.jpg?resize=350%2C200&ssl=1","width":350,"height":200},"classes":[]},{"id":2161,"url":"https:\/\/av.arbeaumont.eu\/index.php\/2021\/04\/01\/adobic-notre-premier-journal-papier-est-ne\/","url_meta":{"origin":3347,"position":1},"title":"1er prix du concours \u00ab\u00a0Journalistes en herbe\u00a0\u00bb en 2021","date":"1 avril 2021","format":false,"excerpt":"AdoBIC, notre premier journal papier est n\u00e9! AdoBIC,\u00a0c\u2019est l\u2019association d\u2019une contraction du mot \u00ab\u00a0adolescent\u00a0\u00bb et d\u2019une abr\u00e9viation\u00a0Beaumont-Infos-Covid-19 (BIC).\u00a0\u00a0C\u2019est donc un journal, r\u00e9alis\u00e9 par des ados, qui vous informe sur\u00a0la Covid-19 \u00e0 Beaumont.\u00a0\u00a0Pour les \u00e9l\u00e8ves de rh\u00e9to de l\u2019option audiovisuelle de l\u2019ath\u00e9n\u00e9e, il s\u2019agit une exp\u00e9rience lanc\u00e9e en 2020-2021 dans le\u2026","rel":"","context":"Dans &quot;AdoBIC 2021&quot;","img":{"alt_text":"","src":"https:\/\/i0.wp.com\/av.arbeaumont.eu\/wp-content\/uploads\/2021\/04\/La-Une-dAdobic.jpg?resize=350%2C200&ssl=1","width":350,"height":200},"classes":[]},{"id":3214,"url":"https:\/\/av.arbeaumont.eu\/index.php\/2026\/03\/14\/souris-mchou\/","url_meta":{"origin":3347,"position":2},"title":"Souris m&rsquo;chou &#8211; Notre 2e mini entreprise en audiovisuel","date":"14 mars 2026","format":false,"excerpt":"Souris m'chou, c'est le nom de notre deuxi\u00e8me mini-entreprise. Ce projet est encadr\u00e9 par l'asbl LJE - Les Jeunes entreprises - et vise \u00e0 developper chez les jeunes l'esprit d'entreprendre. Oser, cr\u00e9er, r\u00eaver, voil\u00e0 leur slogan. Le principe est simple : les \u00e9l\u00e8ves s'unissent en coop\u00e9rative. Chacun d'entre eux d\u00e9pose\u2026","rel":"","context":"Dans &quot;Souris m'chou&quot;","img":{"alt_text":"","src":"https:\/\/i0.wp.com\/av.arbeaumont.eu\/wp-content\/uploads\/2026\/03\/Prix-meilleure-experience.jpg?resize=350%2C200&ssl=1","width":350,"height":200},"classes":[]},{"id":2384,"url":"https:\/\/av.arbeaumont.eu\/index.php\/2021\/04\/05\/temoignages-danciens-eleves-daudiovisuel\/","url_meta":{"origin":3347,"position":3},"title":"T\u00e9moignages d&rsquo;anciens \u00e9l\u00e8ves d&rsquo;audiovisuel","date":"5 avril 2021","format":false,"excerpt":"Eva G\u00e9rard Bac 2 Infirmi\u00e8re Haute \u00e9cole Galil\u00e9e \u00e0 Bruxelles Je suis arriv\u00e9e dans l\u2019option d\u00e8s ma troisi\u00e8me, je suis un peu la mamy de la bande. J\u2019ai choisi cette option car rien ne m\u2019inspirait et aujourd'hui, je suis persuad\u00e9e que cette d\u00e9cision \u00e9tait la meilleure que je pouvais prendre.\u2026","rel":"","context":"Dans &quot;Pr\u00e9sentation de l'option&quot;","img":{"alt_text":"","src":"https:\/\/i0.wp.com\/av.arbeaumont.eu\/wp-content\/uploads\/2021\/04\/Photo-6TTR.jpg?resize=350%2C200&ssl=1","width":350,"height":200},"classes":[]},{"id":630,"url":"https:\/\/av.arbeaumont.eu\/index.php\/2018\/01\/24\/collaboration-entre-la-maison-des-jeunes-de-beaumont-et-lathenee\/","url_meta":{"origin":3347,"position":4},"title":"La s\u00e9curit\u00e9 sur la route et sur internet","date":"24 janvier 2018","format":"video","excerpt":"La publicit\u00e9 en question Comment construire un message publicitaire ? \u00a0Quels sont les trucs utilis\u00e9s par les soci\u00e9t\u00e9s de marketing pour nous pi\u00e9ger? \u00a0Cherche-t-on \u00e0 nous mentir et \u00e0 nous manipuler? \u00a0Quelle vision de la soci\u00e9t\u00e9 la publicit\u00e9 nous renvoie-elle? \u00a0Toutes ces questions, nous les avons examin\u00e9es avec les 4e\u2026","rel":"","context":"Dans &quot;Affiches&quot;","img":{"alt_text":"","src":"https:\/\/i0.wp.com\/av.arbeaumont.eu\/wp-content\/uploads\/2018\/01\/BERNARD-Noah-Pub.jpg?resize=350%2C200&ssl=1","width":350,"height":200},"classes":[]},{"id":3252,"url":"https:\/\/av.arbeaumont.eu\/index.php\/2026\/03\/14\/organiser-un-concert-de-a-a-z\/","url_meta":{"origin":3347,"position":5},"title":"Organiser un concert de A \u00e0 Z","date":"14 mars 2026","format":false,"excerpt":"Un nouveau d\u00e9fi audiovisuel en collaboration avec la Maison des Jeunes de Beaumont Organiser un concert de musique, c'est \u00e0 priori tr\u00e8s simple. Il suffit de contacter des groupes, de fixer une date, de trouver une salle, de remplir un peu de paperasse administrative pour la s\u00e9curit\u00e9 et pour les\u2026","rel":"","context":"Dans &quot;Concert de A \u00e0 Z&quot;","img":{"alt_text":"","src":"https:\/\/i0.wp.com\/av.arbeaumont.eu\/wp-content\/uploads\/2026\/03\/DSC_0075.jpg?resize=350%2C200&ssl=1","width":350,"height":200},"classes":[]}],"amp_enabled":true,"_links":{"self":[{"href":"https:\/\/av.arbeaumont.eu\/index.php\/wp-json\/wp\/v2\/posts\/3347","targetHints":{"allow":["GET"]}}],"collection":[{"href":"https:\/\/av.arbeaumont.eu\/index.php\/wp-json\/wp\/v2\/posts"}],"about":[{"href":"https:\/\/av.arbeaumont.eu\/index.php\/wp-json\/wp\/v2\/types\/post"}],"author":[{"embeddable":true,"href":"https:\/\/av.arbeaumont.eu\/index.php\/wp-json\/wp\/v2\/users\/1"}],"replies":[{"embeddable":true,"href":"https:\/\/av.arbeaumont.eu\/index.php\/wp-json\/wp\/v2\/comments?post=3347"}],"version-history":[{"count":3,"href":"https:\/\/av.arbeaumont.eu\/index.php\/wp-json\/wp\/v2\/posts\/3347\/revisions"}],"predecessor-version":[{"id":3360,"href":"https:\/\/av.arbeaumont.eu\/index.php\/wp-json\/wp\/v2\/posts\/3347\/revisions\/3360"}],"wp:featuredmedia":[{"embeddable":true,"href":"https:\/\/av.arbeaumont.eu\/index.php\/wp-json\/wp\/v2\/media\/3357"}],"wp:attachment":[{"href":"https:\/\/av.arbeaumont.eu\/index.php\/wp-json\/wp\/v2\/media?parent=3347"}],"wp:term":[{"taxonomy":"category","embeddable":true,"href":"https:\/\/av.arbeaumont.eu\/index.php\/wp-json\/wp\/v2\/categories?post=3347"},{"taxonomy":"post_tag","embeddable":true,"href":"https:\/\/av.arbeaumont.eu\/index.php\/wp-json\/wp\/v2\/tags?post=3347"}],"curies":[{"name":"wp","href":"https:\/\/api.w.org\/{rel}","templated":true}]}}