{"id":3367,"date":"2024-12-26T18:18:00","date_gmt":"2024-12-26T17:18:00","guid":{"rendered":"https:\/\/av.arbeaumont.eu\/?p=3367"},"modified":"2026-03-14T18:21:55","modified_gmt":"2026-03-14T17:21:55","slug":"le-pac-recompense-des-eleves-de-loption-audiovisuel-pour-leurs-photos","status":"publish","type":"post","link":"https:\/\/av.arbeaumont.eu\/index.php\/2024\/12\/26\/le-pac-recompense-des-eleves-de-loption-audiovisuel-pour-leurs-photos\/","title":{"rendered":"Le PAC r\u00e9compense des \u00e9l\u00e8ves de l&rsquo;option audiovisuel pour leurs photos"},"content":{"rendered":"\n<p>Chaque ann\u00e9e, le PAC Beaumont organise un concours photo ouvert \u00e0 tous.  Un de nos \u00e9l\u00e8ves s&rsquo;est distingu\u00e9 gr\u00e2ce \u00e0 l&rsquo;une de ses photos, r\u00e9alis\u00e9e dans une ferme de l&rsquo;entit\u00e9.  Une reconnaissance salu\u00e9e par la presse locale.<\/p>\n\n\n\n<figure class=\"wp-block-image size-large is-resized\"><img loading=\"lazy\" decoding=\"async\" width=\"1024\" height=\"799\" data-attachment-id=\"3369\" data-permalink=\"https:\/\/av.arbeaumont.eu\/index.php\/2024\/12\/26\/le-pac-recompense-des-eleves-de-loption-audiovisuel-pour-leurs-photos\/pac-concours\/\" data-orig-file=\"https:\/\/av.arbeaumont.eu\/wp-content\/uploads\/2026\/03\/PAC-concours-e1773508672707.jpg\" data-orig-size=\"1504,1174\" data-comments-opened=\"1\" data-image-meta=\"{&quot;aperture&quot;:&quot;0&quot;,&quot;credit&quot;:&quot;&quot;,&quot;camera&quot;:&quot;&quot;,&quot;caption&quot;:&quot;&quot;,&quot;created_timestamp&quot;:&quot;0&quot;,&quot;copyright&quot;:&quot;&quot;,&quot;focal_length&quot;:&quot;0&quot;,&quot;iso&quot;:&quot;0&quot;,&quot;shutter_speed&quot;:&quot;0&quot;,&quot;title&quot;:&quot;&quot;,&quot;orientation&quot;:&quot;0&quot;}\" data-image-title=\"PAC concours\" data-image-description=\"\" data-image-caption=\"\" data-medium-file=\"https:\/\/av.arbeaumont.eu\/wp-content\/uploads\/2026\/03\/PAC-concours-e1773508672707-300x234.jpg\" data-large-file=\"https:\/\/av.arbeaumont.eu\/wp-content\/uploads\/2026\/03\/PAC-concours-e1773508672707-1024x799.jpg\" src=\"https:\/\/av.arbeaumont.eu\/wp-content\/uploads\/2026\/03\/PAC-concours-e1773508672707-1024x799.jpg\" alt=\"\" class=\"wp-image-3369\" style=\"width:741px;height:auto\" srcset=\"https:\/\/av.arbeaumont.eu\/wp-content\/uploads\/2026\/03\/PAC-concours-e1773508672707-1024x799.jpg 1024w, https:\/\/av.arbeaumont.eu\/wp-content\/uploads\/2026\/03\/PAC-concours-e1773508672707-300x234.jpg 300w, https:\/\/av.arbeaumont.eu\/wp-content\/uploads\/2026\/03\/PAC-concours-e1773508672707-768x599.jpg 768w, https:\/\/av.arbeaumont.eu\/wp-content\/uploads\/2026\/03\/PAC-concours-e1773508672707-538x420.jpg 538w, https:\/\/av.arbeaumont.eu\/wp-content\/uploads\/2026\/03\/PAC-concours-e1773508672707-696x543.jpg 696w, https:\/\/av.arbeaumont.eu\/wp-content\/uploads\/2026\/03\/PAC-concours-e1773508672707-1068x834.jpg 1068w, https:\/\/av.arbeaumont.eu\/wp-content\/uploads\/2026\/03\/PAC-concours-e1773508672707.jpg 1504w\" sizes=\"auto, (max-width: 1024px) 100vw, 1024px\" \/><\/figure>\n","protected":false},"excerpt":{"rendered":"<p>Chaque ann\u00e9e, le PAC Beaumont organise un concours photo ouvert \u00e0 tous. Un de nos \u00e9l\u00e8ves s&rsquo;est distingu\u00e9 gr\u00e2ce \u00e0 l&rsquo;une de ses photos, r\u00e9alis\u00e9e dans une ferme de l&rsquo;entit\u00e9. Une reconnaissance salu\u00e9e par la presse locale.<\/p>\n","protected":false},"author":1,"featured_media":3369,"comment_status":"open","ping_status":"closed","sticky":false,"template":"","format":"standard","meta":{"jetpack_post_was_ever_published":false,"footnotes":""},"categories":[18],"tags":[],"class_list":{"0":"post-3367","1":"post","2":"type-post","3":"status-publish","4":"format-standard","5":"has-post-thumbnail","7":"category-la-section-audiovisuel-dans-les-medias"},"jetpack_featured_media_url":"https:\/\/av.arbeaumont.eu\/wp-content\/uploads\/2026\/03\/PAC-concours-e1773508672707.jpg","jetpack_sharing_enabled":true,"jetpack_shortlink":"https:\/\/wp.me\/p8Dhaa-Sj","jetpack_likes_enabled":true,"jetpack-related-posts":[{"id":539,"url":"https:\/\/av.arbeaumont.eu\/index.php\/2017\/12\/17\/securite-routiere\/","url_meta":{"origin":3367,"position":0},"title":"S\u00e9curit\u00e9 routi\u00e8re","date":"17 d\u00e9cembre 2017","format":false,"excerpt":"Tournage d'un clip de pr\u00e9vention Dans le cadre d'une collaboration men\u00e9e avec la maison des jeunes de Beaumont, les \u00e9l\u00e8ves de 5e audiovisuel ont r\u00e9alis\u00e9 le tournage d'un clip de pr\u00e9vention relatif \u00e0 la s\u00e9curit\u00e9 routi\u00e8re. \u00a0Durant toute une journ\u00e9e, ils se sont mis dans la peau de cameraman, preneur\u2026","rel":"","context":"Dans &quot;Les courts-m\u00e9trages&quot;","img":{"alt_text":"","src":"https:\/\/i0.wp.com\/av.arbeaumont.eu\/wp-content\/uploads\/2017\/12\/PUB-5TTR-17.jpg?resize=350%2C200&ssl=1","width":350,"height":200},"classes":[]},{"id":630,"url":"https:\/\/av.arbeaumont.eu\/index.php\/2018\/01\/24\/collaboration-entre-la-maison-des-jeunes-de-beaumont-et-lathenee\/","url_meta":{"origin":3367,"position":1},"title":"La s\u00e9curit\u00e9 sur la route et sur internet","date":"24 janvier 2018","format":"video","excerpt":"La publicit\u00e9 en question Comment construire un message publicitaire ? \u00a0Quels sont les trucs utilis\u00e9s par les soci\u00e9t\u00e9s de marketing pour nous pi\u00e9ger? \u00a0Cherche-t-on \u00e0 nous mentir et \u00e0 nous manipuler? \u00a0Quelle vision de la soci\u00e9t\u00e9 la publicit\u00e9 nous renvoie-elle? \u00a0Toutes ces questions, nous les avons examin\u00e9es avec les 4e\u2026","rel":"","context":"Dans &quot;Affiches&quot;","img":{"alt_text":"","src":"https:\/\/i0.wp.com\/av.arbeaumont.eu\/wp-content\/uploads\/2018\/01\/BERNARD-Noah-Pub.jpg?resize=350%2C200&ssl=1","width":350,"height":200},"classes":[]},{"id":422,"url":"https:\/\/av.arbeaumont.eu\/index.php\/2017\/04\/10\/des-photos-avec-une-boite-de-conserve\/","url_meta":{"origin":3367,"position":2},"title":"Des photos avec une boite de conserve?","date":"10 avril 2017","format":false,"excerpt":"C'est possible gr\u00e2ce au st\u00e9nop\u00e9. Le st\u00e9nop\u00e9 est l\u2019anc\u00eatre de l\u2019appareil photo moderne. C\u2019est un dispositif optique tr\u00e8s simple d\u00e9riv\u00e9 du principe de la camera obscura ou chambre noire. \u00a0 \u00a0Le principe consiste \u00e0 faire un petit trou dans un mur ou une boite noire, ce qui permet d\u2019obtenir une\u2026","rel":"","context":"Dans &quot;Photos&quot;","img":{"alt_text":"","src":"https:\/\/i0.wp.com\/av.arbeaumont.eu\/wp-content\/uploads\/2017\/04\/DSC08112.jpg?resize=350%2C200&ssl=1","width":350,"height":200},"classes":[]},{"id":172,"url":"https:\/\/av.arbeaumont.eu\/index.php\/2017\/01\/18\/maitriser-la-vitesse-et-louverture\/","url_meta":{"origin":3367,"position":3},"title":"Maitriser la vitesse et l&rsquo;ouverture","date":"18 janvier 2017","format":false,"excerpt":"Prendre des photos, tout le monde en est capable. \u00a0A l'heure des smartphones, tablettes et autres appareils compacts, c'est presque un jeu d'enfant de capturer les plus beaux moments de la vie. \u00a0Mais r\u00e9aliser de belles photos en choisissant un cadre, en respectant une composition et surtout en apprenant \u00e0\u2026","rel":"","context":"Dans &quot;Photos&quot;","img":{"alt_text":"","src":"https:\/\/i0.wp.com\/av.arbeaumont.eu\/wp-content\/uploads\/2017\/01\/Jogging-28.jpg?resize=350%2C200&ssl=1","width":350,"height":200},"classes":[]},{"id":166,"url":"https:\/\/av.arbeaumont.eu\/index.php\/2017\/01\/18\/tous-nos-voeux-pour-2017\/","url_meta":{"origin":3367,"position":4},"title":"Tous nos voeux pour 2017!","date":"18 janvier 2017","format":false,"excerpt":"Nous vous souhaitons une excellente ann\u00e9e 2017! Et parce que nous avons des id\u00e9es plein la t\u00eate, nous vous proposons une s\u00e9rie de photographies originales. \u00a0Il s'agit de lightpainting ou de peintures avec la lumi\u00e8re. \u00a0Le principe est simple, il suffit de s'installer dans une pi\u00e8ce totalement sombre, de r\u00e9unir\u2026","rel":"","context":"Dans &quot;Photos&quot;","img":{"alt_text":"","src":"https:\/\/i0.wp.com\/av.arbeaumont.eu\/wp-content\/uploads\/2017\/01\/9.-Lightpainting-1.jpg?resize=350%2C200&ssl=1","width":350,"height":200},"classes":[]},{"id":481,"url":"https:\/\/av.arbeaumont.eu\/index.php\/2017\/06\/03\/samuser-en-decouvrant-les-coins-insolites-de-beaumont\/","url_meta":{"origin":3367,"position":5},"title":"S&rsquo;amuser en d\u00e9couvrant les coins insolites de Beaumont","date":"3 juin 2017","format":false,"excerpt":"Un webdocumentaire r\u00e9alis\u00e9 par les \u00e9l\u00e8ves de 3e audiovisuel En 2016-2017, l'ath\u00e9n\u00e9e royal de Beaumont a ouvert une option audiovisuel. \u00a0Une quinzaine \u00e9l\u00e8ves ont inaugur\u00e9 la section et dans la foul\u00e9e, ils ont \u00e9t\u00e9 laur\u00e9ats d'un appel \u00e0 projet lanc\u00e9 par le Conseil Sup\u00e9rieur de l'Education aux M\u00e9dias (CSEM). \u00a0Le\u2026","rel":"","context":"Dans &quot;Documentaires&quot;","img":{"alt_text":"","src":"https:\/\/i0.wp.com\/av.arbeaumont.eu\/wp-content\/uploads\/2017\/06\/Capture-d\u2019\u00e9cran-2017-06-03-\u00e0-22.36.33.png?resize=350%2C200&ssl=1","width":350,"height":200},"classes":[]}],"amp_enabled":true,"_links":{"self":[{"href":"https:\/\/av.arbeaumont.eu\/index.php\/wp-json\/wp\/v2\/posts\/3367","targetHints":{"allow":["GET"]}}],"collection":[{"href":"https:\/\/av.arbeaumont.eu\/index.php\/wp-json\/wp\/v2\/posts"}],"about":[{"href":"https:\/\/av.arbeaumont.eu\/index.php\/wp-json\/wp\/v2\/types\/post"}],"author":[{"embeddable":true,"href":"https:\/\/av.arbeaumont.eu\/index.php\/wp-json\/wp\/v2\/users\/1"}],"replies":[{"embeddable":true,"href":"https:\/\/av.arbeaumont.eu\/index.php\/wp-json\/wp\/v2\/comments?post=3367"}],"version-history":[{"count":2,"href":"https:\/\/av.arbeaumont.eu\/index.php\/wp-json\/wp\/v2\/posts\/3367\/revisions"}],"predecessor-version":[{"id":3371,"href":"https:\/\/av.arbeaumont.eu\/index.php\/wp-json\/wp\/v2\/posts\/3367\/revisions\/3371"}],"wp:featuredmedia":[{"embeddable":true,"href":"https:\/\/av.arbeaumont.eu\/index.php\/wp-json\/wp\/v2\/media\/3369"}],"wp:attachment":[{"href":"https:\/\/av.arbeaumont.eu\/index.php\/wp-json\/wp\/v2\/media?parent=3367"}],"wp:term":[{"taxonomy":"category","embeddable":true,"href":"https:\/\/av.arbeaumont.eu\/index.php\/wp-json\/wp\/v2\/categories?post=3367"},{"taxonomy":"post_tag","embeddable":true,"href":"https:\/\/av.arbeaumont.eu\/index.php\/wp-json\/wp\/v2\/tags?post=3367"}],"curies":[{"name":"wp","href":"https:\/\/api.w.org\/{rel}","templated":true}]}}