{"id":3375,"date":"2026-03-14T18:38:48","date_gmt":"2026-03-14T17:38:48","guid":{"rendered":"https:\/\/av.arbeaumont.eu\/?p=3375"},"modified":"2026-03-14T20:06:57","modified_gmt":"2026-03-14T19:06:57","slug":"toutes-les-bonnes-raisons-de-choisir-loption-audiovisuel","status":"publish","type":"post","link":"https:\/\/av.arbeaumont.eu\/index.php\/2026\/03\/14\/toutes-les-bonnes-raisons-de-choisir-loption-audiovisuel\/","title":{"rendered":"Toutes les bonnes raisons de choisir l&rsquo;option audiovisuel"},"content":{"rendered":"\n<h2 class=\"wp-block-heading\">L&rsquo;audiovisuel, c&rsquo;est pareil que l&rsquo;enseignement g\u00e9n\u00e9ral !<\/h2>\n\n\n\n<figure class=\"wp-block-video\" style=\"max-width:335px\"><video height=\"1920\" style=\"aspect-ratio: 1080 \/ 1920;\" width=\"1080\" controls src=\"https:\/\/av.arbeaumont.eu\/wp-content\/uploads\/2026\/03\/General-audiovisuel-version-definitive.mp4\"><\/video><\/figure>\n\n\n\n<h2 class=\"wp-block-heading\">Quels sont les d\u00e9bouch\u00e9s en audiovisuel ?<\/h2>\n\n\n\n<figure class=\"wp-block-embed is-type-rich is-provider-prise-en-charge-des-contenus-embarqu-s wp-block-embed-prise-en-charge-des-contenus-embarqu-s wp-embed-aspect-16-9 wp-has-aspect-ratio\"><div class=\"wp-block-embed__wrapper\">\n <span class=\"embed-youtube\" style=\"text-align:center; display: block;\"><iframe loading=\"lazy\" class=\"youtube-player\" width=\"696\" height=\"392\" src=\"https:\/\/www.youtube.com\/embed\/zvi1qnVFXR4?version=3&#038;rel=1&#038;showsearch=0&#038;showinfo=1&#038;iv_load_policy=1&#038;fs=1&#038;hl=fr-FR&#038;autohide=2&#038;wmode=transparent\" allowfullscreen=\"true\" style=\"border:0;\" sandbox=\"allow-scripts allow-same-origin allow-popups allow-presentation\"><\/iframe><\/span>\n<\/div><\/figure>\n\n\n\n<h2 class=\"wp-block-heading\">Les projets en audiovisuel<\/h2>\n\n\n\n<figure class=\"wp-block-embed is-type-video is-provider-youtube wp-block-embed-youtube wp-embed-aspect-9-16 wp-has-aspect-ratio\" style=\"max-width:497px\"><div class=\"wp-block-embed__wrapper\">\n<div class=\"youtube-embed\" data-video_id=\"\"><iframe loading=\"lazy\" title=\"Les projets en audiovisuel\" width=\"563\" height=\"1000\" src=\"https:\/\/www.youtube.com\/embed\/iqHX0L03dkk?feature=oembed&#038;enablejsapi=1\" frameborder=\"0\" allow=\"accelerometer; autoplay; clipboard-write; encrypted-media; gyroscope; picture-in-picture; web-share\" referrerpolicy=\"strict-origin-when-cross-origin\" allowfullscreen><\/iframe><\/div>\n<\/div><\/figure>\n\n\n\n<h2 class=\"wp-block-heading\">L&rsquo;apprentissage des softskills<\/h2>\n\n\n\n<figure class=\"wp-block-embed is-type-video is-provider-youtube wp-block-embed-youtube wp-embed-aspect-16-9 wp-has-aspect-ratio\" style=\"max-width:494px\"><div class=\"wp-block-embed__wrapper\">\n<span class=\"embed-youtube\" style=\"text-align:center; display: block;\"><iframe loading=\"lazy\" class=\"youtube-player\" width=\"696\" height=\"392\" src=\"https:\/\/www.youtube.com\/embed\/3onmbELUTKo?version=3&#038;rel=1&#038;showsearch=0&#038;showinfo=1&#038;iv_load_policy=1&#038;fs=1&#038;hl=fr-FR&#038;autohide=2&#038;wmode=transparent\" allowfullscreen=\"true\" style=\"border:0;\" sandbox=\"allow-scripts allow-same-origin allow-popups allow-presentation\"><\/iframe><\/span>\n<\/div><\/figure>\n\n\n\n<h2 class=\"wp-block-heading\">D\u00e9coder le quotidien gr\u00e2ce \u00e0 l&rsquo;\u00e9ducation aux m\u00e9dias<\/h2>\n\n\n\n<figure class=\"wp-block-embed is-type-video is-provider-youtube wp-block-embed-youtube wp-embed-aspect-9-16 wp-has-aspect-ratio\" style=\"max-width:523px\"><div class=\"wp-block-embed__wrapper\">\n<div class=\"youtube-embed\" data-video_id=\"\"><iframe loading=\"lazy\" title=\"D\u00e9coder le quotidien\" width=\"563\" height=\"1000\" src=\"https:\/\/www.youtube.com\/embed\/mh9OMMsV4BQ?feature=oembed&#038;enablejsapi=1\" frameborder=\"0\" allow=\"accelerometer; autoplay; clipboard-write; encrypted-media; gyroscope; picture-in-picture; web-share\" referrerpolicy=\"strict-origin-when-cross-origin\" allowfullscreen><\/iframe><\/div>\n<\/div><\/figure>\n","protected":false},"excerpt":{"rendered":"<p>L&rsquo;audiovisuel, c&rsquo;est pareil que l&rsquo;enseignement g\u00e9n\u00e9ral ! Quels sont les d\u00e9bouch\u00e9s en audiovisuel ? Les projets en audiovisuel L&rsquo;apprentissage des softskills D\u00e9coder le quotidien gr\u00e2ce \u00e0 l&rsquo;\u00e9ducation aux m\u00e9dias<\/p>\n","protected":false},"author":1,"featured_media":1748,"comment_status":"open","ping_status":"closed","sticky":false,"template":"","format":"standard","meta":{"jetpack_post_was_ever_published":false,"footnotes":""},"categories":[37],"tags":[],"class_list":{"0":"post-3375","1":"post","2":"type-post","3":"status-publish","4":"format-standard","5":"has-post-thumbnail","7":"category-presentation-de-loption"},"jetpack_featured_media_url":"https:\/\/av.arbeaumont.eu\/wp-content\/uploads\/2019\/10\/71645441_1151434238382089_806740805472485376_o.jpg","jetpack_sharing_enabled":true,"jetpack_shortlink":"https:\/\/wp.me\/p8Dhaa-Sr","jetpack_likes_enabled":true,"jetpack-related-posts":[{"id":462,"url":"https:\/\/av.arbeaumont.eu\/index.php\/2017\/04\/17\/nouveau-ouverture-de-loption-audiovisuel-en-5e-annee-secondaire\/","url_meta":{"origin":3375,"position":0},"title":"Nouveau! Ouverture de l&rsquo;option audiovisuel en 5e ann\u00e9e secondaire","date":"17 avril 2017","format":"video","excerpt":"Vu l'engouement provoqu\u00e9 par l'ouverture de l'option audiovisuel en 3e ann\u00e9e secondaire, l'ath\u00e9n\u00e9e royal de Beaumont a d\u00e9cid\u00e9 d'ouvrir, d\u00e8s le mois de septembre 2017, l'option audiovisuel en 5e ann\u00e9e secondaire. \u00a0Au programme, sept heures de cours r\u00e9parties entre l'\u00e9ducation aux m\u00e9dias, la technologie, la psychop\u00e9dagogie de l'audiovisuel, l'image fixe\u2026","rel":"","context":"Dans &quot;5e ann\u00e9e&quot;","img":{"alt_text":"","src":"https:\/\/i0.wp.com\/av.arbeaumont.eu\/wp-content\/uploads\/2017\/04\/maxresdefault-1.jpg?resize=350%2C200&ssl=1","width":350,"height":200},"classes":[]},{"id":2443,"url":"https:\/\/av.arbeaumont.eu\/index.php\/2021\/04\/06\/loption-audiovisuel-est-elle-faite-pour-toi\/","url_meta":{"origin":3375,"position":1},"title":"Questionnaire : l&rsquo;option audiovisuel est-elle faite pour toi?","date":"6 avril 2021","format":false,"excerpt":"Tu entres en 3e, 4e ou 5e secondaire et tu ne sais pas quelle option choisir l'an prochain? Et pourquoi pas l'audiovisuel. C'est une option de l'enseignement technique de transition qui te permet de suivre un enseignement g\u00e9n\u00e9ral tout en ayant des cours orient\u00e9s vers l'image, le son et les\u2026","rel":"","context":"Dans &quot;Pr\u00e9sentation de l'option&quot;","img":{"alt_text":"","src":"https:\/\/i0.wp.com\/av.arbeaumont.eu\/wp-content\/uploads\/2021\/04\/Amok-3.jpg?resize=350%2C200&ssl=1","width":350,"height":200},"classes":[]},{"id":1641,"url":"https:\/\/av.arbeaumont.eu\/index.php\/2019\/05\/03\/dessiner-en-audiovisuel-pour-aiguiser-son-regard\/","url_meta":{"origin":3375,"position":2},"title":"Dessiner pour aiguiser son regard","date":"3 mai 2019","format":false,"excerpt":"Travailler les ombrages, les points de fuite, la perspective ou encore d\u00e9tourner une oeuvre connue, tester des techniques au bic bleu, voil\u00e0 quelques exemples de travaux r\u00e9alis\u00e9s en dessin artistique dans l'option audiovisuelle.","rel":"","context":"Dans &quot;Dessin&quot;","img":{"alt_text":"","src":"https:\/\/i0.wp.com\/av.arbeaumont.eu\/wp-content\/uploads\/2019\/05\/58775281_608606336216384_3235562691309338624_n.jpg?resize=350%2C200&ssl=1","width":350,"height":200},"classes":[]},{"id":2175,"url":"https:\/\/av.arbeaumont.eu\/index.php\/2021\/04\/06\/et-si-tu-nous-rejoignais-en-audiovisuel-lan-prochain\/","url_meta":{"origin":3375,"position":3},"title":"Et si tu nous rejoignais en audiovisuel l&rsquo;an prochain?","date":"6 avril 2021","format":false,"excerpt":"La section audiovisuelle de l'ath\u00e9n\u00e9e Simone Veil de Beaumont est unique en son genre, il n'y a que tr\u00e8s peu d'\u00e9coles de la FWB qui proposent l'option. Mais que fait-on en audiovisuel? Est-ce un choix d'avenir? Pour tout savoir, regardez la vid\u00e9o. Et n'h\u00e9sitez pas \u00e0 nous adresser vos questions.\u2026","rel":"","context":"Dans &quot;Pr\u00e9sentation de l'option&quot;","img":{"alt_text":"","src":"https:\/\/i0.wp.com\/av.arbeaumont.eu\/wp-content\/uploads\/2021\/04\/121784974_2002702943194616_3675349363827673019_n.jpg?resize=350%2C200&ssl=1","width":350,"height":200},"classes":[]},{"id":3367,"url":"https:\/\/av.arbeaumont.eu\/index.php\/2024\/12\/26\/le-pac-recompense-des-eleves-de-loption-audiovisuel-pour-leurs-photos\/","url_meta":{"origin":3375,"position":4},"title":"Le PAC r\u00e9compense des \u00e9l\u00e8ves de l&rsquo;option audiovisuel pour leurs photos","date":"26 d\u00e9cembre 2024","format":false,"excerpt":"Chaque ann\u00e9e, le PAC Beaumont organise un concours photo ouvert \u00e0 tous. Un de nos \u00e9l\u00e8ves s'est distingu\u00e9 gr\u00e2ce \u00e0 l'une de ses photos, r\u00e9alis\u00e9e dans une ferme de l'entit\u00e9. Une reconnaissance salu\u00e9e par la presse locale.","rel":"","context":"Dans &quot;La section audiovisuelle dans les m\u00e9dias&quot;","img":{"alt_text":"","src":"https:\/\/i0.wp.com\/av.arbeaumont.eu\/wp-content\/uploads\/2026\/03\/PAC-concours-e1773508672707.jpg?resize=350%2C200&ssl=1","width":350,"height":200},"classes":[]},{"id":3337,"url":"https:\/\/av.arbeaumont.eu\/index.php\/2026\/03\/14\/experience-en-chimie-pour-halloween\/","url_meta":{"origin":3375,"position":5},"title":"Exp\u00e9rience en chimie pour Halloween","date":"14 mars 2026","format":false,"excerpt":"L'option audiovisuel collabore r\u00e9guli\u00e8rement avec des professeurs de l'\u00e9cole pour mettre en valeur les projets r\u00e9alis\u00e9s dans les autres cours. Mme Gabriels, professeur de chimie a d\u00e9cid\u00e9 de mener une exp\u00e9rience amusante avec ses \u00e9l\u00e8ves. Regardez. Reportage de L\u00e9o Mabille https:\/\/youtu.be\/zms_rtFyHLM","rel":"","context":"Dans &quot;Reportages&quot;","img":{"alt_text":"","src":"https:\/\/i0.wp.com\/av.arbeaumont.eu\/wp-content\/uploads\/2026\/03\/Capture-decran-2026-03-14-a-16.14.36.jpg?resize=350%2C200&ssl=1","width":350,"height":200},"classes":[]}],"amp_enabled":true,"_links":{"self":[{"href":"https:\/\/av.arbeaumont.eu\/index.php\/wp-json\/wp\/v2\/posts\/3375","targetHints":{"allow":["GET"]}}],"collection":[{"href":"https:\/\/av.arbeaumont.eu\/index.php\/wp-json\/wp\/v2\/posts"}],"about":[{"href":"https:\/\/av.arbeaumont.eu\/index.php\/wp-json\/wp\/v2\/types\/post"}],"author":[{"embeddable":true,"href":"https:\/\/av.arbeaumont.eu\/index.php\/wp-json\/wp\/v2\/users\/1"}],"replies":[{"embeddable":true,"href":"https:\/\/av.arbeaumont.eu\/index.php\/wp-json\/wp\/v2\/comments?post=3375"}],"version-history":[{"count":10,"href":"https:\/\/av.arbeaumont.eu\/index.php\/wp-json\/wp\/v2\/posts\/3375\/revisions"}],"predecessor-version":[{"id":3455,"href":"https:\/\/av.arbeaumont.eu\/index.php\/wp-json\/wp\/v2\/posts\/3375\/revisions\/3455"}],"wp:featuredmedia":[{"embeddable":true,"href":"https:\/\/av.arbeaumont.eu\/index.php\/wp-json\/wp\/v2\/media\/1748"}],"wp:attachment":[{"href":"https:\/\/av.arbeaumont.eu\/index.php\/wp-json\/wp\/v2\/media?parent=3375"}],"wp:term":[{"taxonomy":"category","embeddable":true,"href":"https:\/\/av.arbeaumont.eu\/index.php\/wp-json\/wp\/v2\/categories?post=3375"},{"taxonomy":"post_tag","embeddable":true,"href":"https:\/\/av.arbeaumont.eu\/index.php\/wp-json\/wp\/v2\/tags?post=3375"}],"curies":[{"name":"wp","href":"https:\/\/api.w.org\/{rel}","templated":true}]}}