{"id":3399,"date":"2026-03-14T19:03:48","date_gmt":"2026-03-14T18:03:48","guid":{"rendered":"https:\/\/av.arbeaumont.eu\/?p=3399"},"modified":"2026-03-14T19:04:56","modified_gmt":"2026-03-14T18:04:56","slug":"viens-je-tapprends-a-faire-du-lightpainting","status":"publish","type":"post","link":"https:\/\/av.arbeaumont.eu\/index.php\/2026\/03\/14\/viens-je-tapprends-a-faire-du-lightpainting\/","title":{"rendered":"Viens, je t&rsquo;apprends \u00e0 faire du lightpainting"},"content":{"rendered":"\n<h2 class=\"wp-block-heading\">Un projet collaboratif entre les \u00e9l\u00e8ves de 2e et les 4e audiovisuel<\/h2>\n\n\n\n<p>Pour sensibiliser les \u00e9l\u00e8ves de 2e \u00e0 l&rsquo;audiovisuel et pour amener les \u00e9l\u00e8ves \u00e0 collaborer entre eux, nous avons organis\u00e9 un atelier de lightpainting.  L&rsquo;occasion d&rsquo;apprendre quelques bases de la photo tout en exprimant sa cr\u00e9ativit\u00e9.<\/p>\n\n\n\n<div class=\"wp-block-jetpack-slideshow aligncenter\" data-effect=\"slide\"><div class=\"wp-block-jetpack-slideshow_container swiper-container\"><ul class=\"wp-block-jetpack-slideshow_swiper-wrapper swiper-wrapper\"><li class=\"wp-block-jetpack-slideshow_slide swiper-slide\"><figure><img loading=\"lazy\" decoding=\"async\" width=\"1024\" height=\"683\" alt=\"\" class=\"wp-block-jetpack-slideshow_image wp-image-3386\" data-id=\"3386\" src=\"https:\/\/av.arbeaumont.eu\/wp-content\/uploads\/2026\/03\/Dessin-eleve-1024x683.jpg\" srcset=\"https:\/\/av.arbeaumont.eu\/wp-content\/uploads\/2026\/03\/Dessin-eleve-1024x683.jpg 1024w, https:\/\/av.arbeaumont.eu\/wp-content\/uploads\/2026\/03\/Dessin-eleve-300x200.jpg 300w, https:\/\/av.arbeaumont.eu\/wp-content\/uploads\/2026\/03\/Dessin-eleve-768x512.jpg 768w, https:\/\/av.arbeaumont.eu\/wp-content\/uploads\/2026\/03\/Dessin-eleve-1536x1024.jpg 1536w, https:\/\/av.arbeaumont.eu\/wp-content\/uploads\/2026\/03\/Dessin-eleve-630x420.jpg 630w, https:\/\/av.arbeaumont.eu\/wp-content\/uploads\/2026\/03\/Dessin-eleve-696x464.jpg 696w, https:\/\/av.arbeaumont.eu\/wp-content\/uploads\/2026\/03\/Dessin-eleve-1068x712.jpg 1068w, https:\/\/av.arbeaumont.eu\/wp-content\/uploads\/2026\/03\/Dessin-eleve.jpg 2048w\" sizes=\"auto, (max-width: 1024px) 100vw, 1024px\" \/><\/figure><\/li><li class=\"wp-block-jetpack-slideshow_slide swiper-slide\"><figure><img loading=\"lazy\" decoding=\"async\" width=\"1024\" height=\"683\" alt=\"\" class=\"wp-block-jetpack-slideshow_image wp-image-3394\" data-id=\"3394\" src=\"https:\/\/av.arbeaumont.eu\/wp-content\/uploads\/2026\/03\/DSC_0008-1024x683.jpg\" srcset=\"https:\/\/av.arbeaumont.eu\/wp-content\/uploads\/2026\/03\/DSC_0008-1024x683.jpg 1024w, https:\/\/av.arbeaumont.eu\/wp-content\/uploads\/2026\/03\/DSC_0008-300x200.jpg 300w, https:\/\/av.arbeaumont.eu\/wp-content\/uploads\/2026\/03\/DSC_0008-768x512.jpg 768w, https:\/\/av.arbeaumont.eu\/wp-content\/uploads\/2026\/03\/DSC_0008-1536x1024.jpg 1536w, https:\/\/av.arbeaumont.eu\/wp-content\/uploads\/2026\/03\/DSC_0008-630x420.jpg 630w, https:\/\/av.arbeaumont.eu\/wp-content\/uploads\/2026\/03\/DSC_0008-696x464.jpg 696w, https:\/\/av.arbeaumont.eu\/wp-content\/uploads\/2026\/03\/DSC_0008-1068x712.jpg 1068w, https:\/\/av.arbeaumont.eu\/wp-content\/uploads\/2026\/03\/DSC_0008.jpg 2048w\" sizes=\"auto, (max-width: 1024px) 100vw, 1024px\" \/><\/figure><\/li><li class=\"wp-block-jetpack-slideshow_slide swiper-slide\"><figure><img loading=\"lazy\" decoding=\"async\" width=\"1024\" height=\"657\" alt=\"\" class=\"wp-block-jetpack-slideshow_image wp-image-3392\" data-id=\"3392\" src=\"https:\/\/av.arbeaumont.eu\/wp-content\/uploads\/2026\/03\/DSC_0005-1024x657.jpg\" srcset=\"https:\/\/av.arbeaumont.eu\/wp-content\/uploads\/2026\/03\/DSC_0005-1024x657.jpg 1024w, https:\/\/av.arbeaumont.eu\/wp-content\/uploads\/2026\/03\/DSC_0005-300x192.jpg 300w, https:\/\/av.arbeaumont.eu\/wp-content\/uploads\/2026\/03\/DSC_0005-768x492.jpg 768w, https:\/\/av.arbeaumont.eu\/wp-content\/uploads\/2026\/03\/DSC_0005-1536x985.jpg 1536w, https:\/\/av.arbeaumont.eu\/wp-content\/uploads\/2026\/03\/DSC_0005-655x420.jpg 655w, https:\/\/av.arbeaumont.eu\/wp-content\/uploads\/2026\/03\/DSC_0005-696x446.jpg 696w, https:\/\/av.arbeaumont.eu\/wp-content\/uploads\/2026\/03\/DSC_0005-1068x685.jpg 1068w, https:\/\/av.arbeaumont.eu\/wp-content\/uploads\/2026\/03\/DSC_0005.jpg 2048w\" sizes=\"auto, (max-width: 1024px) 100vw, 1024px\" \/><\/figure><\/li><li class=\"wp-block-jetpack-slideshow_slide swiper-slide\"><figure><img loading=\"lazy\" decoding=\"async\" width=\"1024\" height=\"574\" alt=\"\" class=\"wp-block-jetpack-slideshow_image wp-image-3393\" data-id=\"3393\" src=\"https:\/\/av.arbeaumont.eu\/wp-content\/uploads\/2026\/03\/DSC_0006-1024x574.jpg\" srcset=\"https:\/\/av.arbeaumont.eu\/wp-content\/uploads\/2026\/03\/DSC_0006-1024x574.jpg 1024w, https:\/\/av.arbeaumont.eu\/wp-content\/uploads\/2026\/03\/DSC_0006-300x168.jpg 300w, https:\/\/av.arbeaumont.eu\/wp-content\/uploads\/2026\/03\/DSC_0006-768x430.jpg 768w, https:\/\/av.arbeaumont.eu\/wp-content\/uploads\/2026\/03\/DSC_0006-1536x861.jpg 1536w, https:\/\/av.arbeaumont.eu\/wp-content\/uploads\/2026\/03\/DSC_0006-749x420.jpg 749w, https:\/\/av.arbeaumont.eu\/wp-content\/uploads\/2026\/03\/DSC_0006-696x390.jpg 696w, https:\/\/av.arbeaumont.eu\/wp-content\/uploads\/2026\/03\/DSC_0006-1068x599.jpg 1068w, https:\/\/av.arbeaumont.eu\/wp-content\/uploads\/2026\/03\/DSC_0006.jpg 1879w\" sizes=\"auto, (max-width: 1024px) 100vw, 1024px\" \/><\/figure><\/li><li class=\"wp-block-jetpack-slideshow_slide swiper-slide\"><figure><img loading=\"lazy\" decoding=\"async\" width=\"1024\" height=\"683\" alt=\"\" class=\"wp-block-jetpack-slideshow_image wp-image-3388\" data-id=\"3388\" src=\"https:\/\/av.arbeaumont.eu\/wp-content\/uploads\/2026\/03\/Devloppement-3-1024x683.jpg\" srcset=\"https:\/\/av.arbeaumont.eu\/wp-content\/uploads\/2026\/03\/Devloppement-3-1024x683.jpg 1024w, https:\/\/av.arbeaumont.eu\/wp-content\/uploads\/2026\/03\/Devloppement-3-300x200.jpg 300w, https:\/\/av.arbeaumont.eu\/wp-content\/uploads\/2026\/03\/Devloppement-3-768x512.jpg 768w, https:\/\/av.arbeaumont.eu\/wp-content\/uploads\/2026\/03\/Devloppement-3-1536x1024.jpg 1536w, https:\/\/av.arbeaumont.eu\/wp-content\/uploads\/2026\/03\/Devloppement-3-630x420.jpg 630w, https:\/\/av.arbeaumont.eu\/wp-content\/uploads\/2026\/03\/Devloppement-3-696x464.jpg 696w, https:\/\/av.arbeaumont.eu\/wp-content\/uploads\/2026\/03\/Devloppement-3-1068x712.jpg 1068w, https:\/\/av.arbeaumont.eu\/wp-content\/uploads\/2026\/03\/Devloppement-3.jpg 2048w\" sizes=\"auto, (max-width: 1024px) 100vw, 1024px\" \/><\/figure><\/li><li class=\"wp-block-jetpack-slideshow_slide swiper-slide\"><figure><img loading=\"lazy\" decoding=\"async\" width=\"1024\" height=\"657\" alt=\"\" class=\"wp-block-jetpack-slideshow_image wp-image-3396\" data-id=\"3396\" src=\"https:\/\/av.arbeaumont.eu\/wp-content\/uploads\/2026\/03\/DSC_0115-1024x657.jpg\" srcset=\"https:\/\/av.arbeaumont.eu\/wp-content\/uploads\/2026\/03\/DSC_0115-1024x657.jpg 1024w, https:\/\/av.arbeaumont.eu\/wp-content\/uploads\/2026\/03\/DSC_0115-300x192.jpg 300w, https:\/\/av.arbeaumont.eu\/wp-content\/uploads\/2026\/03\/DSC_0115-768x493.jpg 768w, https:\/\/av.arbeaumont.eu\/wp-content\/uploads\/2026\/03\/DSC_0115-1536x986.jpg 1536w, https:\/\/av.arbeaumont.eu\/wp-content\/uploads\/2026\/03\/DSC_0115-655x420.jpg 655w, https:\/\/av.arbeaumont.eu\/wp-content\/uploads\/2026\/03\/DSC_0115-696x447.jpg 696w, https:\/\/av.arbeaumont.eu\/wp-content\/uploads\/2026\/03\/DSC_0115-1068x685.jpg 1068w, https:\/\/av.arbeaumont.eu\/wp-content\/uploads\/2026\/03\/DSC_0115.jpg 2048w\" sizes=\"auto, (max-width: 1024px) 100vw, 1024px\" \/><\/figure><\/li><li class=\"wp-block-jetpack-slideshow_slide swiper-slide\"><figure><img loading=\"lazy\" decoding=\"async\" width=\"1024\" height=\"683\" alt=\"\" class=\"wp-block-jetpack-slideshow_image wp-image-3390\" data-id=\"3390\" src=\"https:\/\/av.arbeaumont.eu\/wp-content\/uploads\/2026\/03\/DSC_0003-1024x683.jpg\" srcset=\"https:\/\/av.arbeaumont.eu\/wp-content\/uploads\/2026\/03\/DSC_0003-1024x683.jpg 1024w, https:\/\/av.arbeaumont.eu\/wp-content\/uploads\/2026\/03\/DSC_0003-300x200.jpg 300w, https:\/\/av.arbeaumont.eu\/wp-content\/uploads\/2026\/03\/DSC_0003-768x512.jpg 768w, https:\/\/av.arbeaumont.eu\/wp-content\/uploads\/2026\/03\/DSC_0003-1536x1024.jpg 1536w, https:\/\/av.arbeaumont.eu\/wp-content\/uploads\/2026\/03\/DSC_0003-630x420.jpg 630w, https:\/\/av.arbeaumont.eu\/wp-content\/uploads\/2026\/03\/DSC_0003-696x464.jpg 696w, https:\/\/av.arbeaumont.eu\/wp-content\/uploads\/2026\/03\/DSC_0003-1068x712.jpg 1068w, https:\/\/av.arbeaumont.eu\/wp-content\/uploads\/2026\/03\/DSC_0003.jpg 2048w\" sizes=\"auto, (max-width: 1024px) 100vw, 1024px\" \/><\/figure><\/li><li class=\"wp-block-jetpack-slideshow_slide swiper-slide\"><figure><img loading=\"lazy\" decoding=\"async\" width=\"1024\" height=\"683\" alt=\"\" class=\"wp-block-jetpack-slideshow_image wp-image-3391\" data-id=\"3391\" src=\"https:\/\/av.arbeaumont.eu\/wp-content\/uploads\/2026\/03\/DSC_0004-1024x683.jpg\" srcset=\"https:\/\/av.arbeaumont.eu\/wp-content\/uploads\/2026\/03\/DSC_0004-1024x683.jpg 1024w, https:\/\/av.arbeaumont.eu\/wp-content\/uploads\/2026\/03\/DSC_0004-300x200.jpg 300w, https:\/\/av.arbeaumont.eu\/wp-content\/uploads\/2026\/03\/DSC_0004-768x512.jpg 768w, https:\/\/av.arbeaumont.eu\/wp-content\/uploads\/2026\/03\/DSC_0004-1536x1024.jpg 1536w, https:\/\/av.arbeaumont.eu\/wp-content\/uploads\/2026\/03\/DSC_0004-630x420.jpg 630w, https:\/\/av.arbeaumont.eu\/wp-content\/uploads\/2026\/03\/DSC_0004-696x464.jpg 696w, https:\/\/av.arbeaumont.eu\/wp-content\/uploads\/2026\/03\/DSC_0004-1068x712.jpg 1068w, https:\/\/av.arbeaumont.eu\/wp-content\/uploads\/2026\/03\/DSC_0004.jpg 2043w\" sizes=\"auto, (max-width: 1024px) 100vw, 1024px\" \/><\/figure><\/li><li class=\"wp-block-jetpack-slideshow_slide swiper-slide\"><figure><img loading=\"lazy\" decoding=\"async\" width=\"864\" height=\"864\" alt=\"\" class=\"wp-block-jetpack-slideshow_image wp-image-3397\" data-id=\"3397\" src=\"https:\/\/av.arbeaumont.eu\/wp-content\/uploads\/2026\/03\/DSC_0718.jpg\" srcset=\"https:\/\/av.arbeaumont.eu\/wp-content\/uploads\/2026\/03\/DSC_0718.jpg 864w, https:\/\/av.arbeaumont.eu\/wp-content\/uploads\/2026\/03\/DSC_0718-300x300.jpg 300w, https:\/\/av.arbeaumont.eu\/wp-content\/uploads\/2026\/03\/DSC_0718-150x150.jpg 150w, https:\/\/av.arbeaumont.eu\/wp-content\/uploads\/2026\/03\/DSC_0718-768x768.jpg 768w, https:\/\/av.arbeaumont.eu\/wp-content\/uploads\/2026\/03\/DSC_0718-420x420.jpg 420w, https:\/\/av.arbeaumont.eu\/wp-content\/uploads\/2026\/03\/DSC_0718-696x696.jpg 696w\" sizes=\"auto, (max-width: 864px) 100vw, 864px\" \/><\/figure><\/li><li class=\"wp-block-jetpack-slideshow_slide swiper-slide\"><figure><img loading=\"lazy\" decoding=\"async\" width=\"1024\" height=\"1024\" alt=\"\" class=\"wp-block-jetpack-slideshow_image wp-image-3395\" data-id=\"3395\" src=\"https:\/\/av.arbeaumont.eu\/wp-content\/uploads\/2026\/03\/DSC_0010-1024x1024.jpg\" srcset=\"https:\/\/av.arbeaumont.eu\/wp-content\/uploads\/2026\/03\/DSC_0010-1024x1024.jpg 1024w, https:\/\/av.arbeaumont.eu\/wp-content\/uploads\/2026\/03\/DSC_0010-300x300.jpg 300w, https:\/\/av.arbeaumont.eu\/wp-content\/uploads\/2026\/03\/DSC_0010-150x150.jpg 150w, https:\/\/av.arbeaumont.eu\/wp-content\/uploads\/2026\/03\/DSC_0010-768x768.jpg 768w, https:\/\/av.arbeaumont.eu\/wp-content\/uploads\/2026\/03\/DSC_0010-1536x1536.jpg 1536w, https:\/\/av.arbeaumont.eu\/wp-content\/uploads\/2026\/03\/DSC_0010-420x420.jpg 420w, https:\/\/av.arbeaumont.eu\/wp-content\/uploads\/2026\/03\/DSC_0010-696x696.jpg 696w, https:\/\/av.arbeaumont.eu\/wp-content\/uploads\/2026\/03\/DSC_0010-1068x1068.jpg 1068w, https:\/\/av.arbeaumont.eu\/wp-content\/uploads\/2026\/03\/DSC_0010.jpg 2048w\" sizes=\"auto, (max-width: 1024px) 100vw, 1024px\" \/><\/figure><\/li><li class=\"wp-block-jetpack-slideshow_slide swiper-slide\"><figure><img loading=\"lazy\" decoding=\"async\" width=\"1024\" height=\"666\" alt=\"\" class=\"wp-block-jetpack-slideshow_image wp-image-3389\" data-id=\"3389\" src=\"https:\/\/av.arbeaumont.eu\/wp-content\/uploads\/2026\/03\/DSC_0003-2-1024x666.jpg\" srcset=\"https:\/\/av.arbeaumont.eu\/wp-content\/uploads\/2026\/03\/DSC_0003-2-1024x666.jpg 1024w, https:\/\/av.arbeaumont.eu\/wp-content\/uploads\/2026\/03\/DSC_0003-2-300x195.jpg 300w, https:\/\/av.arbeaumont.eu\/wp-content\/uploads\/2026\/03\/DSC_0003-2-768x500.jpg 768w, https:\/\/av.arbeaumont.eu\/wp-content\/uploads\/2026\/03\/DSC_0003-2-1536x999.jpg 1536w, https:\/\/av.arbeaumont.eu\/wp-content\/uploads\/2026\/03\/DSC_0003-2-646x420.jpg 646w, https:\/\/av.arbeaumont.eu\/wp-content\/uploads\/2026\/03\/DSC_0003-2-696x453.jpg 696w, https:\/\/av.arbeaumont.eu\/wp-content\/uploads\/2026\/03\/DSC_0003-2-1068x695.jpg 1068w, https:\/\/av.arbeaumont.eu\/wp-content\/uploads\/2026\/03\/DSC_0003-2.jpg 2048w\" sizes=\"auto, (max-width: 1024px) 100vw, 1024px\" \/><\/figure><\/li><\/ul><a class=\"wp-block-jetpack-slideshow_button-prev swiper-button-prev swiper-button-white\" role=\"button\"><\/a><a class=\"wp-block-jetpack-slideshow_button-next swiper-button-next swiper-button-white\" role=\"button\"><\/a><a aria-label=\"Pause Slideshow\" class=\"wp-block-jetpack-slideshow_button-pause\" role=\"button\"><\/a><div class=\"wp-block-jetpack-slideshow_pagination swiper-pagination swiper-pagination-white\"><\/div><\/div><\/div>\n","protected":false},"excerpt":{"rendered":"<p>Un projet collaboratif entre les \u00e9l\u00e8ves de 2e et les 4e audiovisuel Pour sensibiliser les \u00e9l\u00e8ves de 2e \u00e0 l&rsquo;audiovisuel et pour amener les \u00e9l\u00e8ves \u00e0 collaborer entre eux, nous avons organis\u00e9 un atelier de lightpainting. L&rsquo;occasion d&rsquo;apprendre quelques bases de la photo tout en exprimant sa cr\u00e9ativit\u00e9.<\/p>\n","protected":false},"author":1,"featured_media":3388,"comment_status":"open","ping_status":"closed","sticky":false,"template":"","format":"standard","meta":{"jetpack_post_was_ever_published":false,"footnotes":""},"categories":[128,7],"tags":[],"class_list":{"0":"post-3399","1":"post","2":"type-post","3":"status-publish","4":"format-standard","5":"has-post-thumbnail","7":"category-les-photos","8":"category-photos-a-la-une"},"jetpack_featured_media_url":"https:\/\/av.arbeaumont.eu\/wp-content\/uploads\/2026\/03\/Devloppement-3.jpg","jetpack_sharing_enabled":true,"jetpack_shortlink":"https:\/\/wp.me\/p8Dhaa-SP","jetpack_likes_enabled":true,"jetpack-related-posts":[{"id":166,"url":"https:\/\/av.arbeaumont.eu\/index.php\/2017\/01\/18\/tous-nos-voeux-pour-2017\/","url_meta":{"origin":3399,"position":0},"title":"Tous nos voeux pour 2017!","date":"18 janvier 2017","format":false,"excerpt":"Nous vous souhaitons une excellente ann\u00e9e 2017! Et parce que nous avons des id\u00e9es plein la t\u00eate, nous vous proposons une s\u00e9rie de photographies originales. \u00a0Il s'agit de lightpainting ou de peintures avec la lumi\u00e8re. \u00a0Le principe est simple, il suffit de s'installer dans une pi\u00e8ce totalement sombre, de r\u00e9unir\u2026","rel":"","context":"Dans &quot;Photos&quot;","img":{"alt_text":"","src":"https:\/\/i0.wp.com\/av.arbeaumont.eu\/wp-content\/uploads\/2017\/01\/9.-Lightpainting-1.jpg?resize=350%2C200&ssl=1","width":350,"height":200},"classes":[]},{"id":2237,"url":"https:\/\/av.arbeaumont.eu\/index.php\/2021\/04\/02\/melange-de-packshot-et-de-lightpainting\/","url_meta":{"origin":3399,"position":1},"title":"M\u00e9lange de packshot et de lightpainting","date":"2 avril 2021","format":false,"excerpt":"","rel":"","context":"Dans &quot;Photos&quot;","img":{"alt_text":"","src":"https:\/\/i0.wp.com\/av.arbeaumont.eu\/wp-content\/uploads\/2021\/04\/160131143_1596467703878738_2770332659832503460_n.jpg?resize=350%2C200&ssl=1","width":350,"height":200},"classes":[]},{"id":1557,"url":"https:\/\/av.arbeaumont.eu\/index.php\/2019\/04\/10\/technologie-des-appareils-audiovisuels\/","url_meta":{"origin":3399,"position":2},"title":"Technologie des appareils audiovisuels (1 heure)","date":"10 avril 2019","format":false,"excerpt":"Objectifs g\u00e9n\u00e9raux D\u00e9couverte- ou r\u00e9vision pour certains \u00e9l\u00e8ves- des techniques et des appareils audiovisuels de base ;\u00a0acqu\u00e9rir et m\u00e9moriser le vocabulaire technique pratiqu\u00e9 dans le domaine de l\u2019image (fixe et anim\u00e9e) et du son ; Comprendre et assimiler les techniques de base et les possibilit\u00e9s des diff\u00e9rents mat\u00e9riels ; Faire\u2026","rel":"","context":"Dans &quot;5e ann\u00e9e&quot;","img":{"alt_text":"","src":"https:\/\/i0.wp.com\/av.arbeaumont.eu\/wp-content\/uploads\/2019\/04\/Amok-3resize.jpg?resize=350%2C200&ssl=1","width":350,"height":200},"classes":[]},{"id":3214,"url":"https:\/\/av.arbeaumont.eu\/index.php\/2026\/03\/14\/souris-mchou\/","url_meta":{"origin":3399,"position":3},"title":"Souris m&rsquo;chou &#8211; Notre 2e mini entreprise en audiovisuel","date":"14 mars 2026","format":false,"excerpt":"Souris m'chou, c'est le nom de notre deuxi\u00e8me mini-entreprise. Ce projet est encadr\u00e9 par l'asbl LJE - Les Jeunes entreprises - et vise \u00e0 developper chez les jeunes l'esprit d'entreprendre. Oser, cr\u00e9er, r\u00eaver, voil\u00e0 leur slogan. Le principe est simple : les \u00e9l\u00e8ves s'unissent en coop\u00e9rative. Chacun d'entre eux d\u00e9pose\u2026","rel":"","context":"Dans &quot;Souris m'chou&quot;","img":{"alt_text":"","src":"https:\/\/i0.wp.com\/av.arbeaumont.eu\/wp-content\/uploads\/2026\/03\/Prix-meilleure-experience.jpg?resize=350%2C200&ssl=1","width":350,"height":200},"classes":[]},{"id":946,"url":"https:\/\/av.arbeaumont.eu\/index.php\/2018\/06\/11\/les-eleves-de-5e-exposent-leurs-photos-sur-auschwitz\/","url_meta":{"origin":3399,"position":4},"title":"Les \u00e9l\u00e8ves de 5e exposent leurs photos sur Auschwitz","date":"11 juin 2018","format":false,"excerpt":"Outre le documentaire consacr\u00e9 \u00e0 la d\u00e9portation de Simone Veil \u00e0 Auschwitz, les \u00e9l\u00e8ves de 5e ont \u00e9galement r\u00e9alis\u00e9 de nombreuses photos sur place, des clich\u00e9s parfois prenants et interpellants sur cet ancien camp d'extermination. Ils ont aussi voulu rendre compte de leur travail sur place en r\u00e9alisant un making\u2026","rel":"","context":"Dans &quot;Photos&quot;","img":{"alt_text":"","src":"https:\/\/i0.wp.com\/av.arbeaumont.eu\/wp-content\/uploads\/2018\/06\/Auschwitz-22.jpg?resize=350%2C200&ssl=1","width":350,"height":200},"classes":[]},{"id":3311,"url":"https:\/\/av.arbeaumont.eu\/index.php\/2026\/03\/14\/la-route-de-la-paix-projet-erasmus\/","url_meta":{"origin":3399,"position":5},"title":"La Route de la Paix &#8211; Projet Erasmus","date":"14 mars 2026","format":false,"excerpt":"Petit aper\u00e7u en vid\u00e9o des meilleurs moments de cette Route de la paix 2024 Notre \u00e9cole est actuellement accr\u00e9dit\u00e9 pour ses projets Eramus. Les mobilit\u00e9s de professeurs et d'\u00e9l\u00e8ves se sont ainsi accrues ces derniers temps. Les projets foisonnent, des \u00e9l\u00e8ves partent une semaine, deux semaines, un mois. Les professeurs\u2026","rel":"","context":"Dans &quot;Reportages&quot;","img":{"alt_text":"","src":"https:\/\/i0.wp.com\/av.arbeaumont.eu\/wp-content\/uploads\/2026\/03\/Capture-decran-2026-03-14-a-14.50.43.jpg?resize=350%2C200&ssl=1","width":350,"height":200},"classes":[]}],"amp_enabled":true,"_links":{"self":[{"href":"https:\/\/av.arbeaumont.eu\/index.php\/wp-json\/wp\/v2\/posts\/3399","targetHints":{"allow":["GET"]}}],"collection":[{"href":"https:\/\/av.arbeaumont.eu\/index.php\/wp-json\/wp\/v2\/posts"}],"about":[{"href":"https:\/\/av.arbeaumont.eu\/index.php\/wp-json\/wp\/v2\/types\/post"}],"author":[{"embeddable":true,"href":"https:\/\/av.arbeaumont.eu\/index.php\/wp-json\/wp\/v2\/users\/1"}],"replies":[{"embeddable":true,"href":"https:\/\/av.arbeaumont.eu\/index.php\/wp-json\/wp\/v2\/comments?post=3399"}],"version-history":[{"count":1,"href":"https:\/\/av.arbeaumont.eu\/index.php\/wp-json\/wp\/v2\/posts\/3399\/revisions"}],"predecessor-version":[{"id":3445,"href":"https:\/\/av.arbeaumont.eu\/index.php\/wp-json\/wp\/v2\/posts\/3399\/revisions\/3445"}],"wp:featuredmedia":[{"embeddable":true,"href":"https:\/\/av.arbeaumont.eu\/index.php\/wp-json\/wp\/v2\/media\/3388"}],"wp:attachment":[{"href":"https:\/\/av.arbeaumont.eu\/index.php\/wp-json\/wp\/v2\/media?parent=3399"}],"wp:term":[{"taxonomy":"category","embeddable":true,"href":"https:\/\/av.arbeaumont.eu\/index.php\/wp-json\/wp\/v2\/categories?post=3399"},{"taxonomy":"post_tag","embeddable":true,"href":"https:\/\/av.arbeaumont.eu\/index.php\/wp-json\/wp\/v2\/tags?post=3399"}],"curies":[{"name":"wp","href":"https:\/\/api.w.org\/{rel}","templated":true}]}}