{"id":343,"date":"2017-03-25T12:13:37","date_gmt":"2017-03-25T11:13:37","guid":{"rendered":"https:\/\/av.arbeaumont.eu\/?p=343"},"modified":"2018-04-15T17:23:28","modified_gmt":"2018-04-15T15:23:28","slug":"secretaire-medicale","status":"publish","type":"post","link":"https:\/\/av.arbeaumont.eu\/index.php\/2017\/03\/25\/secretaire-medicale\/","title":{"rendered":"Secr\u00e9taire m\u00e9dicale"},"content":{"rendered":"<p><strong>Envie d\u2019en savoir\u00a0plus sur la profession\u00a0de secr\u00e9taire m\u00e9dicale\u00a0? En quoi consiste ce m\u00e9tier\u00a0?<\/strong><\/p>\n<p><strong>Notre journaliste Fabio Gentile a rencontr\u00e9\u00a0Mich\u00e8le, secr\u00e9taire m\u00e9dicale \u00e0 l\u2019h\u00f4pital de Jolimont afin de lui poser quelques questions.<\/strong><\/p>\n<audio class=\"wp-audio-shortcode\" id=\"audio-343-1\" preload=\"none\" style=\"width: 100%;\" controls=\"controls\"><source type=\"audio\/mpeg\" src=\"https:\/\/av.arbeaumont.eu\/wp-content\/uploads\/2017\/03\/Interview_secr_taire_m_dicale_W.mp3?_=1\" \/><a href=\"https:\/\/av.arbeaumont.eu\/wp-content\/uploads\/2017\/03\/Interview_secr_taire_m_dicale_W.mp3\">https:\/\/av.arbeaumont.eu\/wp-content\/uploads\/2017\/03\/Interview_secr_taire_m_dicale_W.mp3<\/a><\/audio>\n","protected":false},"excerpt":{"rendered":"<p>Envie d\u2019en savoir\u00a0plus sur la profession\u00a0de secr\u00e9taire m\u00e9dicale\u00a0? En quoi consiste ce m\u00e9tier\u00a0? Notre journaliste Fabio Gentile a rencontr\u00e9\u00a0Mich\u00e8le, secr\u00e9taire m\u00e9dicale \u00e0 l\u2019h\u00f4pital de Jolimont afin de lui poser quelques questions.<\/p>\n","protected":false},"author":1,"featured_media":345,"comment_status":"closed","ping_status":"open","sticky":false,"template":"","format":"standard","meta":{"jetpack_post_was_ever_published":false,"footnotes":""},"categories":[14,16],"tags":[],"class_list":{"0":"post-343","1":"post","2":"type-post","3":"status-publish","4":"format-standard","5":"has-post-thumbnail","7":"category-metiers-passions","8":"category-reportages-videos"},"jetpack_featured_media_url":"https:\/\/av.arbeaumont.eu\/wp-content\/uploads\/2017\/03\/Secretaire-medicale.jpg","jetpack_sharing_enabled":true,"jetpack_shortlink":"https:\/\/wp.me\/p8Dhaa-5x","jetpack_likes_enabled":true,"jetpack-related-posts":[{"id":2623,"url":"https:\/\/av.arbeaumont.eu\/index.php\/2022\/01\/08\/bibliotheques-humaines-2\/","url_meta":{"origin":343,"position":0},"title":"Didier, voyageur et d\u00e9fenseur des droits humains","date":"8 janvier 2022","format":false,"excerpt":"Didier est un infatigable d\u00e9fenseur des droits humains. Fra\u00eechement retrait\u00e9, il \u00e9tait secr\u00e9taire dans une maison m\u00e9dicale durant pr\u00e8s de 30 ans \u00e0 Gilly. Il connaissait les pr\u00e9noms de chaque patient parce que pour lui chaque personne est unique. Attach\u00e9 \u00e0 la Palestine, il ne cesse par ses voyages, mais\u2026","rel":"","context":"Dans &quot;Biblioth\u00e8ques humaines&quot;","img":{"alt_text":"","src":"https:\/\/i0.wp.com\/av.arbeaumont.eu\/wp-content\/uploads\/2022\/01\/Didier-4.jpg?resize=350%2C200&ssl=1","width":350,"height":200},"classes":[]},{"id":1566,"url":"https:\/\/av.arbeaumont.eu\/index.php\/2019\/04\/10\/productions-audiovisuelles-4-heures\/","url_meta":{"origin":343,"position":1},"title":"Productions audiovisuelles (4 heures)","date":"10 avril 2019","format":false,"excerpt":"Objectifs g\u00e9n\u00e9raux Mettre en application l\u2019ensemble des apprentissages effectu\u00e9s dans les diff\u00e9rents cours de la formation (cours d\u2019Image fixe, d\u2019Image anim\u00e9e et de Technologie des appareils audiovisuels notamment) en menant \u00e0 bien un projet complet, individuel ou collectif, multidisciplinaire et innovant. Exp\u00e9rimenter et\/ou approfondir les techniques de montages audiovisuels. Apprendre\u2026","rel":"","context":"Dans &quot;6e ann\u00e9e&quot;","img":{"alt_text":"","src":"https:\/\/i0.wp.com\/av.arbeaumont.eu\/wp-content\/uploads\/2018\/06\/Auschwitz-2-3.jpg?resize=350%2C200&ssl=1","width":350,"height":200},"classes":[]}],"amp_enabled":true,"_links":{"self":[{"href":"https:\/\/av.arbeaumont.eu\/index.php\/wp-json\/wp\/v2\/posts\/343","targetHints":{"allow":["GET"]}}],"collection":[{"href":"https:\/\/av.arbeaumont.eu\/index.php\/wp-json\/wp\/v2\/posts"}],"about":[{"href":"https:\/\/av.arbeaumont.eu\/index.php\/wp-json\/wp\/v2\/types\/post"}],"author":[{"embeddable":true,"href":"https:\/\/av.arbeaumont.eu\/index.php\/wp-json\/wp\/v2\/users\/1"}],"replies":[{"embeddable":true,"href":"https:\/\/av.arbeaumont.eu\/index.php\/wp-json\/wp\/v2\/comments?post=343"}],"version-history":[{"count":2,"href":"https:\/\/av.arbeaumont.eu\/index.php\/wp-json\/wp\/v2\/posts\/343\/revisions"}],"predecessor-version":[{"id":349,"href":"https:\/\/av.arbeaumont.eu\/index.php\/wp-json\/wp\/v2\/posts\/343\/revisions\/349"}],"wp:featuredmedia":[{"embeddable":true,"href":"https:\/\/av.arbeaumont.eu\/index.php\/wp-json\/wp\/v2\/media\/345"}],"wp:attachment":[{"href":"https:\/\/av.arbeaumont.eu\/index.php\/wp-json\/wp\/v2\/media?parent=343"}],"wp:term":[{"taxonomy":"category","embeddable":true,"href":"https:\/\/av.arbeaumont.eu\/index.php\/wp-json\/wp\/v2\/categories?post=343"},{"taxonomy":"post_tag","embeddable":true,"href":"https:\/\/av.arbeaumont.eu\/index.php\/wp-json\/wp\/v2\/tags?post=343"}],"curies":[{"name":"wp","href":"https:\/\/api.w.org\/{rel}","templated":true}]}}