{"id":355,"date":"2017-03-25T12:32:29","date_gmt":"2017-03-25T11:32:29","guid":{"rendered":"https:\/\/av.arbeaumont.eu\/?p=355"},"modified":"2018-04-15T17:23:07","modified_gmt":"2018-04-15T15:23:07","slug":"menuisier","status":"publish","type":"post","link":"https:\/\/av.arbeaumont.eu\/index.php\/2017\/03\/25\/menuisier\/","title":{"rendered":"Menuisier"},"content":{"rendered":"<p>Des petits aux grands travaux, de la passion \u00e0 la perfection, le m\u00e9tier de menuisier est \u00e9panouissant. \u00a0Th\u00e9o Lorette a rencontr\u00e9, Alain, un professionnel qui lui dresse le portrait de son parcours.<\/p>\n<audio class=\"wp-audio-shortcode\" id=\"audio-355-1\" preload=\"none\" style=\"width: 100%;\" controls=\"controls\"><source type=\"audio\/mpeg\" src=\"https:\/\/av.arbeaumont.eu\/wp-content\/uploads\/2017\/03\/interview_m_tier_Th_o_w.mp3?_=1\" \/><a href=\"https:\/\/av.arbeaumont.eu\/wp-content\/uploads\/2017\/03\/interview_m_tier_Th_o_w.mp3\">https:\/\/av.arbeaumont.eu\/wp-content\/uploads\/2017\/03\/interview_m_tier_Th_o_w.mp3<\/a><\/audio>\n<p>&nbsp;<\/p>\n","protected":false},"excerpt":{"rendered":"<p>Des petits aux grands travaux, de la passion \u00e0 la perfection, le m\u00e9tier de menuisier est \u00e9panouissant. \u00a0Th\u00e9o Lorette a rencontr\u00e9, Alain, un professionnel qui lui dresse le portrait de son parcours. &nbsp;<\/p>\n","protected":false},"author":1,"featured_media":357,"comment_status":"closed","ping_status":"open","sticky":false,"template":"","format":"standard","meta":{"jetpack_post_was_ever_published":false,"footnotes":""},"categories":[14,16],"tags":[],"class_list":{"0":"post-355","1":"post","2":"type-post","3":"status-publish","4":"format-standard","5":"has-post-thumbnail","7":"category-metiers-passions","8":"category-reportages-videos"},"jetpack_featured_media_url":"https:\/\/av.arbeaumont.eu\/wp-content\/uploads\/2017\/03\/Photo-chapeau.jpg","jetpack_sharing_enabled":true,"jetpack_shortlink":"https:\/\/wp.me\/p8Dhaa-5J","jetpack_likes_enabled":true,"jetpack-related-posts":[{"id":1566,"url":"https:\/\/av.arbeaumont.eu\/index.php\/2019\/04\/10\/productions-audiovisuelles-4-heures\/","url_meta":{"origin":355,"position":0},"title":"Productions audiovisuelles (4 heures)","date":"10 avril 2019","format":false,"excerpt":"Objectifs g\u00e9n\u00e9raux Mettre en application l\u2019ensemble des apprentissages effectu\u00e9s dans les diff\u00e9rents cours de la formation (cours d\u2019Image fixe, d\u2019Image anim\u00e9e et de Technologie des appareils audiovisuels notamment) en menant \u00e0 bien un projet complet, individuel ou collectif, multidisciplinaire et innovant. Exp\u00e9rimenter et\/ou approfondir les techniques de montages audiovisuels. Apprendre\u2026","rel":"","context":"Dans &quot;6e ann\u00e9e&quot;","img":{"alt_text":"","src":"https:\/\/i0.wp.com\/av.arbeaumont.eu\/wp-content\/uploads\/2018\/06\/Auschwitz-2-3.jpg?resize=350%2C200&ssl=1","width":350,"height":200},"classes":[]}],"amp_enabled":true,"_links":{"self":[{"href":"https:\/\/av.arbeaumont.eu\/index.php\/wp-json\/wp\/v2\/posts\/355","targetHints":{"allow":["GET"]}}],"collection":[{"href":"https:\/\/av.arbeaumont.eu\/index.php\/wp-json\/wp\/v2\/posts"}],"about":[{"href":"https:\/\/av.arbeaumont.eu\/index.php\/wp-json\/wp\/v2\/types\/post"}],"author":[{"embeddable":true,"href":"https:\/\/av.arbeaumont.eu\/index.php\/wp-json\/wp\/v2\/users\/1"}],"replies":[{"embeddable":true,"href":"https:\/\/av.arbeaumont.eu\/index.php\/wp-json\/wp\/v2\/comments?post=355"}],"version-history":[{"count":2,"href":"https:\/\/av.arbeaumont.eu\/index.php\/wp-json\/wp\/v2\/posts\/355\/revisions"}],"predecessor-version":[{"id":359,"href":"https:\/\/av.arbeaumont.eu\/index.php\/wp-json\/wp\/v2\/posts\/355\/revisions\/359"}],"wp:featuredmedia":[{"embeddable":true,"href":"https:\/\/av.arbeaumont.eu\/index.php\/wp-json\/wp\/v2\/media\/357"}],"wp:attachment":[{"href":"https:\/\/av.arbeaumont.eu\/index.php\/wp-json\/wp\/v2\/media?parent=355"}],"wp:term":[{"taxonomy":"category","embeddable":true,"href":"https:\/\/av.arbeaumont.eu\/index.php\/wp-json\/wp\/v2\/categories?post=355"},{"taxonomy":"post_tag","embeddable":true,"href":"https:\/\/av.arbeaumont.eu\/index.php\/wp-json\/wp\/v2\/tags?post=355"}],"curies":[{"name":"wp","href":"https:\/\/api.w.org\/{rel}","templated":true}]}}