{"id":453,"date":"2017-04-10T18:48:24","date_gmt":"2017-04-10T16:48:24","guid":{"rendered":"https:\/\/av.arbeaumont.eu\/?p=453"},"modified":"2019-04-08T21:17:31","modified_gmt":"2019-04-08T19:17:31","slug":"journee-au-musee-de-la-photo","status":"publish","type":"post","link":"https:\/\/av.arbeaumont.eu\/index.php\/2017\/04\/10\/journee-au-musee-de-la-photo\/","title":{"rendered":"Journ\u00e9e au mus\u00e9e de la photo"},"content":{"rendered":"<h3><em><strong>Chambres noires et techniques argentiques au coeur de la visite<\/strong><\/em><\/h3>\n<p>Fin mars 2017, la section \u00ab\u00a0audiovisuel\u00a0\u00bb de l&rsquo;ath\u00e9n\u00e9e a profit\u00e9 des installations du mus\u00e9e de la photo de Mont-sur-Marchienne pour s&rsquo;int\u00e9resser aux proc\u00e9d\u00e9s argentiques. \u00a0Durant toute une journ\u00e9e, les \u00e9l\u00e8ves ont exp\u00e9riment\u00e9 la chambre noire. \u00a0Ils ont d\u00e9velopp\u00e9 des photogrammes et r\u00e9alis\u00e9 des st\u00e9nop\u00e9s. \u00a0La visite du mus\u00e9e leur a permis d&rsquo;effectuer un survol rapide de l&rsquo;histoire de la photographie et de s&rsquo;interroger sur la v\u00e9racit\u00e9 de certaines photos connues dans le monde entier.<\/p>\n<p>Quelques moments de cette belle journ\u00e9e \u00e0 travers ce clip vid\u00e9o.<br \/>\n<iframe loading=\"lazy\" src=\"https:\/\/www.youtube.com\/embed\/fcAqInpk4aA\" width=\"1280\" height=\"720\" frameborder=\"0\" allowfullscreen=\"allowfullscreen\"><\/iframe><\/p>\n","protected":false},"excerpt":{"rendered":"<p>Chambres noires et techniques argentiques au coeur de la visite Fin mars 2017, la section \u00ab\u00a0audiovisuel\u00a0\u00bb de l&rsquo;ath\u00e9n\u00e9e a profit\u00e9 des installations du mus\u00e9e de la photo de Mont-sur-Marchienne pour s&rsquo;int\u00e9resser aux proc\u00e9d\u00e9s argentiques. \u00a0Durant toute une journ\u00e9e, les \u00e9l\u00e8ves ont exp\u00e9riment\u00e9 la chambre noire. \u00a0Ils ont d\u00e9velopp\u00e9 des photogrammes et r\u00e9alis\u00e9 des st\u00e9nop\u00e9s. \u00a0La [&hellip;]<\/p>\n","protected":false},"author":1,"featured_media":454,"comment_status":"closed","ping_status":"open","sticky":false,"template":"","format":"video","meta":{"jetpack_post_was_ever_published":false,"footnotes":""},"categories":[16],"tags":[],"class_list":{"0":"post-453","1":"post","2":"type-post","3":"status-publish","4":"format-video","5":"has-post-thumbnail","7":"category-reportages-videos","8":"post_format-post-format-video"},"jetpack_featured_media_url":"https:\/\/av.arbeaumont.eu\/wp-content\/uploads\/2017\/04\/DSC08116.jpg","jetpack_sharing_enabled":true,"jetpack_shortlink":"https:\/\/wp.me\/p8Dhaa-7j","jetpack_likes_enabled":true,"jetpack-related-posts":[{"id":689,"url":"https:\/\/av.arbeaumont.eu\/index.php\/2017\/11\/01\/visite-au-musee-de-la-photo\/","url_meta":{"origin":453,"position":0},"title":"Visite au mus\u00e9e de la photo","date":"1 novembre 2017","format":false,"excerpt":"Chaque ann\u00e9e, les \u00e9l\u00e8ves de la section audiovisuelle d\u00e9couvrent le mus\u00e9e de la photo. \u00a0Atelier st\u00e9nop\u00e9, histoire de la photo, visite des labos et des expos permanentes. Excursion avec les 3e TTR. \u00a0","rel":"","context":"Dans &quot;Photos&quot;","img":{"alt_text":"","src":"https:\/\/i0.wp.com\/av.arbeaumont.eu\/wp-content\/uploads\/2018\/04\/IMG_20171117_105453.jpg?resize=350%2C200&ssl=1","width":350,"height":200},"classes":[]},{"id":2142,"url":"https:\/\/av.arbeaumont.eu\/index.php\/2019\/03\/01\/loption-histoire-visite-le-musee-des-instruments-de-musique-de-bruxelles\/","url_meta":{"origin":453,"position":1},"title":"L&rsquo;option histoire visite le mus\u00e9e des instruments de musique de Bruxelles","date":"1 mars 2019","format":false,"excerpt":"https:\/\/youtu.be\/DmezIA4SJso","rel":"","context":"Dans &quot;Reportages&quot;","img":{"alt_text":"","src":"https:\/\/i0.wp.com\/av.arbeaumont.eu\/wp-content\/uploads\/2021\/04\/Capture-decran-2021-04-01-a-15.52.11.png?resize=350%2C200&ssl=1","width":350,"height":200},"classes":[]},{"id":422,"url":"https:\/\/av.arbeaumont.eu\/index.php\/2017\/04\/10\/des-photos-avec-une-boite-de-conserve\/","url_meta":{"origin":453,"position":2},"title":"Des photos avec une boite de conserve?","date":"10 avril 2017","format":false,"excerpt":"C'est possible gr\u00e2ce au st\u00e9nop\u00e9. Le st\u00e9nop\u00e9 est l\u2019anc\u00eatre de l\u2019appareil photo moderne. C\u2019est un dispositif optique tr\u00e8s simple d\u00e9riv\u00e9 du principe de la camera obscura ou chambre noire. \u00a0 \u00a0Le principe consiste \u00e0 faire un petit trou dans un mur ou une boite noire, ce qui permet d\u2019obtenir une\u2026","rel":"","context":"Dans &quot;Photos&quot;","img":{"alt_text":"","src":"https:\/\/i0.wp.com\/av.arbeaumont.eu\/wp-content\/uploads\/2017\/04\/DSC08112.jpg?resize=350%2C200&ssl=1","width":350,"height":200},"classes":[]},{"id":1096,"url":"https:\/\/av.arbeaumont.eu\/index.php\/2019\/04\/08\/loption-histoire-au-musee-de-la-photo\/","url_meta":{"origin":453,"position":3},"title":"L&rsquo;option histoire au mus\u00e9e de la photo","date":"8 avril 2019","format":"video","excerpt":"https:\/\/youtu.be\/jUxKQOKzlbw","rel":"","context":"Dans &quot;Reportages&quot;","img":{"alt_text":"","src":"https:\/\/i0.wp.com\/av.arbeaumont.eu\/wp-content\/uploads\/2019\/04\/Capture-d\u2019\u00e9cran-2019-04-08-\u00e0-17.39.06.png?resize=350%2C200&ssl=1","width":350,"height":200},"classes":[]},{"id":630,"url":"https:\/\/av.arbeaumont.eu\/index.php\/2018\/01\/24\/collaboration-entre-la-maison-des-jeunes-de-beaumont-et-lathenee\/","url_meta":{"origin":453,"position":4},"title":"La s\u00e9curit\u00e9 sur la route et sur internet","date":"24 janvier 2018","format":"video","excerpt":"La publicit\u00e9 en question Comment construire un message publicitaire ? \u00a0Quels sont les trucs utilis\u00e9s par les soci\u00e9t\u00e9s de marketing pour nous pi\u00e9ger? \u00a0Cherche-t-on \u00e0 nous mentir et \u00e0 nous manipuler? \u00a0Quelle vision de la soci\u00e9t\u00e9 la publicit\u00e9 nous renvoie-elle? \u00a0Toutes ces questions, nous les avons examin\u00e9es avec les 4e\u2026","rel":"","context":"Dans &quot;Affiches&quot;","img":{"alt_text":"","src":"https:\/\/i0.wp.com\/av.arbeaumont.eu\/wp-content\/uploads\/2018\/01\/BERNARD-Noah-Pub.jpg?resize=350%2C200&ssl=1","width":350,"height":200},"classes":[]},{"id":330,"url":"https:\/\/av.arbeaumont.eu\/index.php\/2017\/03\/18\/viens-tu-a-lathenee-lan-prochain\/","url_meta":{"origin":453,"position":5},"title":"Viens-tu \u00e0 l&rsquo;ath\u00e9n\u00e9e l&rsquo;an prochain?","date":"18 mars 2017","format":"video","excerpt":"C'est la p\u00e9riode des inscriptions en 1re secondaire et beaucoup de jeunes se demandent quelle \u00e9cole choisir. \u00a0Pour les aider dans ce choix difficile, l'ath\u00e9n\u00e9e royal de Beaumont a organis\u00e9, le 13 mars 2017, une visite pour les \u00e9l\u00e8ves de 6e primaire des \u00e9coles d'Erquelinnes et Str\u00e9e. \u00a0Une trentaine d'\u00e9l\u00e8ves\u2026","rel":"","context":"Dans &quot;Reportages&quot;","img":{"alt_text":"","src":"https:\/\/i0.wp.com\/av.arbeaumont.eu\/wp-content\/uploads\/2017\/03\/DSC_0027-1.jpg?resize=350%2C200&ssl=1","width":350,"height":200},"classes":[]}],"amp_enabled":true,"_links":{"self":[{"href":"https:\/\/av.arbeaumont.eu\/index.php\/wp-json\/wp\/v2\/posts\/453","targetHints":{"allow":["GET"]}}],"collection":[{"href":"https:\/\/av.arbeaumont.eu\/index.php\/wp-json\/wp\/v2\/posts"}],"about":[{"href":"https:\/\/av.arbeaumont.eu\/index.php\/wp-json\/wp\/v2\/types\/post"}],"author":[{"embeddable":true,"href":"https:\/\/av.arbeaumont.eu\/index.php\/wp-json\/wp\/v2\/users\/1"}],"replies":[{"embeddable":true,"href":"https:\/\/av.arbeaumont.eu\/index.php\/wp-json\/wp\/v2\/comments?post=453"}],"version-history":[{"count":4,"href":"https:\/\/av.arbeaumont.eu\/index.php\/wp-json\/wp\/v2\/posts\/453\/revisions"}],"predecessor-version":[{"id":460,"href":"https:\/\/av.arbeaumont.eu\/index.php\/wp-json\/wp\/v2\/posts\/453\/revisions\/460"}],"wp:featuredmedia":[{"embeddable":true,"href":"https:\/\/av.arbeaumont.eu\/index.php\/wp-json\/wp\/v2\/media\/454"}],"wp:attachment":[{"href":"https:\/\/av.arbeaumont.eu\/index.php\/wp-json\/wp\/v2\/media?parent=453"}],"wp:term":[{"taxonomy":"category","embeddable":true,"href":"https:\/\/av.arbeaumont.eu\/index.php\/wp-json\/wp\/v2\/categories?post=453"},{"taxonomy":"post_tag","embeddable":true,"href":"https:\/\/av.arbeaumont.eu\/index.php\/wp-json\/wp\/v2\/tags?post=453"}],"curies":[{"name":"wp","href":"https:\/\/api.w.org\/{rel}","templated":true}]}}