{"id":493,"date":"2017-06-19T12:59:10","date_gmt":"2017-06-19T10:59:10","guid":{"rendered":"https:\/\/av.arbeaumont.eu\/?p=493"},"modified":"2019-04-08T21:12:04","modified_gmt":"2019-04-08T19:12:04","slug":"notre-web-documentaire-la-presse-en-parle","status":"publish","type":"post","link":"https:\/\/av.arbeaumont.eu\/index.php\/2017\/06\/19\/notre-web-documentaire-la-presse-en-parle\/","title":{"rendered":"Notre web documentaire, la presse en parle"},"content":{"rendered":"<h4>Juin 2017, les 3e audiovisuel sont\u00a0mis \u00e0 l&rsquo;honneur dans la presse gr\u00e2ce au web documentaire sur les c\u00f4t\u00e9s insolites de Beaumont. \u00a0Une page compl\u00e8te du journal leur est consacr\u00e9e. \u00a0Lire l&rsquo;article sur le site de l&rsquo;Avenir.<\/h4>\n<figure id=\"attachment_495\" aria-describedby=\"caption-attachment-495\" style=\"width: 756px\" class=\"wp-caption aligncenter\"><img loading=\"lazy\" decoding=\"async\" data-attachment-id=\"495\" data-permalink=\"https:\/\/av.arbeaumont.eu\/index.php\/2017\/06\/19\/notre-web-documentaire-la-presse-en-parle\/301b6ee3-a391-4885-a250-d13cb10b76d4_original\/\" data-orig-file=\"https:\/\/av.arbeaumont.eu\/wp-content\/uploads\/2017\/06\/301b6ee3-a391-4885-a250-d13cb10b76d4_original.jpg\" data-orig-size=\"756,569\" data-comments-opened=\"1\" data-image-meta=\"{&quot;aperture&quot;:&quot;0&quot;,&quot;credit&quot;:&quot;&quot;,&quot;camera&quot;:&quot;&quot;,&quot;caption&quot;:&quot;&quot;,&quot;created_timestamp&quot;:&quot;0&quot;,&quot;copyright&quot;:&quot;&quot;,&quot;focal_length&quot;:&quot;0&quot;,&quot;iso&quot;:&quot;0&quot;,&quot;shutter_speed&quot;:&quot;0&quot;,&quot;title&quot;:&quot;&quot;,&quot;orientation&quot;:&quot;0&quot;}\" data-image-title=\"301b6ee3-a391-4885-a250-d13cb10b76d4_original\" data-image-description=\"\" data-image-caption=\"\" data-medium-file=\"https:\/\/av.arbeaumont.eu\/wp-content\/uploads\/2017\/06\/301b6ee3-a391-4885-a250-d13cb10b76d4_original-300x226.jpg\" data-large-file=\"https:\/\/av.arbeaumont.eu\/wp-content\/uploads\/2017\/06\/301b6ee3-a391-4885-a250-d13cb10b76d4_original.jpg\" class=\" td-modal-image wp-image-495 size-full\" src=\"https:\/\/av.arbeaumont.eu\/wp-content\/uploads\/2017\/06\/301b6ee3-a391-4885-a250-d13cb10b76d4_original.jpg\" alt=\"\" width=\"756\" height=\"569\" srcset=\"https:\/\/av.arbeaumont.eu\/wp-content\/uploads\/2017\/06\/301b6ee3-a391-4885-a250-d13cb10b76d4_original.jpg 756w, https:\/\/av.arbeaumont.eu\/wp-content\/uploads\/2017\/06\/301b6ee3-a391-4885-a250-d13cb10b76d4_original-300x226.jpg 300w, https:\/\/av.arbeaumont.eu\/wp-content\/uploads\/2017\/06\/301b6ee3-a391-4885-a250-d13cb10b76d4_original-80x60.jpg 80w, https:\/\/av.arbeaumont.eu\/wp-content\/uploads\/2017\/06\/301b6ee3-a391-4885-a250-d13cb10b76d4_original-265x198.jpg 265w, https:\/\/av.arbeaumont.eu\/wp-content\/uploads\/2017\/06\/301b6ee3-a391-4885-a250-d13cb10b76d4_original-696x524.jpg 696w, https:\/\/av.arbeaumont.eu\/wp-content\/uploads\/2017\/06\/301b6ee3-a391-4885-a250-d13cb10b76d4_original-558x420.jpg 558w\" sizes=\"auto, (max-width: 756px) 100vw, 756px\" \/><figcaption id=\"caption-attachment-495\" class=\"wp-caption-text\">Copyright L&rsquo;Avenir<\/figcaption><\/figure>\n<p><a href=\"http:\/\/www.lavenir.net\/cnt\/dmf20170618_01020011\/la-vhttp:\/\/www.lavenir.net\/cnt\/dmf20170618_01020011\/la-ville-insolite-au-coeur-d-un-webdocumentaire\">http:\/\/www.lavenir.net\/cnt\/dmf20170618_01020011\/la-ville-insolite-au-coeur-d-un-webdocumentaire<\/a><\/p>\n<p>&nbsp;<\/p>\n","protected":false},"excerpt":{"rendered":"<p>Juin 2017, les 3e audiovisuel sont\u00a0mis \u00e0 l&rsquo;honneur dans la presse gr\u00e2ce au web documentaire sur les c\u00f4t\u00e9s insolites de Beaumont. \u00a0Une page compl\u00e8te du journal leur est consacr\u00e9e. \u00a0Lire l&rsquo;article sur le site de l&rsquo;Avenir. http:\/\/www.lavenir.net\/cnt\/dmf20170618_01020011\/la-ville-insolite-au-coeur-d-un-webdocumentaire &nbsp;<\/p>\n","protected":false},"author":1,"featured_media":497,"comment_status":"open","ping_status":"closed","sticky":false,"template":"","format":"standard","meta":{"jetpack_post_was_ever_published":false,"footnotes":""},"categories":[18],"tags":[],"class_list":{"0":"post-493","1":"post","2":"type-post","3":"status-publish","4":"format-standard","5":"has-post-thumbnail","7":"category-la-section-audiovisuel-dans-les-medias"},"jetpack_featured_media_url":"https:\/\/av.arbeaumont.eu\/wp-content\/uploads\/2017\/06\/Capture-ecran-2017-06-19-\u00e0-12.46.09.png","jetpack_sharing_enabled":true,"jetpack_shortlink":"https:\/\/wp.me\/p8Dhaa-7X","jetpack_likes_enabled":true,"jetpack-related-posts":[{"id":927,"url":"https:\/\/av.arbeaumont.eu\/index.php\/2018\/05\/11\/927\/","url_meta":{"origin":493,"position":0},"title":"Le documentaire sur Auschwitz \u00e0 la Une","date":"11 mai 2018","format":false,"excerpt":"\u00a0Lien vers l'article de l'Avenir.","rel":"","context":"Dans &quot;La section audiovisuelle dans les m\u00e9dias&quot;","img":{"alt_text":"","src":"https:\/\/i0.wp.com\/av.arbeaumont.eu\/wp-content\/uploads\/2018\/06\/Capture-d\u2019\u00e9cran-2018-06-11-\u00e0-21.33.32.png?resize=350%2C200&ssl=1","width":350,"height":200},"classes":[]},{"id":776,"url":"https:\/\/av.arbeaumont.eu\/index.php\/2018\/06\/11\/telesambre-parle-du-documentaire-sur-auschwitz\/","url_meta":{"origin":493,"position":1},"title":"T\u00e9l\u00e9sambre met le documentaire sur Auschwitz \u00e0 l&rsquo;honneur","date":"11 juin 2018","format":false,"excerpt":"Chouette reportage aujourd'hui dans le journal de T\u00e9l\u00e9sambre \u00e0 propos du reportage r\u00e9alis\u00e9 par les 5TTR \u00e0 Auschwitz. \u00a0Plusieurs extraits du documentaires ont \u00e9t\u00e9 repris int\u00e9gralement dans le reportage. \u00a0Une belle r\u00e9compense \u00e0 nouveau pour la section. Lien vers le reportage de T\u00e9l\u00e9sambre Voici quelques photos du tournage.","rel":"","context":"Dans &quot;La section audiovisuelle dans les m\u00e9dias&quot;","img":{"alt_text":"","src":"https:\/\/i0.wp.com\/av.arbeaumont.eu\/wp-content\/uploads\/2018\/05\/Reportage-4.jpg?resize=350%2C200&ssl=1","width":350,"height":200},"classes":[]},{"id":1697,"url":"https:\/\/av.arbeaumont.eu\/index.php\/2019\/10\/30\/atelier-mise-en-scene-dans-le-documentaire-au-point-culture-de-charleroi\/","url_meta":{"origin":493,"position":2},"title":"Atelier mise en sc\u00e8ne dans le documentaire au Point culture de Charleroi","date":"30 octobre 2019","format":false,"excerpt":"","rel":"","context":"Dans &quot;Les \u00e9v\u00e9nements&quot;","img":{"alt_text":"","src":"https:\/\/i0.wp.com\/av.arbeaumont.eu\/wp-content\/uploads\/2019\/10\/20191001114007_IMG_9192.jpg?resize=350%2C200&ssl=1","width":350,"height":200},"classes":[]},{"id":675,"url":"https:\/\/av.arbeaumont.eu\/index.php\/2018\/04\/15\/bande-annonce-du-documentaire-sur-auschwitz\/","url_meta":{"origin":493,"position":3},"title":"Bande annonce du documentaire sur Auschwitz","date":"15 avril 2018","format":false,"excerpt":"Lors de la journ\u00e9e portes ouvertes du 5 mai 2018, vous d\u00e9couvrirez le documentaire r\u00e9alis\u00e9 par les 5e audiovisuel \u00e0 Auschwitz. \u00a0Il raconte l'\u00e9pisode dramatique de la d\u00e9portation de Simone Veil dans ce camp allemand durant la deuxi\u00e8me guerre mondiale. \u00a0Un documentaire poignant et saisissant \u00e0 d\u00e9couvrir absolument. \u00a0Projections en\u2026","rel":"","context":"Dans &quot;Bande annonce&quot;","img":{"alt_text":"","src":"https:\/\/i0.wp.com\/av.arbeaumont.eu\/wp-content\/uploads\/2018\/04\/Papleux-reportage-Auschwitz-2-2.jpg?resize=350%2C200&ssl=1","width":350,"height":200},"classes":[]},{"id":939,"url":"https:\/\/av.arbeaumont.eu\/index.php\/2018\/02\/11\/le-conseil-communal-sur-le-web\/","url_meta":{"origin":493,"position":4},"title":"Le conseil communal sur le WEB?","date":"11 f\u00e9vrier 2018","format":false,"excerpt":"Lien vers l'article du journal L'AVENIR","rel":"","context":"Dans &quot;La section audiovisuelle dans les m\u00e9dias&quot;","img":{"alt_text":"","src":"https:\/\/i0.wp.com\/av.arbeaumont.eu\/wp-content\/uploads\/2018\/06\/Capture-d\u2019\u00e9cran-2018-06-11-\u00e0-21.48.23.png?resize=350%2C200&ssl=1","width":350,"height":200},"classes":[]},{"id":2846,"url":"https:\/\/av.arbeaumont.eu\/index.php\/2023\/02\/22\/ca-tourne-simone\/","url_meta":{"origin":493,"position":5},"title":"\u00c7a tourne Simone !","date":"22 f\u00e9vrier 2023","format":false,"excerpt":"D\u00e9couvrez le documentaire que T\u00e9l\u00e9sambre a consacr\u00e9 \u00e0 notre mini entreprise en 2023. 2O minutes pour tout savoir sur le projet, \u00e9couter les r\u00e9actions des \u00e9l\u00e8ves et des profs ainsi que la coordinatrice des Jeunes entreprises. https:\/\/www.telesambre.be\/c-decouvrir-ca-tourne-simone-l-athenee-de-beaumont?fbclid=IwAR243Nih8z3U7eLHDeotb6bwLBB8GOoyIgTsmYA5DLacXyymrxJKL5FEiXA","rel":"","context":"Dans &quot;\u00c7a tourne Simone!&quot;","img":{"alt_text":"","src":"https:\/\/i0.wp.com\/av.arbeaumont.eu\/wp-content\/uploads\/2023\/02\/Capture-decran-2023-02-19-a-16.01.56.jpg?resize=350%2C200&ssl=1","width":350,"height":200},"classes":[]}],"amp_enabled":true,"_links":{"self":[{"href":"https:\/\/av.arbeaumont.eu\/index.php\/wp-json\/wp\/v2\/posts\/493","targetHints":{"allow":["GET"]}}],"collection":[{"href":"https:\/\/av.arbeaumont.eu\/index.php\/wp-json\/wp\/v2\/posts"}],"about":[{"href":"https:\/\/av.arbeaumont.eu\/index.php\/wp-json\/wp\/v2\/types\/post"}],"author":[{"embeddable":true,"href":"https:\/\/av.arbeaumont.eu\/index.php\/wp-json\/wp\/v2\/users\/1"}],"replies":[{"embeddable":true,"href":"https:\/\/av.arbeaumont.eu\/index.php\/wp-json\/wp\/v2\/comments?post=493"}],"version-history":[{"count":5,"href":"https:\/\/av.arbeaumont.eu\/index.php\/wp-json\/wp\/v2\/posts\/493\/revisions"}],"predecessor-version":[{"id":500,"href":"https:\/\/av.arbeaumont.eu\/index.php\/wp-json\/wp\/v2\/posts\/493\/revisions\/500"}],"wp:featuredmedia":[{"embeddable":true,"href":"https:\/\/av.arbeaumont.eu\/index.php\/wp-json\/wp\/v2\/media\/497"}],"wp:attachment":[{"href":"https:\/\/av.arbeaumont.eu\/index.php\/wp-json\/wp\/v2\/media?parent=493"}],"wp:term":[{"taxonomy":"category","embeddable":true,"href":"https:\/\/av.arbeaumont.eu\/index.php\/wp-json\/wp\/v2\/categories?post=493"},{"taxonomy":"post_tag","embeddable":true,"href":"https:\/\/av.arbeaumont.eu\/index.php\/wp-json\/wp\/v2\/tags?post=493"}],"curies":[{"name":"wp","href":"https:\/\/api.w.org\/{rel}","templated":true}]}}