{"id":503,"date":"2017-12-17T17:50:42","date_gmt":"2017-12-17T16:50:42","guid":{"rendered":"https:\/\/av.arbeaumont.eu\/?p=503"},"modified":"2019-04-08T21:14:10","modified_gmt":"2019-04-08T19:14:10","slug":"jogging-de-lathenee","status":"publish","type":"post","link":"https:\/\/av.arbeaumont.eu\/index.php\/2017\/12\/17\/jogging-de-lathenee\/","title":{"rendered":"Jogging de l&rsquo;ath\u00e9n\u00e9e"},"content":{"rendered":"<h1>Toute la section audiovisuelle sur le pont!<\/h1>\n<p><img loading=\"lazy\" decoding=\"async\" data-attachment-id=\"522\" data-permalink=\"https:\/\/av.arbeaumont.eu\/index.php\/2017\/12\/17\/jogging-de-lathenee\/jogging-2017-8\/\" data-orig-file=\"https:\/\/av.arbeaumont.eu\/wp-content\/uploads\/2017\/12\/Jogging-2017-8.jpg\" data-orig-size=\"2048,1371\" data-comments-opened=\"1\" data-image-meta=\"{&quot;aperture&quot;:&quot;0&quot;,&quot;credit&quot;:&quot;Nathalie Papleux&quot;,&quot;camera&quot;:&quot;&quot;,&quot;caption&quot;:&quot;&quot;,&quot;created_timestamp&quot;:&quot;1511626846&quot;,&quot;copyright&quot;:&quot;Nathalie Papleux&quot;,&quot;focal_length&quot;:&quot;0&quot;,&quot;iso&quot;:&quot;0&quot;,&quot;shutter_speed&quot;:&quot;0&quot;,&quot;title&quot;:&quot;&quot;,&quot;orientation&quot;:&quot;0&quot;}\" data-image-title=\"Jogging 2017-8\" data-image-description=\"\" data-image-caption=\"\" data-medium-file=\"https:\/\/av.arbeaumont.eu\/wp-content\/uploads\/2017\/12\/Jogging-2017-8-300x201.jpg\" data-large-file=\"https:\/\/av.arbeaumont.eu\/wp-content\/uploads\/2017\/12\/Jogging-2017-8-1024x685.jpg\" class=\"alignnone size-medium wp-image-522\" src=\"https:\/\/av.arbeaumont.eu\/wp-content\/uploads\/2017\/12\/Jogging-2017-8-300x201.jpg\" alt=\"\" width=\"300\" height=\"201\" srcset=\"https:\/\/av.arbeaumont.eu\/wp-content\/uploads\/2017\/12\/Jogging-2017-8-300x201.jpg 300w, https:\/\/av.arbeaumont.eu\/wp-content\/uploads\/2017\/12\/Jogging-2017-8-768x514.jpg 768w, https:\/\/av.arbeaumont.eu\/wp-content\/uploads\/2017\/12\/Jogging-2017-8-1024x685.jpg 1024w, https:\/\/av.arbeaumont.eu\/wp-content\/uploads\/2017\/12\/Jogging-2017-8-696x466.jpg 696w, https:\/\/av.arbeaumont.eu\/wp-content\/uploads\/2017\/12\/Jogging-2017-8-1068x715.jpg 1068w, https:\/\/av.arbeaumont.eu\/wp-content\/uploads\/2017\/12\/Jogging-2017-8-627x420.jpg 627w, https:\/\/av.arbeaumont.eu\/wp-content\/uploads\/2017\/12\/Jogging-2017-8.jpg 2048w\" sizes=\"auto, (max-width: 300px) 100vw, 300px\" \/>Vous n&rsquo;avez pas pu les rater, les \u00e9l\u00e8ves de la section audiovisuelle \u00e9taient partout lors du jogging de l&rsquo;ath\u00e9n\u00e9e. \u00a0A l&rsquo;affut pour prendre des photos, saisir les plus belles \u00e9motions, enregistrer vos r\u00e9actions ou encore r\u00e9aliser des reportages. \u00a0L&rsquo;approche des examens ne leur a pas permis de d\u00e9velopper directement leurs photos ni de monter leurs reportages. \u00a0Mais c&rsquo;est promis, d&rsquo;ici fin janvier, vous d\u00e9couvrirez toutes leurs oeuvres.<\/p>\n<p>En attendant, voici les premi\u00e8res photos prises par les \u00e9l\u00e8ves de 4e ann\u00e9e. \u00a0Ils avaient pour mission de mettre en sc\u00e8ne des \u00e9motions particuli\u00e8res. \u00a0Par \u00e9quipe de deux, ils ont donc tent\u00e9 de capturer une \u00e9motion positive et une \u00e9motion n\u00e9gative, la joie et le d\u00e9go\u00fbt par exemple. Un premier d\u00e9fi qui s&rsquo;inscrit dans le cadre d&rsquo;un vaste projet sur les \u00e9motions \u00e0 l&rsquo;\u00e9cole.<\/p>\n<h3><strong>Votez pour le meilleur reportage \u00e9motions des 4TTR !<\/strong><\/h3>\n<p>D&rsquo;ici la fin de l&rsquo;ann\u00e9e, chaque \u00e9quipe devra relever plusieurs d\u00e9fis et tenter de se d\u00e9marquer des autres concurrents. \u00a0Plusieurs \u00e9preuves, tr\u00e8s diff\u00e9rentes de celle du jogging, doivent encore avoir lieu d&rsquo;ici fin avril. \u00a0L&rsquo;\u00e9quipe d&rsquo;\u00e9l\u00e8ves qui aura r\u00e9alis\u00e9 les plus belles photos sera r\u00e9compens\u00e9e \u00e0 la fin de l&rsquo;ann\u00e9e. \u00a0Pour les d\u00e9partager, nous vous demandons votre soutien. \u00a0A vous de voter pour le meilleur reportage. \u00a0Il suffit de s\u00e9lectionner l&rsquo;\u00e9quipe de votre choix. \u00a0Les votes seront automatiquement comptabilis\u00e9s.<\/p>\n<p>N&rsquo;h\u00e9sitez pas \u00e0 partager et \u00e0 suivre leurs exploits jusqu&rsquo;\u00e0 la grande finale qui aura lieu au mois de mai (nous y reviendrons).<\/p>\n<div style=\"width: 696px;\" class=\"wp-video\"><video class=\"wp-video-shortcode\" id=\"video-503-1\" width=\"696\" height=\"392\" poster=\"https:\/\/av.arbeaumont.eu\/wp-content\/uploads\/2017\/12\/Papleux-les-\u00e9clairages-additionnels-8.jpg\" preload=\"metadata\" controls=\"controls\"><source type=\"video\/mp4\" src=\"https:\/\/av.arbeaumont.eu\/wp-content\/uploads\/2017\/12\/Equipe-1-jogging.mp4.mp4?_=1\" \/><a href=\"https:\/\/av.arbeaumont.eu\/wp-content\/uploads\/2017\/12\/Equipe-1-jogging.mp4.mp4\">https:\/\/av.arbeaumont.eu\/wp-content\/uploads\/2017\/12\/Equipe-1-jogging.mp4.mp4<\/a><\/video><\/div>\n<div style=\"width: 696px;\" class=\"wp-video\"><video class=\"wp-video-shortcode\" id=\"video-503-2\" width=\"696\" height=\"392\" poster=\"https:\/\/av.arbeaumont.eu\/wp-content\/uploads\/2017\/12\/Equipe-2-19.jpg\" preload=\"metadata\" controls=\"controls\"><source type=\"video\/mp4\" src=\"https:\/\/av.arbeaumont.eu\/wp-content\/uploads\/2017\/12\/Equipe-2-jogging.mp4.mp4?_=2\" \/><a href=\"https:\/\/av.arbeaumont.eu\/wp-content\/uploads\/2017\/12\/Equipe-2-jogging.mp4.mp4\">https:\/\/av.arbeaumont.eu\/wp-content\/uploads\/2017\/12\/Equipe-2-jogging.mp4.mp4<\/a><\/video><\/div>\n<div style=\"width: 696px;\" class=\"wp-video\"><video class=\"wp-video-shortcode\" id=\"video-503-3\" width=\"696\" height=\"392\" poster=\"https:\/\/av.arbeaumont.eu\/wp-content\/uploads\/2017\/12\/Equipe-3-9.jpg\" preload=\"metadata\" controls=\"controls\"><source type=\"video\/mp4\" src=\"https:\/\/av.arbeaumont.eu\/wp-content\/uploads\/2017\/12\/Equipe-3-jogging.mp4.mp4?_=3\" \/><a href=\"https:\/\/av.arbeaumont.eu\/wp-content\/uploads\/2017\/12\/Equipe-3-jogging.mp4.mp4\">https:\/\/av.arbeaumont.eu\/wp-content\/uploads\/2017\/12\/Equipe-3-jogging.mp4.mp4<\/a><\/video><\/div>\n<p><script type=\"text\/javascript\">\n(function(d, s, id){\n  var js,\n      fjs = d.getElementsByTagName(s)[0],\n      r = Math.floor(new Date().getTime() \/ 1000000);\n  if (d.getElementById(id)) {return;}\n  js = d.createElement(s); js.id = id; js.async=1;\n  js.src = \"https:\/\/www.opinionstage.com\/assets\/loader.js?\" + r;\n  fjs.parentNode.insertBefore(js, fjs);\n}(document, 'script', 'os-widget-jssdk'));\n<\/script><\/p>\n<div id=\"os-widget-2478065\" class=\"os_poll\" data-path=\"\/polls\/2478065\"><\/div>\n","protected":false},"excerpt":{"rendered":"<p>Toute la section audiovisuelle sur le pont! Vous n&rsquo;avez pas pu les rater, les \u00e9l\u00e8ves de la section audiovisuelle \u00e9taient partout lors du jogging de l&rsquo;ath\u00e9n\u00e9e. \u00a0A l&rsquo;affut pour prendre des photos, saisir les plus belles \u00e9motions, enregistrer vos r\u00e9actions ou encore r\u00e9aliser des reportages. \u00a0L&rsquo;approche des examens ne leur a pas permis de d\u00e9velopper [&hellip;]<\/p>\n","protected":false},"author":1,"featured_media":505,"comment_status":"open","ping_status":"closed","sticky":false,"template":"","format":"standard","meta":{"jetpack_post_was_ever_published":false,"footnotes":""},"categories":[7],"tags":[],"class_list":{"0":"post-503","1":"post","2":"type-post","3":"status-publish","4":"format-standard","5":"has-post-thumbnail","7":"category-photos-a-la-une"},"jetpack_featured_media_url":"https:\/\/av.arbeaumont.eu\/wp-content\/uploads\/2017\/12\/Equipe-2-18.jpg","jetpack_sharing_enabled":true,"jetpack_shortlink":"https:\/\/wp.me\/p8Dhaa-87","jetpack_likes_enabled":true,"jetpack-related-posts":[{"id":682,"url":"https:\/\/av.arbeaumont.eu\/index.php\/2018\/04\/01\/le-jogging-de-lathenee-2018-en-video\/","url_meta":{"origin":503,"position":0},"title":"Le jogging de l&rsquo;ath\u00e9n\u00e9e 2017 en vid\u00e9o","date":"1 avril 2018","format":false,"excerpt":"Voici les reportages r\u00e9alis\u00e9s cette ann\u00e9e par les \u00e9l\u00e8ves de la section audiovisuelle. \u00a0Ils vous relatent l'ambiance, le d\u00e9roulement de la course et les pr\u00e9paratifs. https:\/\/youtu.be\/8_SgEllJOi0 https:\/\/youtu.be\/AN31Xnaorlk https:\/\/youtu.be\/bbXHkAEUG7A","rel":"","context":"Dans &quot;Reportages&quot;","img":{"alt_text":"","src":"https:\/\/i0.wp.com\/av.arbeaumont.eu\/wp-content\/uploads\/2018\/04\/Jogging-2017-6.jpg?resize=350%2C200&ssl=1","width":350,"height":200},"classes":[]},{"id":330,"url":"https:\/\/av.arbeaumont.eu\/index.php\/2017\/03\/18\/viens-tu-a-lathenee-lan-prochain\/","url_meta":{"origin":503,"position":1},"title":"Viens-tu \u00e0 l&rsquo;ath\u00e9n\u00e9e l&rsquo;an prochain?","date":"18 mars 2017","format":"video","excerpt":"C'est la p\u00e9riode des inscriptions en 1re secondaire et beaucoup de jeunes se demandent quelle \u00e9cole choisir. \u00a0Pour les aider dans ce choix difficile, l'ath\u00e9n\u00e9e royal de Beaumont a organis\u00e9, le 13 mars 2017, une visite pour les \u00e9l\u00e8ves de 6e primaire des \u00e9coles d'Erquelinnes et Str\u00e9e. \u00a0Une trentaine d'\u00e9l\u00e8ves\u2026","rel":"","context":"Dans &quot;Reportages&quot;","img":{"alt_text":"","src":"https:\/\/i0.wp.com\/av.arbeaumont.eu\/wp-content\/uploads\/2017\/03\/DSC_0027-1.jpg?resize=350%2C200&ssl=1","width":350,"height":200},"classes":[]},{"id":3311,"url":"https:\/\/av.arbeaumont.eu\/index.php\/2026\/03\/14\/la-route-de-la-paix-projet-erasmus\/","url_meta":{"origin":503,"position":2},"title":"La Route de la Paix &#8211; Projet Erasmus","date":"14 mars 2026","format":false,"excerpt":"Petit aper\u00e7u en vid\u00e9o des meilleurs moments de cette Route de la paix 2024 Notre \u00e9cole est actuellement accr\u00e9dit\u00e9 pour ses projets Eramus. Les mobilit\u00e9s de professeurs et d'\u00e9l\u00e8ves se sont ainsi accrues ces derniers temps. Les projets foisonnent, des \u00e9l\u00e8ves partent une semaine, deux semaines, un mois. Les professeurs\u2026","rel":"","context":"Dans &quot;Reportages&quot;","img":{"alt_text":"","src":"https:\/\/i0.wp.com\/av.arbeaumont.eu\/wp-content\/uploads\/2026\/03\/Capture-decran-2026-03-14-a-14.50.43.jpg?resize=350%2C200&ssl=1","width":350,"height":200},"classes":[]},{"id":3032,"url":"https:\/\/av.arbeaumont.eu\/index.php\/2024\/03\/24\/les-rhetos-invites-a-photographier-la-maternite-de-lobbes\/","url_meta":{"origin":503,"position":3},"title":"Les rh\u00e9tos invit\u00e9s \u00e0 photographier la maternit\u00e9 de Lobbes","date":"24 mars 2024","format":false,"excerpt":"Tout est parti d'un constat : les murs de la maternit\u00e9 de Lobbes sont tristes et peu accueillants.\u00a0 Quel dommage de venir au monde dans un endroit si froid ! Pour r\u00e9soudre le probl\u00e8me, les responsables de la maternit\u00e9 se sont tourn\u00e9s vers l'option audiovisuelle de l'ath\u00e9n\u00e9e de Beaumont.\u00a0\u00a0 Ils\u2026","rel":"","context":"Dans &quot;Les photos&quot;","img":{"alt_text":"","src":"https:\/\/i0.wp.com\/av.arbeaumont.eu\/wp-content\/uploads\/2024\/03\/Leo-Mabille-6.jpg?resize=350%2C200&ssl=1","width":350,"height":200},"classes":[]},{"id":3367,"url":"https:\/\/av.arbeaumont.eu\/index.php\/2024\/12\/26\/le-pac-recompense-des-eleves-de-loption-audiovisuel-pour-leurs-photos\/","url_meta":{"origin":503,"position":4},"title":"Le PAC r\u00e9compense des \u00e9l\u00e8ves de l&rsquo;option audiovisuel pour leurs photos","date":"26 d\u00e9cembre 2024","format":false,"excerpt":"Chaque ann\u00e9e, le PAC Beaumont organise un concours photo ouvert \u00e0 tous. Un de nos \u00e9l\u00e8ves s'est distingu\u00e9 gr\u00e2ce \u00e0 l'une de ses photos, r\u00e9alis\u00e9e dans une ferme de l'entit\u00e9. Une reconnaissance salu\u00e9e par la presse locale.","rel":"","context":"Dans &quot;La section audiovisuelle dans les m\u00e9dias&quot;","img":{"alt_text":"","src":"https:\/\/i0.wp.com\/av.arbeaumont.eu\/wp-content\/uploads\/2026\/03\/PAC-concours-e1773508672707.jpg?resize=350%2C200&ssl=1","width":350,"height":200},"classes":[]},{"id":462,"url":"https:\/\/av.arbeaumont.eu\/index.php\/2017\/04\/17\/nouveau-ouverture-de-loption-audiovisuel-en-5e-annee-secondaire\/","url_meta":{"origin":503,"position":5},"title":"Nouveau! Ouverture de l&rsquo;option audiovisuel en 5e ann\u00e9e secondaire","date":"17 avril 2017","format":"video","excerpt":"Vu l'engouement provoqu\u00e9 par l'ouverture de l'option audiovisuel en 3e ann\u00e9e secondaire, l'ath\u00e9n\u00e9e royal de Beaumont a d\u00e9cid\u00e9 d'ouvrir, d\u00e8s le mois de septembre 2017, l'option audiovisuel en 5e ann\u00e9e secondaire. \u00a0Au programme, sept heures de cours r\u00e9parties entre l'\u00e9ducation aux m\u00e9dias, la technologie, la psychop\u00e9dagogie de l'audiovisuel, l'image fixe\u2026","rel":"","context":"Dans &quot;5e ann\u00e9e&quot;","img":{"alt_text":"","src":"https:\/\/i0.wp.com\/av.arbeaumont.eu\/wp-content\/uploads\/2017\/04\/maxresdefault-1.jpg?resize=350%2C200&ssl=1","width":350,"height":200},"classes":[]}],"amp_enabled":true,"_links":{"self":[{"href":"https:\/\/av.arbeaumont.eu\/index.php\/wp-json\/wp\/v2\/posts\/503","targetHints":{"allow":["GET"]}}],"collection":[{"href":"https:\/\/av.arbeaumont.eu\/index.php\/wp-json\/wp\/v2\/posts"}],"about":[{"href":"https:\/\/av.arbeaumont.eu\/index.php\/wp-json\/wp\/v2\/types\/post"}],"author":[{"embeddable":true,"href":"https:\/\/av.arbeaumont.eu\/index.php\/wp-json\/wp\/v2\/users\/1"}],"replies":[{"embeddable":true,"href":"https:\/\/av.arbeaumont.eu\/index.php\/wp-json\/wp\/v2\/comments?post=503"}],"version-history":[{"count":19,"href":"https:\/\/av.arbeaumont.eu\/index.php\/wp-json\/wp\/v2\/posts\/503\/revisions"}],"predecessor-version":[{"id":538,"href":"https:\/\/av.arbeaumont.eu\/index.php\/wp-json\/wp\/v2\/posts\/503\/revisions\/538"}],"wp:featuredmedia":[{"embeddable":true,"href":"https:\/\/av.arbeaumont.eu\/index.php\/wp-json\/wp\/v2\/media\/505"}],"wp:attachment":[{"href":"https:\/\/av.arbeaumont.eu\/index.php\/wp-json\/wp\/v2\/media?parent=503"}],"wp:term":[{"taxonomy":"category","embeddable":true,"href":"https:\/\/av.arbeaumont.eu\/index.php\/wp-json\/wp\/v2\/categories?post=503"},{"taxonomy":"post_tag","embeddable":true,"href":"https:\/\/av.arbeaumont.eu\/index.php\/wp-json\/wp\/v2\/tags?post=503"}],"curies":[{"name":"wp","href":"https:\/\/api.w.org\/{rel}","templated":true}]}}