{"id":615,"date":"2018-01-13T16:39:00","date_gmt":"2018-01-13T15:39:00","guid":{"rendered":"https:\/\/av.arbeaumont.eu\/?p=615"},"modified":"2023-03-12T13:22:12","modified_gmt":"2023-03-12T12:22:12","slug":"professeur-de-langues","status":"publish","type":"post","link":"https:\/\/av.arbeaumont.eu\/index.php\/2018\/01\/13\/professeur-de-langues\/","title":{"rendered":"Professeur de langues"},"content":{"rendered":"<p>&nbsp;<\/p>\n<p><img loading=\"lazy\" decoding=\"async\" data-attachment-id=\"638\" data-permalink=\"https:\/\/av.arbeaumont.eu\/index.php\/2018\/01\/13\/professeur-de-langues\/brigitte-manderlier\/\" data-orig-file=\"https:\/\/av.arbeaumont.eu\/wp-content\/uploads\/2017\/12\/Brigitte-Manderlier-e1515858175373.png\" data-orig-size=\"435,626\" data-comments-opened=\"1\" data-image-meta=\"{&quot;aperture&quot;:&quot;0&quot;,&quot;credit&quot;:&quot;&quot;,&quot;camera&quot;:&quot;&quot;,&quot;caption&quot;:&quot;&quot;,&quot;created_timestamp&quot;:&quot;0&quot;,&quot;copyright&quot;:&quot;&quot;,&quot;focal_length&quot;:&quot;0&quot;,&quot;iso&quot;:&quot;0&quot;,&quot;shutter_speed&quot;:&quot;0&quot;,&quot;title&quot;:&quot;&quot;,&quot;orientation&quot;:&quot;0&quot;}\" data-image-title=\"Brigitte Manderlier\" data-image-description=\"\" data-image-caption=\"\" data-medium-file=\"https:\/\/av.arbeaumont.eu\/wp-content\/uploads\/2017\/12\/Brigitte-Manderlier-e1515858175373-208x300.png\" data-large-file=\"https:\/\/av.arbeaumont.eu\/wp-content\/uploads\/2017\/12\/Brigitte-Manderlier-e1515858175373.png\" class=\"wp-image-638 size-full alignleft\" src=\"https:\/\/av.arbeaumont.eu\/wp-content\/uploads\/2017\/12\/Brigitte-Manderlier.png\" alt=\"\" width=\"484\" height=\"850\" \/><strong><em>Le m\u00e9tier d\u2019enseignant de langues est tr\u00e8s important pour l\u2019avenir de nos enfants. Et de nos jours, m\u00eame s&rsquo;il y a p\u00e9nurie, j\u2019ai tout de m\u00eame r\u00e9ussi \u00e0 en trouver un. Si vous voulez savoir comment devenir professeur, et bien d\u2019autres choses encore, \u00e9coutez cette interview de Brigitte Manderlier.<br \/>\n<\/em><\/strong><\/p>\n<p><strong><em>(Elle est r\u00e9alis\u00e9e par Jean-Christophe Bayot &#8211; 3TTR).<\/em><\/strong><\/p>\n<audio class=\"wp-audio-shortcode\" id=\"audio-615-1\" preload=\"none\" style=\"width: 100%;\" controls=\"controls\"><source type=\"audio\/wav\" src=\"https:\/\/av.arbeaumont.eu\/wp-content\/uploads\/2017\/12\/reportage-le-m\u00e9tier-Jean-christophe-bayot.wav?_=1\" \/><a href=\"https:\/\/av.arbeaumont.eu\/wp-content\/uploads\/2017\/12\/reportage-le-m\u00e9tier-Jean-christophe-bayot.wav\">https:\/\/av.arbeaumont.eu\/wp-content\/uploads\/2017\/12\/reportage-le-m\u00e9tier-Jean-christophe-bayot.wav<\/a><\/audio>\n<p>Interview et montage sonore Jean-Christophe Bayot 3TTR<\/p>\n<p>&nbsp;<\/p>\n","protected":false},"excerpt":{"rendered":"<p>&nbsp; Le m\u00e9tier d\u2019enseignant de langues est tr\u00e8s important pour l\u2019avenir de nos enfants. Et de nos jours, m\u00eame s&rsquo;il y a p\u00e9nurie, j\u2019ai tout de m\u00eame r\u00e9ussi \u00e0 en trouver un. Si vous voulez savoir comment devenir professeur, et bien d\u2019autres choses encore, \u00e9coutez cette interview de Brigitte Manderlier. (Elle est r\u00e9alis\u00e9e par Jean-Christophe [&hellip;]<\/p>\n","protected":false},"author":1,"featured_media":638,"comment_status":"open","ping_status":"closed","sticky":false,"template":"","format":"standard","meta":{"jetpack_post_was_ever_published":false,"footnotes":""},"categories":[130,14,16],"tags":[],"class_list":{"0":"post-615","1":"post","2":"type-post","3":"status-publish","4":"format-standard","5":"has-post-thumbnail","7":"category-en-radio","8":"category-metiers-passions","9":"category-reportages-videos"},"jetpack_featured_media_url":"https:\/\/av.arbeaumont.eu\/wp-content\/uploads\/2017\/12\/Brigitte-Manderlier-e1515858175373.png","jetpack_sharing_enabled":true,"jetpack_shortlink":"https:\/\/wp.me\/p8Dhaa-9V","jetpack_likes_enabled":true,"jetpack-related-posts":[{"id":881,"url":"https:\/\/av.arbeaumont.eu\/index.php\/2018\/06\/11\/les-3-auvergnats\/","url_meta":{"origin":615,"position":0},"title":"LES 3 AUVERGNATS","date":"11 juin 2018","format":false,"excerpt":"Le caf\u00e9 culturel Ancien professeur de morale, Geoffroy, barman au caf\u00e9 culturel \u00ab\u00a0Les 3 auvergnats\u00a0\u00bb, a d\u00e9cid\u00e9 d\u2019arr\u00eater l\u2019enseignement pour ouvrir un caf\u00e9 tr\u00e8s particulier. Passionn\u00e9 de musique depuis plus de 18 ans, il r\u00eavait d\u2019ouvrir cet \u00e9tablissement o\u00f9 les concerts sont source de bonheur chaque semaine. PROPOS RECUEILLIS PAR\u2026","rel":"","context":"Dans &quot;En radio&quot;","img":{"alt_text":"","src":"https:\/\/i0.wp.com\/av.arbeaumont.eu\/wp-content\/uploads\/2018\/06\/photo-16-examen_.jpg?resize=350%2C200&ssl=1","width":350,"height":200},"classes":[]},{"id":828,"url":"https:\/\/av.arbeaumont.eu\/index.php\/2018\/06\/11\/un-comptable-au-service-des-gens\/","url_meta":{"origin":615,"position":1},"title":"COMPTABLE A VOTRE SERVICE","date":"11 juin 2018","format":false,"excerpt":"Monsieur Hsiao Yen-Tchi est comptable-fiscaliste agr\u00e9\u00e9.\u00a0 Il a fond\u00e9 la soci\u00e9t\u00e9 BHW CONSULT dans la r\u00e9gion de Str\u00e9e. Il est comptable depuis bient\u00f4t 16 ans et avec plusieurs ann\u00e9es d\u2019\u00e9tudes derri\u00e8re lui, il nous confie les avantages et les inconv\u00e9nients de son m\u00e9tier. PROPOS RECUEILLIS PAR YASEMIN BIYIK Bonjour, pouvez-vous\u2026","rel":"","context":"Dans &quot;En radio&quot;","img":{"alt_text":"","src":"https:\/\/i0.wp.com\/av.arbeaumont.eu\/wp-content\/uploads\/2018\/06\/1.jpg?resize=350%2C200&ssl=1","width":350,"height":200},"classes":[]},{"id":845,"url":"https:\/\/av.arbeaumont.eu\/index.php\/2018\/06\/11\/quand-lheure-vaut-de-lor\/","url_meta":{"origin":615,"position":2},"title":"QUAND L&rsquo;HEURE VAUT DE L&rsquo;OR","date":"11 juin 2018","format":false,"excerpt":"La bijouterie-horlogerie de Beaumont, nous passons devant la vitrine sans y pr\u00eater vraiment attention. Mais que savons-nous sur les personnes qui y travaillent\u00a0? \u00a0\u00a0Madame Lysiane Dutryl, g\u00e9rante, a accept\u00e9 de nous recevoir \u00a0afin de nous faire d\u00e9couvrir son univers en or. Propos recueillis par Maddy De Wachter- \u00e9l\u00e8ve de 3e\u2026","rel":"","context":"Dans &quot;En radio&quot;","img":{"alt_text":"","src":"https:\/\/i0.wp.com\/av.arbeaumont.eu\/wp-content\/uploads\/2018\/06\/photo-2.jpg?resize=350%2C200&ssl=1","width":350,"height":200},"classes":[]},{"id":869,"url":"https:\/\/av.arbeaumont.eu\/index.php\/2018\/06\/11\/lart-du-grill\/","url_meta":{"origin":615,"position":3},"title":"L\u2019ART DU  GRILL","date":"11 juin 2018","format":false,"excerpt":"Un impr\u00e9vu\u00a0? Sandra Manoni pense \u00e0 vous.\u00a0Avec son mari, ils tiennent un restaurant \u00e0 Beaumont.\u00a0 Rencontre autour d\u2019un bon plat.\u00a0 Propos recueillis par Antoine Royen, \u00e9l\u00e8ve de 3eaudiovisuel \u00e0 l\u2019ath\u00e9n\u00e9e royal de Beaumont. En quoi consiste votre m\u00e9tier ? Mon mari est en cuisine, c'est lui le cuisinier. \u00a0Et moi,\u2026","rel":"","context":"Dans &quot;En radio&quot;","img":{"alt_text":"","src":"https:\/\/i0.wp.com\/av.arbeaumont.eu\/wp-content\/uploads\/2018\/06\/photo-18-1.jpg?resize=350%2C200&ssl=1","width":350,"height":200},"classes":[]},{"id":799,"url":"https:\/\/av.arbeaumont.eu\/index.php\/2018\/06\/11\/la-distillerie-de-biercee\/","url_meta":{"origin":615,"position":4},"title":"MAGNIFIQUE DISTILLERIE DE BIERCEE","date":"11 juin 2018","format":false,"excerpt":"La distillerie de Bierc\u00e9e est un endroit tr\u00e8s chouette o\u00f9 les gens sont tr\u00e8s sympathiques et conviviaux. B\u00e9n\u00e9dicte Soupart, responsable du tourisme \u00e0 la distillerie nous emm\u00e8ne faire une petite viste guid\u00e9e. Propos recueillis par Jean-Christophe Bayot, \u00e9l\u00e8ve de 3e audiovisuel. Combien de personnes travaillent \u00e0 la fabrication des produits\u2026","rel":"","context":"Dans &quot;En radio&quot;","img":{"alt_text":"","src":"https:\/\/i0.wp.com\/av.arbeaumont.eu\/wp-content\/uploads\/2018\/06\/machine-4.jpg?resize=350%2C200&ssl=1","width":350,"height":200},"classes":[]},{"id":893,"url":"https:\/\/av.arbeaumont.eu\/index.php\/2018\/06\/11\/le-moise\/","url_meta":{"origin":615,"position":5},"title":"LE MO\u00cfSE","date":"11 juin 2018","format":false,"excerpt":"Plus d'un demi si\u00e8cle d'existence Le Mo\u00efse se situe \u00e0 la rue F\u00e9lix Dutry sur la route principale du centre de Beaumont. J\u2019y ai rencontr\u00e9 Sylvie, la g\u00e9rante. C\u2019est la deuxi\u00e8me propri\u00e9taire de ce magasin, sp\u00e9cialis\u00e9 dans les articles de f\u00eates.\u00a0 Voici une invitation \u00e0 pousser la porte d\u2019entr\u00e9e. Propos\u2026","rel":"","context":"Dans &quot;En radio&quot;","img":{"alt_text":"","src":"https:\/\/i0.wp.com\/av.arbeaumont.eu\/wp-content\/uploads\/2018\/06\/photos3.jpg?resize=350%2C200&ssl=1","width":350,"height":200},"classes":[]}],"amp_enabled":true,"_links":{"self":[{"href":"https:\/\/av.arbeaumont.eu\/index.php\/wp-json\/wp\/v2\/posts\/615","targetHints":{"allow":["GET"]}}],"collection":[{"href":"https:\/\/av.arbeaumont.eu\/index.php\/wp-json\/wp\/v2\/posts"}],"about":[{"href":"https:\/\/av.arbeaumont.eu\/index.php\/wp-json\/wp\/v2\/types\/post"}],"author":[{"embeddable":true,"href":"https:\/\/av.arbeaumont.eu\/index.php\/wp-json\/wp\/v2\/users\/1"}],"replies":[{"embeddable":true,"href":"https:\/\/av.arbeaumont.eu\/index.php\/wp-json\/wp\/v2\/comments?post=615"}],"version-history":[{"count":4,"href":"https:\/\/av.arbeaumont.eu\/index.php\/wp-json\/wp\/v2\/posts\/615\/revisions"}],"predecessor-version":[{"id":659,"href":"https:\/\/av.arbeaumont.eu\/index.php\/wp-json\/wp\/v2\/posts\/615\/revisions\/659"}],"wp:featuredmedia":[{"embeddable":true,"href":"https:\/\/av.arbeaumont.eu\/index.php\/wp-json\/wp\/v2\/media\/638"}],"wp:attachment":[{"href":"https:\/\/av.arbeaumont.eu\/index.php\/wp-json\/wp\/v2\/media?parent=615"}],"wp:term":[{"taxonomy":"category","embeddable":true,"href":"https:\/\/av.arbeaumont.eu\/index.php\/wp-json\/wp\/v2\/categories?post=615"},{"taxonomy":"post_tag","embeddable":true,"href":"https:\/\/av.arbeaumont.eu\/index.php\/wp-json\/wp\/v2\/tags?post=615"}],"curies":[{"name":"wp","href":"https:\/\/api.w.org\/{rel}","templated":true}]}}