{"id":682,"date":"2018-04-01T17:40:23","date_gmt":"2018-04-01T15:40:23","guid":{"rendered":"https:\/\/av.arbeaumont.eu\/?p=682"},"modified":"2019-04-08T21:11:18","modified_gmt":"2019-04-08T19:11:18","slug":"le-jogging-de-lathenee-2018-en-video","status":"publish","type":"post","link":"https:\/\/av.arbeaumont.eu\/index.php\/2018\/04\/01\/le-jogging-de-lathenee-2018-en-video\/","title":{"rendered":"Le jogging de l&rsquo;ath\u00e9n\u00e9e 2017 en vid\u00e9o"},"content":{"rendered":"<p>Voici les reportages r\u00e9alis\u00e9s cette ann\u00e9e par les \u00e9l\u00e8ves de la section audiovisuelle. \u00a0Ils vous relatent l&rsquo;ambiance, le d\u00e9roulement de la course et les pr\u00e9paratifs.<\/p>\n<p><span class=\"embed-youtube\" style=\"text-align:center; display: block;\"><iframe loading=\"lazy\" class=\"youtube-player\" width=\"696\" height=\"392\" src=\"https:\/\/www.youtube.com\/embed\/8_SgEllJOi0?version=3&#038;rel=1&#038;showsearch=0&#038;showinfo=1&#038;iv_load_policy=1&#038;fs=1&#038;hl=fr-FR&#038;autohide=2&#038;wmode=transparent\" allowfullscreen=\"true\" style=\"border:0;\" sandbox=\"allow-scripts allow-same-origin allow-popups allow-presentation\"><\/iframe><\/span><br \/>\n<span class=\"embed-youtube\" style=\"text-align:center; display: block;\"><iframe loading=\"lazy\" class=\"youtube-player\" width=\"696\" height=\"392\" src=\"https:\/\/www.youtube.com\/embed\/AN31Xnaorlk?version=3&#038;rel=1&#038;showsearch=0&#038;showinfo=1&#038;iv_load_policy=1&#038;fs=1&#038;hl=fr-FR&#038;autohide=2&#038;wmode=transparent\" allowfullscreen=\"true\" style=\"border:0;\" sandbox=\"allow-scripts allow-same-origin allow-popups allow-presentation\"><\/iframe><\/span><br \/>\n<span class=\"embed-youtube\" style=\"text-align:center; display: block;\"><iframe loading=\"lazy\" class=\"youtube-player\" width=\"696\" height=\"392\" src=\"https:\/\/www.youtube.com\/embed\/bbXHkAEUG7A?version=3&#038;rel=1&#038;showsearch=0&#038;showinfo=1&#038;iv_load_policy=1&#038;fs=1&#038;hl=fr-FR&#038;autohide=2&#038;wmode=transparent\" allowfullscreen=\"true\" style=\"border:0;\" sandbox=\"allow-scripts allow-same-origin allow-popups allow-presentation\"><\/iframe><\/span><\/p>\n","protected":false},"excerpt":{"rendered":"<p>Voici les reportages r\u00e9alis\u00e9s cette ann\u00e9e par les \u00e9l\u00e8ves de la section audiovisuelle. \u00a0Ils vous relatent l&rsquo;ambiance, le d\u00e9roulement de la course et les pr\u00e9paratifs.<\/p>\n","protected":false},"author":1,"featured_media":683,"comment_status":"open","ping_status":"closed","sticky":false,"template":"","format":"standard","meta":{"jetpack_post_was_ever_published":false,"footnotes":""},"categories":[16],"tags":[],"class_list":{"0":"post-682","1":"post","2":"type-post","3":"status-publish","4":"format-standard","5":"has-post-thumbnail","7":"category-reportages-videos"},"jetpack_featured_media_url":"https:\/\/av.arbeaumont.eu\/wp-content\/uploads\/2018\/04\/Jogging-2017-6.jpg","jetpack_sharing_enabled":true,"jetpack_shortlink":"https:\/\/wp.me\/p8Dhaa-b0","jetpack_likes_enabled":true,"jetpack-related-posts":[{"id":2184,"url":"https:\/\/av.arbeaumont.eu\/index.php\/2018\/12\/01\/nos-reportages-du-jogging-edition-2018\/","url_meta":{"origin":682,"position":0},"title":"Nos reportages du jogging, \u00e9dition 2018","date":"1 d\u00e9cembre 2018","format":false,"excerpt":"https:\/\/youtu.be\/_UYyvJ7UYsU https:\/\/youtu.be\/jFqyLVJarAM","rel":"","context":"Dans &quot;Reportages&quot;","img":{"alt_text":"","src":"https:\/\/i0.wp.com\/av.arbeaumont.eu\/wp-content\/uploads\/2021\/04\/Capture-decran-2021-04-01-a-20.49.21.png?resize=350%2C200&ssl=1","width":350,"height":200},"classes":[]},{"id":1104,"url":"https:\/\/av.arbeaumont.eu\/index.php\/2019\/04\/08\/les-coulisses-de-notre-cantine\/","url_meta":{"origin":682,"position":1},"title":"Les coulisses de notre cantine","date":"8 avril 2019","format":"video","excerpt":"https:\/\/youtu.be\/VO4guI3XenY","rel":"","context":"Dans &quot;Reportages&quot;","img":{"alt_text":"","src":"https:\/\/i0.wp.com\/av.arbeaumont.eu\/wp-content\/uploads\/2019\/04\/Capture-d\u2019\u00e9cran-2019-04-08-\u00e0-17.51.05.png?resize=350%2C200&ssl=1","width":350,"height":200},"classes":[]},{"id":2191,"url":"https:\/\/av.arbeaumont.eu\/index.php\/2019\/01\/01\/les-tq-participent-a-la-journee-des-entrepreneurs\/","url_meta":{"origin":682,"position":2},"title":"Les TQ participent \u00e0 la journ\u00e9e des entrepreneurs","date":"1 janvier 2019","format":false,"excerpt":"Th\u00e9o Lorette et Meysson Thibaux https:\/\/youtu.be\/Gn_r947-5uo","rel":"","context":"Dans &quot;Reportages&quot;","img":{"alt_text":"","src":"https:\/\/i0.wp.com\/av.arbeaumont.eu\/wp-content\/uploads\/2021\/04\/Capture-decran-2021-04-01-a-21.19.47.png?resize=350%2C200&ssl=1","width":350,"height":200},"classes":[]},{"id":3337,"url":"https:\/\/av.arbeaumont.eu\/index.php\/2026\/03\/14\/experience-en-chimie-pour-halloween\/","url_meta":{"origin":682,"position":3},"title":"Exp\u00e9rience en chimie pour Halloween","date":"14 mars 2026","format":false,"excerpt":"L'option audiovisuel collabore r\u00e9guli\u00e8rement avec des professeurs de l'\u00e9cole pour mettre en valeur les projets r\u00e9alis\u00e9s dans les autres cours. Mme Gabriels, professeur de chimie a d\u00e9cid\u00e9 de mener une exp\u00e9rience amusante avec ses \u00e9l\u00e8ves. Regardez. Reportage de L\u00e9o Mabille https:\/\/youtu.be\/zms_rtFyHLM","rel":"","context":"Dans &quot;Reportages&quot;","img":{"alt_text":"","src":"https:\/\/i0.wp.com\/av.arbeaumont.eu\/wp-content\/uploads\/2026\/03\/Capture-decran-2026-03-14-a-16.14.36.jpg?resize=350%2C200&ssl=1","width":350,"height":200},"classes":[]},{"id":2589,"url":"https:\/\/av.arbeaumont.eu\/index.php\/2022\/01\/08\/le-theatre-reprendra-t-il-en-2021\/","url_meta":{"origin":682,"position":4},"title":"Le th\u00e9\u00e2tre reprendra-t-il en 2021?","date":"8 janvier 2022","format":false,"excerpt":"Avec la COVID-19, les activit\u00e9s de la troupe sont fortement perturb\u00e9es. Regardez le reportage de Lara Van Looy et Eva GERARD. https:\/\/youtu.be\/X27L4j_--_Q","rel":"","context":"Dans &quot;Reportages&quot;","img":{"alt_text":"","src":"https:\/\/i0.wp.com\/av.arbeaumont.eu\/wp-content\/uploads\/2022\/01\/Capture-decran-2022-01-08-a-15.26.31.png?resize=350%2C200&ssl=1","width":350,"height":200},"classes":[]},{"id":2591,"url":"https:\/\/av.arbeaumont.eu\/index.php\/2022\/01\/08\/house-system\/","url_meta":{"origin":682,"position":5},"title":"House system","date":"8 janvier 2022","format":false,"excerpt":"R\u00e9partir les \u00e9l\u00e8ves en maisons comme chez Harry Potter et vivre des d\u00e9fis toute l'ann\u00e9e dans l'objectif d'am\u00e9liorer la pratique des langues, c'est le principe du House system. Reportage en immersion avec Dorian Charles et Laura Menten. https:\/\/youtu.be\/qAvRkwrMg_o","rel":"","context":"Dans &quot;Reportages&quot;","img":{"alt_text":"","src":"https:\/\/i0.wp.com\/av.arbeaumont.eu\/wp-content\/uploads\/2022\/01\/Capture-decran-2022-01-08-a-14.01.49.png?resize=350%2C200&ssl=1","width":350,"height":200},"classes":[]}],"amp_enabled":true,"_links":{"self":[{"href":"https:\/\/av.arbeaumont.eu\/index.php\/wp-json\/wp\/v2\/posts\/682","targetHints":{"allow":["GET"]}}],"collection":[{"href":"https:\/\/av.arbeaumont.eu\/index.php\/wp-json\/wp\/v2\/posts"}],"about":[{"href":"https:\/\/av.arbeaumont.eu\/index.php\/wp-json\/wp\/v2\/types\/post"}],"author":[{"embeddable":true,"href":"https:\/\/av.arbeaumont.eu\/index.php\/wp-json\/wp\/v2\/users\/1"}],"replies":[{"embeddable":true,"href":"https:\/\/av.arbeaumont.eu\/index.php\/wp-json\/wp\/v2\/comments?post=682"}],"version-history":[{"count":2,"href":"https:\/\/av.arbeaumont.eu\/index.php\/wp-json\/wp\/v2\/posts\/682\/revisions"}],"predecessor-version":[{"id":685,"href":"https:\/\/av.arbeaumont.eu\/index.php\/wp-json\/wp\/v2\/posts\/682\/revisions\/685"}],"wp:featuredmedia":[{"embeddable":true,"href":"https:\/\/av.arbeaumont.eu\/index.php\/wp-json\/wp\/v2\/media\/683"}],"wp:attachment":[{"href":"https:\/\/av.arbeaumont.eu\/index.php\/wp-json\/wp\/v2\/media?parent=682"}],"wp:term":[{"taxonomy":"category","embeddable":true,"href":"https:\/\/av.arbeaumont.eu\/index.php\/wp-json\/wp\/v2\/categories?post=682"},{"taxonomy":"post_tag","embeddable":true,"href":"https:\/\/av.arbeaumont.eu\/index.php\/wp-json\/wp\/v2\/tags?post=682"}],"curies":[{"name":"wp","href":"https:\/\/api.w.org\/{rel}","templated":true}]}}