{"id":705,"date":"2018-05-24T18:53:43","date_gmt":"2018-05-24T16:53:43","guid":{"rendered":"https:\/\/av.arbeaumont.eu\/?p=705"},"modified":"2019-04-09T10:45:31","modified_gmt":"2019-04-09T08:45:31","slug":"destination-pitchipoi","status":"publish","type":"post","link":"https:\/\/av.arbeaumont.eu\/index.php\/2018\/05\/24\/destination-pitchipoi\/","title":{"rendered":"Destination Pitchipo\u00ef"},"content":{"rendered":"<h3>Un documentaire poignant sur la d\u00e9portation de Simone Weil \u00e0 Auschwitz<\/h3>\n<p><b>Au coeur de la deuxi\u00e8me guerre mondiale, peu de gens savent exactement ce qui se passe \u00e0 Auschwitz.\u00a0Lorsque notre h\u00e9ro\u00efne est arr\u00eat\u00e9e \u00e0 Nice en 44, elle ignore tout du sort et de la destination qui l\u2019attendent. Les Juifs avaient baptis\u00e9 cet endroit inconnu \u00ab\u00a0Pitchipo\u00ef\u00a0\u00bb.\u00a0 C\u2019est l\u00e0, qu\u2019une dizaine de jeunes adolescents de l\u2019ath\u00e9n\u00e9e royal de Beaumont se sont rendus pour retracer l\u2019histoire de la d\u00e9portation de Simone Veil.\u00a0 Aux anciens camps d\u2019Auschwitz et Birkenau, ils y ont d\u00e9couvert l\u2019horreur et souhaitent, \u00e0 travers ce documentaire, laisser une trace pour que rien ne s\u2019efface.<\/b><\/p>\n<p><span class=\"embed-youtube\" style=\"text-align:center; display: block;\"><iframe loading=\"lazy\" class=\"youtube-player\" width=\"696\" height=\"392\" src=\"https:\/\/www.youtube.com\/embed\/dlzzMhDgAtA?version=3&#038;rel=1&#038;showsearch=0&#038;showinfo=1&#038;iv_load_policy=1&#038;fs=1&#038;hl=fr-FR&#038;autohide=2&#038;wmode=transparent\" allowfullscreen=\"true\" style=\"border:0;\" sandbox=\"allow-scripts allow-same-origin allow-popups allow-presentation\"><\/iframe><\/span><\/p>\n","protected":false},"excerpt":{"rendered":"<p>Un documentaire poignant sur la d\u00e9portation de Simone Weil \u00e0 Auschwitz Au coeur de la deuxi\u00e8me guerre mondiale, peu de gens savent exactement ce qui se passe \u00e0 Auschwitz.\u00a0Lorsque notre h\u00e9ro\u00efne est arr\u00eat\u00e9e \u00e0 Nice en 44, elle ignore tout du sort et de la destination qui l\u2019attendent. Les Juifs avaient baptis\u00e9 cet endroit inconnu [&hellip;]<\/p>\n","protected":false},"author":1,"featured_media":706,"comment_status":"open","ping_status":"closed","sticky":false,"template":"","format":"standard","meta":{"jetpack_post_was_ever_published":false,"footnotes":""},"categories":[16],"tags":[],"class_list":{"0":"post-705","1":"post","2":"type-post","3":"status-publish","4":"format-standard","5":"has-post-thumbnail","7":"category-reportages-videos"},"jetpack_featured_media_url":"https:\/\/av.arbeaumont.eu\/wp-content\/uploads\/2018\/05\/Auschwitz-2-4.jpg","jetpack_sharing_enabled":true,"jetpack_shortlink":"https:\/\/wp.me\/p8Dhaa-bn","jetpack_likes_enabled":true,"jetpack-related-posts":[{"id":753,"url":"https:\/\/av.arbeaumont.eu\/index.php\/2018\/05\/31\/destination-pitchipoi-2\/","url_meta":{"origin":705,"position":0},"title":"Auschwitz, destination \u00ab\u00a0Pitchipo\u00ef\u00a0\u00bb","date":"31 mai 2018","format":false,"excerpt":"Au coeur de la deuxi\u00e8me guerre mondiale, peu de gens savent exactement ce qui se passe \u00e0 Auschwitz.\u00a0 Lorsque notre h\u00e9ro\u00efne est arr\u00eat\u00e9e \u00e0 Nice en 1944, elle ignore tout du sort et de la destination qui l\u2019attendent. Les Juifs avaient baptis\u00e9 cet endroit inconnu \u00ab\u00a0Pitchipo\u00ef\u00a0\u00bb.\u00a0 C\u2019est l\u00e0, qu\u2019une dizaine\u2026","rel":"","context":"Dans &quot;Documentaires&quot;","img":{"alt_text":"","src":"https:\/\/i0.wp.com\/av.arbeaumont.eu\/wp-content\/uploads\/2018\/05\/Auschwitz-2-4-1.jpg?resize=350%2C200&ssl=1","width":350,"height":200},"classes":[]},{"id":675,"url":"https:\/\/av.arbeaumont.eu\/index.php\/2018\/04\/15\/bande-annonce-du-documentaire-sur-auschwitz\/","url_meta":{"origin":705,"position":1},"title":"Bande annonce du documentaire sur Auschwitz","date":"15 avril 2018","format":false,"excerpt":"Lors de la journ\u00e9e portes ouvertes du 5 mai 2018, vous d\u00e9couvrirez le documentaire r\u00e9alis\u00e9 par les 5e audiovisuel \u00e0 Auschwitz. \u00a0Il raconte l'\u00e9pisode dramatique de la d\u00e9portation de Simone Veil dans ce camp allemand durant la deuxi\u00e8me guerre mondiale. \u00a0Un documentaire poignant et saisissant \u00e0 d\u00e9couvrir absolument. \u00a0Projections en\u2026","rel":"","context":"Dans &quot;Bande annonce&quot;","img":{"alt_text":"","src":"https:\/\/i0.wp.com\/av.arbeaumont.eu\/wp-content\/uploads\/2018\/04\/Papleux-reportage-Auschwitz-2-2.jpg?resize=350%2C200&ssl=1","width":350,"height":200},"classes":[]},{"id":946,"url":"https:\/\/av.arbeaumont.eu\/index.php\/2018\/06\/11\/les-eleves-de-5e-exposent-leurs-photos-sur-auschwitz\/","url_meta":{"origin":705,"position":2},"title":"Les \u00e9l\u00e8ves de 5e exposent leurs photos sur Auschwitz","date":"11 juin 2018","format":false,"excerpt":"Outre le documentaire consacr\u00e9 \u00e0 la d\u00e9portation de Simone Veil \u00e0 Auschwitz, les \u00e9l\u00e8ves de 5e ont \u00e9galement r\u00e9alis\u00e9 de nombreuses photos sur place, des clich\u00e9s parfois prenants et interpellants sur cet ancien camp d'extermination. Ils ont aussi voulu rendre compte de leur travail sur place en r\u00e9alisant un making\u2026","rel":"","context":"Dans &quot;Photos&quot;","img":{"alt_text":"","src":"https:\/\/i0.wp.com\/av.arbeaumont.eu\/wp-content\/uploads\/2018\/06\/Auschwitz-22.jpg?resize=350%2C200&ssl=1","width":350,"height":200},"classes":[]},{"id":776,"url":"https:\/\/av.arbeaumont.eu\/index.php\/2018\/06\/11\/telesambre-parle-du-documentaire-sur-auschwitz\/","url_meta":{"origin":705,"position":3},"title":"T\u00e9l\u00e9sambre met le documentaire sur Auschwitz \u00e0 l&rsquo;honneur","date":"11 juin 2018","format":false,"excerpt":"Chouette reportage aujourd'hui dans le journal de T\u00e9l\u00e9sambre \u00e0 propos du reportage r\u00e9alis\u00e9 par les 5TTR \u00e0 Auschwitz. \u00a0Plusieurs extraits du documentaires ont \u00e9t\u00e9 repris int\u00e9gralement dans le reportage. \u00a0Une belle r\u00e9compense \u00e0 nouveau pour la section. Lien vers le reportage de T\u00e9l\u00e9sambre Voici quelques photos du tournage.","rel":"","context":"Dans &quot;La section audiovisuelle dans les m\u00e9dias&quot;","img":{"alt_text":"","src":"https:\/\/i0.wp.com\/av.arbeaumont.eu\/wp-content\/uploads\/2018\/05\/Reportage-4.jpg?resize=350%2C200&ssl=1","width":350,"height":200},"classes":[]},{"id":733,"url":"https:\/\/av.arbeaumont.eu\/index.php\/2018\/05\/31\/a-paris-dans-les-pas-de-simone-veil\/","url_meta":{"origin":705,"position":4},"title":"A Paris, dans les pas de Simone Veil","date":"31 mai 2018","format":false,"excerpt":"Apr\u00e8s sa d\u00e9portation \u00e0 Auschwitz, Simone Veil est rentr\u00e9e \u00e0 Paris o\u00f9 elle a entam\u00e9 des \u00e9tudes universitaires en sciences politiques et \u00e0 la Sorbonne. \u00a0Son parcours l'am\u00e8nera \u00e0 l'Assembl\u00e9e nationale o\u00f9 elle m\u00e8nera de nombreux combats. \u00a0En collaboration avec les \u00e9l\u00e8ves d'histoire, nous avons retrac\u00e9 son parcours dans les\u2026","rel":"","context":"Dans &quot;Documentaires&quot;","img":{"alt_text":"","src":"https:\/\/i0.wp.com\/av.arbeaumont.eu\/wp-content\/uploads\/2018\/05\/DSC_0017.jpg?resize=350%2C200&ssl=1","width":350,"height":200},"classes":[]},{"id":2846,"url":"https:\/\/av.arbeaumont.eu\/index.php\/2023\/02\/22\/ca-tourne-simone\/","url_meta":{"origin":705,"position":5},"title":"\u00c7a tourne Simone !","date":"22 f\u00e9vrier 2023","format":false,"excerpt":"D\u00e9couvrez le documentaire que T\u00e9l\u00e9sambre a consacr\u00e9 \u00e0 notre mini entreprise en 2023. 2O minutes pour tout savoir sur le projet, \u00e9couter les r\u00e9actions des \u00e9l\u00e8ves et des profs ainsi que la coordinatrice des Jeunes entreprises. https:\/\/www.telesambre.be\/c-decouvrir-ca-tourne-simone-l-athenee-de-beaumont?fbclid=IwAR243Nih8z3U7eLHDeotb6bwLBB8GOoyIgTsmYA5DLacXyymrxJKL5FEiXA","rel":"","context":"Dans &quot;\u00c7a tourne Simone!&quot;","img":{"alt_text":"","src":"https:\/\/i0.wp.com\/av.arbeaumont.eu\/wp-content\/uploads\/2023\/02\/Capture-decran-2023-02-19-a-16.01.56.jpg?resize=350%2C200&ssl=1","width":350,"height":200},"classes":[]}],"amp_enabled":true,"_links":{"self":[{"href":"https:\/\/av.arbeaumont.eu\/index.php\/wp-json\/wp\/v2\/posts\/705","targetHints":{"allow":["GET"]}}],"collection":[{"href":"https:\/\/av.arbeaumont.eu\/index.php\/wp-json\/wp\/v2\/posts"}],"about":[{"href":"https:\/\/av.arbeaumont.eu\/index.php\/wp-json\/wp\/v2\/types\/post"}],"author":[{"embeddable":true,"href":"https:\/\/av.arbeaumont.eu\/index.php\/wp-json\/wp\/v2\/users\/1"}],"replies":[{"embeddable":true,"href":"https:\/\/av.arbeaumont.eu\/index.php\/wp-json\/wp\/v2\/comments?post=705"}],"version-history":[{"count":4,"href":"https:\/\/av.arbeaumont.eu\/index.php\/wp-json\/wp\/v2\/posts\/705\/revisions"}],"predecessor-version":[{"id":1176,"href":"https:\/\/av.arbeaumont.eu\/index.php\/wp-json\/wp\/v2\/posts\/705\/revisions\/1176"}],"wp:featuredmedia":[{"embeddable":true,"href":"https:\/\/av.arbeaumont.eu\/index.php\/wp-json\/wp\/v2\/media\/706"}],"wp:attachment":[{"href":"https:\/\/av.arbeaumont.eu\/index.php\/wp-json\/wp\/v2\/media?parent=705"}],"wp:term":[{"taxonomy":"category","embeddable":true,"href":"https:\/\/av.arbeaumont.eu\/index.php\/wp-json\/wp\/v2\/categories?post=705"},{"taxonomy":"post_tag","embeddable":true,"href":"https:\/\/av.arbeaumont.eu\/index.php\/wp-json\/wp\/v2\/tags?post=705"}],"curies":[{"name":"wp","href":"https:\/\/api.w.org\/{rel}","templated":true}]}}